{"id":1678,"date":"2025-11-07T11:57:16","date_gmt":"2025-11-07T11:57:16","guid":{"rendered":"https:\/\/mhspv-marzahn-2025.webdesign-schwaben.de\/?p=1678"},"modified":"2026-04-15T10:54:18","modified_gmt":"2026-04-15T10:54:18","slug":"sonderausstellung-im-brechthaus-von-augsburg-in-die-niederlande-hein-kohn-1907-1979-brechtfreund-legendaerer-exilverleger-literaturagent-und-kulturvermittler","status":"publish","type":"post","link":"https:\/\/www.tuecher-buecher.de\/index.php\/2025\/11\/07\/sonderausstellung-im-brechthaus-von-augsburg-in-die-niederlande-hein-kohn-1907-1979-brechtfreund-legendaerer-exilverleger-literaturagent-und-kulturvermittler\/","title":{"rendered":"Sonderausstellung im Brechthaus: Von Augsburg in die Niederlande: Hein Kohn (1907 \u2013 1979). Brechtfreund, legend\u00e4rer Exilverleger, Literaturagent und Kulturvermittler"},"content":{"rendered":"\n<div class=\"et_pb_section_0 et_pb_section et_section_regular et_block_section\"><div class=\"et_pb_row_0 et_pb_row et_block_row\"><div class=\"et_pb_column_0 et_pb_column et_pb_column_2_5 et_block_column et_pb_css_mix_blend_mode_passthrough\"><div class=\"et_pb_text_0 et_pb_text et_pb_bg_layout_light et_pb_module et_block_module\"><div class=\"et_pb_text_inner\"><h1 style=\"text-align: center;\">vom 13. 02. bis 31.12. 2026 im \"Brechthaus\" in Augsburg<\/h1>\n<\/div><\/div><div class=\"et_pb_image_0 et_pb_image et_pb_module et_block_module\"><a href=\"https:\/\/www.tuecher-buecher.de\/wp-content\/uploads\/2026\/01\/Plakat-1l-dunkel-Ausstellung.jpg\" class=\"et_pb_lightbox_image\"><span class=\"et_pb_image_wrap\"><img loading=\"lazy\" decoding=\"async\" src=\"https:\/\/www.tuecher-buecher.de\/wp-content\/uploads\/2026\/01\/Plakat-1l-dunkel-Ausstellung.jpg\" width=\"1507\" height=\"2000\" srcset=\"https:\/\/www.tuecher-buecher.de\/wp-content\/uploads\/2026\/01\/Plakat-1l-dunkel-Ausstellung.jpg 1507w, https:\/\/www.tuecher-buecher.de\/wp-content\/uploads\/2026\/01\/Plakat-1l-dunkel-Ausstellung-1280x1699.jpg 1280w, https:\/\/www.tuecher-buecher.de\/wp-content\/uploads\/2026\/01\/Plakat-1l-dunkel-Ausstellung-980x1301.jpg 980w, https:\/\/www.tuecher-buecher.de\/wp-content\/uploads\/2026\/01\/Plakat-1l-dunkel-Ausstellung-480x637.jpg 480w\" sizes=\"(min-width: 0px) and (max-width: 480px) 480px, (min-width: 481px) and (max-width: 980px) 980px, (min-width: 981px) and (max-width: 1280px) 1280px, (min-width: 1281px) 1507px, 100vw\" class=\"wp-image-1889\" title=\"Plakat-1l-dunkel-Ausstellung\" \/><\/span><\/a><\/div><div class=\"et_pb_text_1 et_pb_text et_pb_bg_layout_light et_pb_module et_block_module\"><div class=\"et_pb_text_inner\"><p class=\"p1\"><span style=\"text-decoration: underline;\">Kuratorin:<\/span><br \/><strong>Dr. Ingvild Richardsen<\/strong><\/p>\n<p class=\"p1\"><span style=\"text-decoration: underline;\">Ausstellungsgestaltung:<\/span><br \/><strong>Markus Komposch und Christoph Komposch<\/strong><br \/>von der Medienagentur <strong>creativeJAM GbR<\/strong><br \/><a href=\"https:\/\/www.creativejam.de\" target=\"_blank\" rel=\"noopener\">www.creativejam.de<\/a><\/p>\n<p class=\"p1\"><span style=\"text-decoration: underline;\">Medienpartner:<\/span><br \/>Literatur Radio H\u00f6rbahn<\/p>\n<\/div><\/div><div class=\"et_pb_image_1 et_pb_image et_pb_module et_block_module\"><a href=\"https:\/\/www.tuecher-buecher.de\/wp-content\/uploads\/2026\/02\/Logos-creativeJAM-und-Literaturradio-Hoerbahn.png\" class=\"et_pb_lightbox_image\"><span class=\"et_pb_image_wrap\"><img loading=\"lazy\" decoding=\"async\" src=\"https:\/\/www.tuecher-buecher.de\/wp-content\/uploads\/2026\/02\/Logos-creativeJAM-und-Literaturradio-Hoerbahn.png\" width=\"2000\" height=\"502\" srcset=\"https:\/\/www.tuecher-buecher.de\/wp-content\/uploads\/2026\/02\/Logos-creativeJAM-und-Literaturradio-Hoerbahn.png 2000w, https:\/\/www.tuecher-buecher.de\/wp-content\/uploads\/2026\/02\/Logos-creativeJAM-und-Literaturradio-Hoerbahn-1280x321.png 1280w, https:\/\/www.tuecher-buecher.de\/wp-content\/uploads\/2026\/02\/Logos-creativeJAM-und-Literaturradio-Hoerbahn-980x246.png 980w, https:\/\/www.tuecher-buecher.de\/wp-content\/uploads\/2026\/02\/Logos-creativeJAM-und-Literaturradio-Hoerbahn-480x120.png 480w\" sizes=\"(min-width: 0px) and (max-width: 480px) 480px, (min-width: 481px) and (max-width: 980px) 980px, (min-width: 981px) and (max-width: 1280px) 1280px, (min-width: 1281px) 2000px, 100vw\" class=\"wp-image-1976\" title=\"Logos creativeJAM-und-Literaturradio-Hoerbahn\" \/><\/span><\/a><\/div><\/div><div class=\"et_pb_column_1 et_pb_column et_pb_column_3_5 et-last-child et_block_column et_pb_css_mix_blend_mode_passthrough\"><div class=\"et_pb_text_2 et_pb_text et_pb_bg_layout_light et_pb_module et_block_module\"><div class=\"et_pb_text_inner\"><h1 class=\"p1\" style=\"text-align: center;\">\"T\u00dcCHER UND B\u00dcCHER\"<\/h1>\n<\/div><\/div><div class=\"et_pb_image_2 et_pb_image et_pb_module et_block_module\"><a href=\"https:\/\/www.tuecher-buecher.de\/wp-content\/uploads\/2026\/02\/Logo-von-Hein-Kohns-Literaturagentur-Kopie.png\" class=\"et_pb_lightbox_image\"><span class=\"et_pb_image_wrap\"><img loading=\"lazy\" decoding=\"async\" src=\"https:\/\/www.tuecher-buecher.de\/wp-content\/uploads\/2026\/02\/Logo-von-Hein-Kohns-Literaturagentur-Kopie.png\" width=\"1788\" height=\"1866\" srcset=\"https:\/\/www.tuecher-buecher.de\/wp-content\/uploads\/2026\/02\/Logo-von-Hein-Kohns-Literaturagentur-Kopie.png 1788w, https:\/\/www.tuecher-buecher.de\/wp-content\/uploads\/2026\/02\/Logo-von-Hein-Kohns-Literaturagentur-Kopie-1280x1336.png 1280w, https:\/\/www.tuecher-buecher.de\/wp-content\/uploads\/2026\/02\/Logo-von-Hein-Kohns-Literaturagentur-Kopie-980x1023.png 980w, https:\/\/www.tuecher-buecher.de\/wp-content\/uploads\/2026\/02\/Logo-von-Hein-Kohns-Literaturagentur-Kopie-480x501.png 480w\" sizes=\"(min-width: 0px) and (max-width: 480px) 480px, (min-width: 481px) and (max-width: 980px) 980px, (min-width: 981px) and (max-width: 1280px) 1280px, (min-width: 1281px) 1788px, 100vw\" class=\"wp-image-1969\" title=\"Logo von Hein Kohns Literaturagentur Kopie\" \/><\/span><\/a><\/div><div class=\"et_pb_text_3 et_pb_text et_pb_bg_layout_light et_pb_module et_block_module\"><div class=\"et_pb_text_inner\"><p class=\"p1\">Hein Kohn, 1907 in Augsburg geboren, Enkel des (ju\u0308dischen) Tuchmachers Samuel Kohn, (dessen Ansiedlung 1836 der bayerische K\u00f6nig erlaubte) und Sohn des wohlhabenden Augsburger Kaufmanns und Agenten Eugen Kohn, absolviert in Augsburg erst eine Lehre in der Textilbranche, bevor er Volont\u00e4r in der beru\u0308hmten Augsburger Buchhandlung Lampart &amp; Comp wird. Dort lernt er Bert Brecht kennen, dem er immer wieder Bu\u0308cher ausleiht. An der Buchh\u00e4ndlerschule in Leipzig wird Kohn politisch aktiv. Am 5. Mai 1933 \u2013 fu\u0308nf Tage vor der Bu\u0308cherverbrennung \u2013 flu\u0308chtet er ins Exil nach Hilversum zu seinem Augsburger Freund Paul Baumg\u00e4rtner. In Hilversum arbeitet Kohn fu\u0308r den sozialistischen Arbeiterrundfunk VARA. Mit dem gleichfalls nach Hilversum geflu\u0308chteten S\u00e4nger und Schauspieler Ernst Busch tingelt er fu\u0308r VARA mit einem Unterhaltungsprogramm durch die Niederlande: Busch singt Brechts \u201eSolidarit\u00e4tslied\u201c auf Niederl\u00e4ndisch, Kohn druckt und verkauft es.<\/p>\n<p class=\"p1\"><span class=\"s1\">Noch 1933 gru\u0308ndet Kohn <\/span>in Hilversum seinen ersten Verlag \u201eBoekenvrienden Solidariteit\u201c. Auf Niederl\u00e4ndisch druckt und verlegt er, was in Deutschland verbrannt und verbannt wurde. \u201eBrandende Woorden uit Duitschland\u201c (Brennende Worte aus Deutschland), der erste Titel, ist sofort ausverkauft. 1939 publiziert Kohn Brechts \u201eDreigroschenroman\u201c in seinem Verlag \u201eHet Nederlandsche Boekengilde\u201c. 1940, nach der Besetzung der Niederlande durch das NS-Regime, ist Kohn in permanenter Lebensgefahr, seine verlegerischen Aktivit\u00e4ten setzt er im Untergrund fort. 1951 gru\u0308ndet er eine bis heute bestehende legend\u00e4re Literaturagentur: \u201eInternationaal Literatuur Bureau B.V.\u201c, deren Netzwerk bald um die ganze Welt reicht. Die Agentur wird, nachdem Hein Kohns Sohn Menno sie 1970 u\u0308bernommen hatte, heute in dritter Generation von seiner Enkelin Linda Kohn gefu\u0308hrt.<\/p>\n<p class=\"p1\">\u201eInternationaal Literatuur Bureau B.V.\u201c feiert 2026 das 75-j\u00e4hrige Bestehen. Der Schriftsteller Rolf Hochhuth bezeichnete Hein Kohn als den \u201eKurier des deutschen Geistes in Holland\u201c.<\/p>\n<p class=\"p1\">Auch wenn Hein Kohn bis zum Ende seines Lebens in Hilversum lebte, blieb er seiner Heimatstadt doch eng verbunden. Das Logo fu\u0308r seine Agentur gestaltete 1951 der Augsburger Grafiker Eugen Nerdinger. In den 1970er Jahren beauftragte Kohn den bekannten St\u00e4dtemaler Ernst Metz mit einem Gem\u00e4lde von Augsburgs Innenstadt. Dieses Gem\u00e4lde steht im Rahmen der Ausstellung \u201eTu\u0308cher und Bu\u0308cher\u201c zum Verkauf. In der Ausstellung sind daru\u0308ber hinaus spannende Objekte aus Augsburg und den Niederlanden zu sehen, darunter auch solche zu Bert Brecht.<\/p>\n<p class=\"p1\">Zur Ausstellung erscheint ein Begleitbuch der Kuratorin Dr. Ingvild Richardsen im Volk Verlag in Mu\u0308nchen.<\/p>\n<\/div><\/div><\/div><\/div><div class=\"et_pb_row_1 et_pb_row et_block_row\"><div class=\"et_pb_column_2 et_pb_column et_pb_column_3_5 et_block_column et_pb_css_mix_blend_mode_passthrough\"><div class=\"et_pb_text_4 et_pb_text et_pb_bg_layout_light et_pb_module et_block_module\"><div class=\"et_pb_text_inner\"><p><span style=\"text-decoration: underline;\"><strong>Ausstellung und Buch werden gef\u00f6rdert von:<\/p>\n<p><\/strong><\/span><\/p>\n<ul>\n<li>Ilse Blank-Mezger-Hesselberger Stiftung<\/li>\n<li>Dr. Eugen Liedl Stiftung Hubertus Altgelt-Stiftung<\/li>\n<li>Peter Dornier-Stiftung Kurt und Felicitas Viermetz Stiftung<\/li>\n<li>Bezirk Schwaben<\/li>\n<li>Bayerische Landeszentrale fu\u0308r politische Bildungsarbeit<\/li>\n<li>Netzwerk ju\u0308dische Geschichte und Kultur in Bay.-Schwaben e.V.<\/li>\n<\/ul>\n<\/div><\/div><div class=\"et_pb_image_3 et_pb_image et_pb_module et_block_module\"><a href=\"https:\/\/www.tuecher-buecher.de\/wp-content\/uploads\/2026\/02\/Foerderer-Logos.png\" class=\"et_pb_lightbox_image\"><span class=\"et_pb_image_wrap\"><img loading=\"lazy\" decoding=\"async\" src=\"https:\/\/www.tuecher-buecher.de\/wp-content\/uploads\/2026\/02\/Foerderer-Logos.png\" width=\"2000\" height=\"730\" srcset=\"https:\/\/www.tuecher-buecher.de\/wp-content\/uploads\/2026\/02\/Foerderer-Logos.png 2000w, https:\/\/www.tuecher-buecher.de\/wp-content\/uploads\/2026\/02\/Foerderer-Logos-1280x467.png 1280w, https:\/\/www.tuecher-buecher.de\/wp-content\/uploads\/2026\/02\/Foerderer-Logos-980x358.png 980w, https:\/\/www.tuecher-buecher.de\/wp-content\/uploads\/2026\/02\/Foerderer-Logos-480x175.png 480w\" sizes=\"(min-width: 0px) and (max-width: 480px) 480px, (min-width: 481px) and (max-width: 980px) 980px, (min-width: 981px) and (max-width: 1280px) 1280px, (min-width: 1281px) 2000px, 100vw\" class=\"wp-image-1970\" title=\"Foerderer-Logos\" \/><\/span><\/a><\/div><\/div><div class=\"et_pb_column_3 et_pb_column et_pb_column_2_5 et-last-child et_block_column et_pb_css_mix_blend_mode_passthrough\"><div class=\"et_pb_image_4 et_pb_image et_pb_module et_block_module\"><a href=\"https:\/\/www.tuecher-buecher.de\/wp-content\/uploads\/2026\/02\/Cover_Buch_Tuecher-und-Buecher.png\" class=\"et_pb_lightbox_image\"><span class=\"et_pb_image_wrap\"><img loading=\"lazy\" decoding=\"async\" src=\"https:\/\/www.tuecher-buecher.de\/wp-content\/uploads\/2026\/02\/Cover_Buch_Tuecher-und-Buecher.png\" width=\"1434\" height=\"2000\" srcset=\"https:\/\/www.tuecher-buecher.de\/wp-content\/uploads\/2026\/02\/Cover_Buch_Tuecher-und-Buecher.png 1434w, https:\/\/www.tuecher-buecher.de\/wp-content\/uploads\/2026\/02\/Cover_Buch_Tuecher-und-Buecher-1280x1785.png 1280w, https:\/\/www.tuecher-buecher.de\/wp-content\/uploads\/2026\/02\/Cover_Buch_Tuecher-und-Buecher-980x1367.png 980w, https:\/\/www.tuecher-buecher.de\/wp-content\/uploads\/2026\/02\/Cover_Buch_Tuecher-und-Buecher-480x669.png 480w\" sizes=\"(min-width: 0px) and (max-width: 480px) 480px, (min-width: 481px) and (max-width: 980px) 980px, (min-width: 981px) and (max-width: 1280px) 1280px, (min-width: 1281px) 1434px, 100vw\" class=\"wp-image-1971\" title=\"Cover_Buch_Tuecher-und-Buecher\" \/><\/span><\/a><\/div><\/div><\/div><div class=\"et_pb_row_2 et_pb_row et_block_row et_animated\"><div class=\"et_pb_column_4 et_pb_column et_pb_column_1_3 et_block_column et_pb_css_mix_blend_mode_passthrough\"><div class=\"et_pb_image_5 et_pb_image et_pb_module et_block_module\"><a href=\"https:\/\/www.tuecher-buecher.de\/wp-content\/uploads\/2026\/02\/Foto-von-Hein-Kohn_Aelter-Kopie.png\" class=\"et_pb_lightbox_image\"><span class=\"et_pb_image_wrap\"><img loading=\"lazy\" decoding=\"async\" src=\"https:\/\/www.tuecher-buecher.de\/wp-content\/uploads\/2026\/02\/Foto-von-Hein-Kohn_Aelter-Kopie.png\" width=\"1460\" height=\"2000\" srcset=\"https:\/\/www.tuecher-buecher.de\/wp-content\/uploads\/2026\/02\/Foto-von-Hein-Kohn_Aelter-Kopie.png 1460w, https:\/\/www.tuecher-buecher.de\/wp-content\/uploads\/2026\/02\/Foto-von-Hein-Kohn_Aelter-Kopie-1280x1753.png 1280w, https:\/\/www.tuecher-buecher.de\/wp-content\/uploads\/2026\/02\/Foto-von-Hein-Kohn_Aelter-Kopie-980x1342.png 980w, https:\/\/www.tuecher-buecher.de\/wp-content\/uploads\/2026\/02\/Foto-von-Hein-Kohn_Aelter-Kopie-480x658.png 480w\" sizes=\"(min-width: 0px) and (max-width: 480px) 480px, (min-width: 481px) and (max-width: 980px) 980px, (min-width: 981px) and (max-width: 1280px) 1280px, (min-width: 1281px) 1460px, 100vw\" class=\"wp-image-1966\" title=\"Foto von Hein Kohn_Aelter Kopie\" \/><\/span><\/a><\/div><div class=\"et_pb_text_5 et_pb_text et_pb_bg_layout_light et_pb_module et_block_module\"><div class=\"et_pb_text_inner\"><p>Hein Kohn<\/p>\n<\/div><\/div><\/div><div class=\"et_pb_column_5 et_pb_column et_pb_column_1_3 et_block_column et_pb_css_mix_blend_mode_passthrough\"><div class=\"et_pb_image_6 et_pb_image et_pb_module et_block_module\"><a href=\"https:\/\/www.tuecher-buecher.de\/wp-content\/uploads\/2026\/02\/Menno-Kohn-Kopie-5.png\" class=\"et_pb_lightbox_image\"><span class=\"et_pb_image_wrap\"><img loading=\"lazy\" decoding=\"async\" src=\"https:\/\/www.tuecher-buecher.de\/wp-content\/uploads\/2026\/02\/Menno-Kohn-Kopie-5.png\" width=\"1248\" height=\"2000\" srcset=\"https:\/\/www.tuecher-buecher.de\/wp-content\/uploads\/2026\/02\/Menno-Kohn-Kopie-5.png 1248w, https:\/\/www.tuecher-buecher.de\/wp-content\/uploads\/2026\/02\/Menno-Kohn-Kopie-5-980x1571.png 980w, https:\/\/www.tuecher-buecher.de\/wp-content\/uploads\/2026\/02\/Menno-Kohn-Kopie-5-480x769.png 480w\" sizes=\"(min-width: 0px) and (max-width: 480px) 480px, (min-width: 481px) and (max-width: 980px) 980px, (min-width: 981px) 1248px, 100vw\" class=\"wp-image-1977\" title=\"Menno Kohn Kopie 5\" \/><\/span><\/a><\/div><div class=\"et_pb_text_6 et_pb_text et_pb_bg_layout_light et_pb_module et_block_module\"><div class=\"et_pb_text_inner\"><p>Menno Kohn<\/p>\n<\/div><\/div><\/div><div class=\"et_pb_column_6 et_pb_column et_pb_column_1_3 et-last-child et_block_column et_pb_css_mix_blend_mode_passthrough\"><div class=\"et_pb_image_7 et_pb_image et_pb_module et_block_module\"><a href=\"https:\/\/www.tuecher-buecher.de\/wp-content\/uploads\/2026\/02\/Linda-Kohn.png\" class=\"et_pb_lightbox_image\"><span class=\"et_pb_image_wrap\"><img loading=\"lazy\" decoding=\"async\" src=\"https:\/\/www.tuecher-buecher.de\/wp-content\/uploads\/2026\/02\/Linda-Kohn.png\" width=\"1532\" height=\"2000\" srcset=\"https:\/\/www.tuecher-buecher.de\/wp-content\/uploads\/2026\/02\/Linda-Kohn.png 1532w, https:\/\/www.tuecher-buecher.de\/wp-content\/uploads\/2026\/02\/Linda-Kohn-1280x1671.png 1280w, https:\/\/www.tuecher-buecher.de\/wp-content\/uploads\/2026\/02\/Linda-Kohn-980x1279.png 980w, https:\/\/www.tuecher-buecher.de\/wp-content\/uploads\/2026\/02\/Linda-Kohn-480x627.png 480w\" sizes=\"(min-width: 0px) and (max-width: 480px) 480px, (min-width: 481px) and (max-width: 980px) 980px, (min-width: 981px) and (max-width: 1280px) 1280px, (min-width: 1281px) 1532px, 100vw\" class=\"wp-image-1968\" title=\"Linda Kohn\" \/><\/span><\/a><\/div><div class=\"et_pb_text_7 et_pb_text et_pb_bg_layout_light et_pb_module et_block_module\"><div class=\"et_pb_text_inner\"><p>Drs. Linda Kohn<\/p>\n<\/div><\/div><\/div><\/div><\/div>\n","protected":false},"excerpt":{"rendered":"<p>&#8222;T\u00fccher und B\u00fccher&#8220; &#8211; Hein Kohn, 1907 in Augsburg geboren, Enkel des (ju\u0308dischen) Tuchmachers Samuel Kohn&#8230;<\/p>\n","protected":false},"author":1,"featured_media":1975,"comment_status":"closed","ping_status":"closed","sticky":false,"template":"","format":"standard","meta":{"footnotes":""},"categories":[52],"tags":[],"class_list":["post-1678","post","type-post","status-publish","format-standard","has-post-thumbnail","hentry","category-aktuelles"],"yoast_head":"<!-- This site is optimized with the Yoast SEO plugin v27.4 - https:\/\/yoast.com\/product\/yoast-seo-wordpress\/ -->\n<title>Sonderausstellung im Brechthaus: Von Augsburg in die Niederlande: Hein Kohn (1907 \u2013 1979). Brechtfreund, legend\u00e4rer Exilverleger, Literaturagent und Kulturvermittler - T\u00fccher und B\u00fccher<\/title>\n<meta name=\"robots\" content=\"index, follow, max-snippet:-1, max-image-preview:large, max-video-preview:-1\" \/>\n<link rel=\"canonical\" href=\"https:\/\/www.tuecher-buecher.de\/index.php\/2025\/11\/07\/sonderausstellung-im-brechthaus-von-augsburg-in-die-niederlande-hein-kohn-1907-1979-brechtfreund-legendaerer-exilverleger-literaturagent-und-kulturvermittler\/\" \/>\n<meta property=\"og:locale\" content=\"de_DE\" \/>\n<meta property=\"og:type\" content=\"article\" \/>\n<meta property=\"og:title\" content=\"Sonderausstellung im Brechthaus: Von Augsburg in die Niederlande: Hein Kohn (1907 \u2013 1979). Brechtfreund, legend\u00e4rer Exilverleger, Literaturagent und Kulturvermittler - T\u00fccher und B\u00fccher\" \/>\n<meta property=\"og:description\" content=\"&quot;T\u00fccher und B\u00fccher&quot; - Hein Kohn, 1907 in Augsburg geboren, Enkel des (ju\u0308dischen) Tuchmachers Samuel Kohn...\" \/>\n<meta property=\"og:url\" content=\"https:\/\/www.tuecher-buecher.de\/index.php\/2025\/11\/07\/sonderausstellung-im-brechthaus-von-augsburg-in-die-niederlande-hein-kohn-1907-1979-brechtfreund-legendaerer-exilverleger-literaturagent-und-kulturvermittler\/\" \/>\n<meta property=\"og:site_name\" content=\"T\u00fccher und B\u00fccher\" \/>\n<meta property=\"article:published_time\" content=\"2025-11-07T11:57:16+00:00\" \/>\n<meta property=\"article:modified_time\" content=\"2026-04-15T10:54:18+00:00\" \/>\n<meta property=\"og:image\" content=\"https:\/\/www.tuecher-buecher.de\/wp-content\/uploads\/2026\/02\/PHOTO-2026-01-13-10-09-35-Kopie-2-853x1024.png\" \/>\n\t<meta property=\"og:image:width\" content=\"853\" \/>\n\t<meta property=\"og:image:height\" content=\"1024\" \/>\n\t<meta property=\"og:image:type\" content=\"image\/png\" \/>\n<meta name=\"author\" content=\"admin\" \/>\n<meta name=\"twitter:card\" content=\"summary_large_image\" \/>\n<meta name=\"twitter:label1\" content=\"Geschrieben von\" \/>\n\t<meta name=\"twitter:data1\" content=\"admin\" \/>\n<script type=\"application\/ld+json\" class=\"yoast-schema-graph\">{\"@context\":\"https:\\\/\\\/schema.org\",\"@graph\":[{\"@type\":\"Article\",\"@id\":\"https:\\\/\\\/www.tuecher-buecher.de\\\/index.php\\\/2025\\\/11\\\/07\\\/sonderausstellung-im-brechthaus-von-augsburg-in-die-niederlande-hein-kohn-1907-1979-brechtfreund-legendaerer-exilverleger-literaturagent-und-kulturvermittler\\\/#article\",\"isPartOf\":{\"@id\":\"https:\\\/\\\/www.tuecher-buecher.de\\\/index.php\\\/2025\\\/11\\\/07\\\/sonderausstellung-im-brechthaus-von-augsburg-in-die-niederlande-hein-kohn-1907-1979-brechtfreund-legendaerer-exilverleger-literaturagent-und-kulturvermittler\\\/\"},\"author\":{\"name\":\"admin\",\"@id\":\"https:\\\/\\\/www.tuecher-buecher.de\\\/#\\\/schema\\\/person\\\/9f0102919684cf0e9671aec8a68b883a\"},\"headline\":\"Sonderausstellung im Brechthaus: Von Augsburg in die Niederlande: Hein Kohn (1907 \u2013 1979). Brechtfreund, legend\u00e4rer Exilverleger, Literaturagent und Kulturvermittler\",\"datePublished\":\"2025-11-07T11:57:16+00:00\",\"dateModified\":\"2026-04-15T10:54:18+00:00\",\"mainEntityOfPage\":{\"@id\":\"https:\\\/\\\/www.tuecher-buecher.de\\\/index.php\\\/2025\\\/11\\\/07\\\/sonderausstellung-im-brechthaus-von-augsburg-in-die-niederlande-hein-kohn-1907-1979-brechtfreund-legendaerer-exilverleger-literaturagent-und-kulturvermittler\\\/\"},\"wordCount\":17,\"publisher\":{\"@id\":\"https:\\\/\\\/www.tuecher-buecher.de\\\/#organization\"},\"image\":{\"@id\":\"https:\\\/\\\/www.tuecher-buecher.de\\\/index.php\\\/2025\\\/11\\\/07\\\/sonderausstellung-im-brechthaus-von-augsburg-in-die-niederlande-hein-kohn-1907-1979-brechtfreund-legendaerer-exilverleger-literaturagent-und-kulturvermittler\\\/#primaryimage\"},\"thumbnailUrl\":\"https:\\\/\\\/www.tuecher-buecher.de\\\/wp-content\\\/uploads\\\/2026\\\/02\\\/PHOTO-2026-01-13-10-09-35-Kopie-2.png\",\"articleSection\":[\"Aktuelles\"],\"inLanguage\":\"de\"},{\"@type\":\"WebPage\",\"@id\":\"https:\\\/\\\/www.tuecher-buecher.de\\\/index.php\\\/2025\\\/11\\\/07\\\/sonderausstellung-im-brechthaus-von-augsburg-in-die-niederlande-hein-kohn-1907-1979-brechtfreund-legendaerer-exilverleger-literaturagent-und-kulturvermittler\\\/\",\"url\":\"https:\\\/\\\/www.tuecher-buecher.de\\\/index.php\\\/2025\\\/11\\\/07\\\/sonderausstellung-im-brechthaus-von-augsburg-in-die-niederlande-hein-kohn-1907-1979-brechtfreund-legendaerer-exilverleger-literaturagent-und-kulturvermittler\\\/\",\"name\":\"Sonderausstellung im Brechthaus: Von Augsburg in die Niederlande: Hein Kohn (1907 \u2013 1979). Brechtfreund, legend\u00e4rer Exilverleger, Literaturagent und Kulturvermittler - T\u00fccher und B\u00fccher\",\"isPartOf\":{\"@id\":\"https:\\\/\\\/www.tuecher-buecher.de\\\/#website\"},\"primaryImageOfPage\":{\"@id\":\"https:\\\/\\\/www.tuecher-buecher.de\\\/index.php\\\/2025\\\/11\\\/07\\\/sonderausstellung-im-brechthaus-von-augsburg-in-die-niederlande-hein-kohn-1907-1979-brechtfreund-legendaerer-exilverleger-literaturagent-und-kulturvermittler\\\/#primaryimage\"},\"image\":{\"@id\":\"https:\\\/\\\/www.tuecher-buecher.de\\\/index.php\\\/2025\\\/11\\\/07\\\/sonderausstellung-im-brechthaus-von-augsburg-in-die-niederlande-hein-kohn-1907-1979-brechtfreund-legendaerer-exilverleger-literaturagent-und-kulturvermittler\\\/#primaryimage\"},\"thumbnailUrl\":\"https:\\\/\\\/www.tuecher-buecher.de\\\/wp-content\\\/uploads\\\/2026\\\/02\\\/PHOTO-2026-01-13-10-09-35-Kopie-2.png\",\"datePublished\":\"2025-11-07T11:57:16+00:00\",\"dateModified\":\"2026-04-15T10:54:18+00:00\",\"breadcrumb\":{\"@id\":\"https:\\\/\\\/www.tuecher-buecher.de\\\/index.php\\\/2025\\\/11\\\/07\\\/sonderausstellung-im-brechthaus-von-augsburg-in-die-niederlande-hein-kohn-1907-1979-brechtfreund-legendaerer-exilverleger-literaturagent-und-kulturvermittler\\\/#breadcrumb\"},\"inLanguage\":\"de\",\"potentialAction\":[{\"@type\":\"ReadAction\",\"target\":[\"https:\\\/\\\/www.tuecher-buecher.de\\\/index.php\\\/2025\\\/11\\\/07\\\/sonderausstellung-im-brechthaus-von-augsburg-in-die-niederlande-hein-kohn-1907-1979-brechtfreund-legendaerer-exilverleger-literaturagent-und-kulturvermittler\\\/\"]}]},{\"@type\":\"ImageObject\",\"inLanguage\":\"de\",\"@id\":\"https:\\\/\\\/www.tuecher-buecher.de\\\/index.php\\\/2025\\\/11\\\/07\\\/sonderausstellung-im-brechthaus-von-augsburg-in-die-niederlande-hein-kohn-1907-1979-brechtfreund-legendaerer-exilverleger-literaturagent-und-kulturvermittler\\\/#primaryimage\",\"url\":\"https:\\\/\\\/www.tuecher-buecher.de\\\/wp-content\\\/uploads\\\/2026\\\/02\\\/PHOTO-2026-01-13-10-09-35-Kopie-2.png\",\"contentUrl\":\"https:\\\/\\\/www.tuecher-buecher.de\\\/wp-content\\\/uploads\\\/2026\\\/02\\\/PHOTO-2026-01-13-10-09-35-Kopie-2.png\",\"width\":1666,\"height\":2000},{\"@type\":\"BreadcrumbList\",\"@id\":\"https:\\\/\\\/www.tuecher-buecher.de\\\/index.php\\\/2025\\\/11\\\/07\\\/sonderausstellung-im-brechthaus-von-augsburg-in-die-niederlande-hein-kohn-1907-1979-brechtfreund-legendaerer-exilverleger-literaturagent-und-kulturvermittler\\\/#breadcrumb\",\"itemListElement\":[{\"@type\":\"ListItem\",\"position\":1,\"name\":\"Home\",\"item\":\"https:\\\/\\\/www.tuecher-buecher.de\\\/\"},{\"@type\":\"ListItem\",\"position\":2,\"name\":\"Sonderausstellung im Brechthaus: Von Augsburg in die Niederlande: Hein Kohn (1907 \u2013 1979). Brechtfreund, legend\u00e4rer Exilverleger, Literaturagent und Kulturvermittler\"}]},{\"@type\":\"WebSite\",\"@id\":\"https:\\\/\\\/www.tuecher-buecher.de\\\/#website\",\"url\":\"https:\\\/\\\/www.tuecher-buecher.de\\\/\",\"name\":\"T\u00fccher und B\u00fccher\",\"description\":\"Die Sonderausstellung im Brechthaus\",\"publisher\":{\"@id\":\"https:\\\/\\\/www.tuecher-buecher.de\\\/#organization\"},\"potentialAction\":[{\"@type\":\"SearchAction\",\"target\":{\"@type\":\"EntryPoint\",\"urlTemplate\":\"https:\\\/\\\/www.tuecher-buecher.de\\\/?s={search_term_string}\"},\"query-input\":{\"@type\":\"PropertyValueSpecification\",\"valueRequired\":true,\"valueName\":\"search_term_string\"}}],\"inLanguage\":\"de\"},{\"@type\":\"Organization\",\"@id\":\"https:\\\/\\\/www.tuecher-buecher.de\\\/#organization\",\"name\":\"T\u00fccher und B\u00fccher\",\"url\":\"https:\\\/\\\/www.tuecher-buecher.de\\\/\",\"logo\":{\"@type\":\"ImageObject\",\"inLanguage\":\"de\",\"@id\":\"https:\\\/\\\/www.tuecher-buecher.de\\\/#\\\/schema\\\/logo\\\/image\\\/\",\"url\":\"https:\\\/\\\/www.tuecher-buecher.de\\\/wp-content\\\/uploads\\\/2026\\\/02\\\/favicon-Tuecher-und-Buecher.jpg\",\"contentUrl\":\"https:\\\/\\\/www.tuecher-buecher.de\\\/wp-content\\\/uploads\\\/2026\\\/02\\\/favicon-Tuecher-und-Buecher.jpg\",\"width\":600,\"height\":600,\"caption\":\"T\u00fccher und B\u00fccher\"},\"image\":{\"@id\":\"https:\\\/\\\/www.tuecher-buecher.de\\\/#\\\/schema\\\/logo\\\/image\\\/\"}},{\"@type\":\"Person\",\"@id\":\"https:\\\/\\\/www.tuecher-buecher.de\\\/#\\\/schema\\\/person\\\/9f0102919684cf0e9671aec8a68b883a\",\"name\":\"admin\",\"image\":{\"@type\":\"ImageObject\",\"inLanguage\":\"de\",\"@id\":\"https:\\\/\\\/secure.gravatar.com\\\/avatar\\\/875e90aaa320b724ef55902dcb50b509c0dc0c544690207354b9f79c323ec36e?s=96&d=mm&r=g\",\"url\":\"https:\\\/\\\/secure.gravatar.com\\\/avatar\\\/875e90aaa320b724ef55902dcb50b509c0dc0c544690207354b9f79c323ec36e?s=96&d=mm&r=g\",\"contentUrl\":\"https:\\\/\\\/secure.gravatar.com\\\/avatar\\\/875e90aaa320b724ef55902dcb50b509c0dc0c544690207354b9f79c323ec36e?s=96&d=mm&r=g\",\"caption\":\"admin\"},\"url\":\"https:\\\/\\\/www.tuecher-buecher.de\\\/index.php\\\/author\\\/creativejam\\\/\"}]}<\/script>\n<!-- \/ Yoast SEO plugin. -->","yoast_head_json":{"title":"Sonderausstellung im Brechthaus: Von Augsburg in die Niederlande: Hein Kohn (1907 \u2013 1979). Brechtfreund, legend\u00e4rer Exilverleger, Literaturagent und Kulturvermittler - T\u00fccher und B\u00fccher","robots":{"index":"index","follow":"follow","max-snippet":"max-snippet:-1","max-image-preview":"max-image-preview:large","max-video-preview":"max-video-preview:-1"},"canonical":"https:\/\/www.tuecher-buecher.de\/index.php\/2025\/11\/07\/sonderausstellung-im-brechthaus-von-augsburg-in-die-niederlande-hein-kohn-1907-1979-brechtfreund-legendaerer-exilverleger-literaturagent-und-kulturvermittler\/","og_locale":"de_DE","og_type":"article","og_title":"Sonderausstellung im Brechthaus: Von Augsburg in die Niederlande: Hein Kohn (1907 \u2013 1979). Brechtfreund, legend\u00e4rer Exilverleger, Literaturagent und Kulturvermittler - T\u00fccher und B\u00fccher","og_description":"\"T\u00fccher und B\u00fccher\" - Hein Kohn, 1907 in Augsburg geboren, Enkel des (ju\u0308dischen) Tuchmachers Samuel Kohn...","og_url":"https:\/\/www.tuecher-buecher.de\/index.php\/2025\/11\/07\/sonderausstellung-im-brechthaus-von-augsburg-in-die-niederlande-hein-kohn-1907-1979-brechtfreund-legendaerer-exilverleger-literaturagent-und-kulturvermittler\/","og_site_name":"T\u00fccher und B\u00fccher","article_published_time":"2025-11-07T11:57:16+00:00","article_modified_time":"2026-04-15T10:54:18+00:00","og_image":[{"width":853,"height":1024,"url":"https:\/\/www.tuecher-buecher.de\/wp-content\/uploads\/2026\/02\/PHOTO-2026-01-13-10-09-35-Kopie-2-853x1024.png","type":"image\/png"}],"author":"admin","twitter_card":"summary_large_image","twitter_misc":{"Geschrieben von":"admin"},"schema":{"@context":"https:\/\/schema.org","@graph":[{"@type":"Article","@id":"https:\/\/www.tuecher-buecher.de\/index.php\/2025\/11\/07\/sonderausstellung-im-brechthaus-von-augsburg-in-die-niederlande-hein-kohn-1907-1979-brechtfreund-legendaerer-exilverleger-literaturagent-und-kulturvermittler\/#article","isPartOf":{"@id":"https:\/\/www.tuecher-buecher.de\/index.php\/2025\/11\/07\/sonderausstellung-im-brechthaus-von-augsburg-in-die-niederlande-hein-kohn-1907-1979-brechtfreund-legendaerer-exilverleger-literaturagent-und-kulturvermittler\/"},"author":{"name":"admin","@id":"https:\/\/www.tuecher-buecher.de\/#\/schema\/person\/9f0102919684cf0e9671aec8a68b883a"},"headline":"Sonderausstellung im Brechthaus: Von Augsburg in die Niederlande: Hein Kohn (1907 \u2013 1979). Brechtfreund, legend\u00e4rer Exilverleger, Literaturagent und Kulturvermittler","datePublished":"2025-11-07T11:57:16+00:00","dateModified":"2026-04-15T10:54:18+00:00","mainEntityOfPage":{"@id":"https:\/\/www.tuecher-buecher.de\/index.php\/2025\/11\/07\/sonderausstellung-im-brechthaus-von-augsburg-in-die-niederlande-hein-kohn-1907-1979-brechtfreund-legendaerer-exilverleger-literaturagent-und-kulturvermittler\/"},"wordCount":17,"publisher":{"@id":"https:\/\/www.tuecher-buecher.de\/#organization"},"image":{"@id":"https:\/\/www.tuecher-buecher.de\/index.php\/2025\/11\/07\/sonderausstellung-im-brechthaus-von-augsburg-in-die-niederlande-hein-kohn-1907-1979-brechtfreund-legendaerer-exilverleger-literaturagent-und-kulturvermittler\/#primaryimage"},"thumbnailUrl":"https:\/\/www.tuecher-buecher.de\/wp-content\/uploads\/2026\/02\/PHOTO-2026-01-13-10-09-35-Kopie-2.png","articleSection":["Aktuelles"],"inLanguage":"de"},{"@type":"WebPage","@id":"https:\/\/www.tuecher-buecher.de\/index.php\/2025\/11\/07\/sonderausstellung-im-brechthaus-von-augsburg-in-die-niederlande-hein-kohn-1907-1979-brechtfreund-legendaerer-exilverleger-literaturagent-und-kulturvermittler\/","url":"https:\/\/www.tuecher-buecher.de\/index.php\/2025\/11\/07\/sonderausstellung-im-brechthaus-von-augsburg-in-die-niederlande-hein-kohn-1907-1979-brechtfreund-legendaerer-exilverleger-literaturagent-und-kulturvermittler\/","name":"Sonderausstellung im Brechthaus: Von Augsburg in die Niederlande: Hein Kohn (1907 \u2013 1979). Brechtfreund, legend\u00e4rer Exilverleger, Literaturagent und Kulturvermittler - T\u00fccher und B\u00fccher","isPartOf":{"@id":"https:\/\/www.tuecher-buecher.de\/#website"},"primaryImageOfPage":{"@id":"https:\/\/www.tuecher-buecher.de\/index.php\/2025\/11\/07\/sonderausstellung-im-brechthaus-von-augsburg-in-die-niederlande-hein-kohn-1907-1979-brechtfreund-legendaerer-exilverleger-literaturagent-und-kulturvermittler\/#primaryimage"},"image":{"@id":"https:\/\/www.tuecher-buecher.de\/index.php\/2025\/11\/07\/sonderausstellung-im-brechthaus-von-augsburg-in-die-niederlande-hein-kohn-1907-1979-brechtfreund-legendaerer-exilverleger-literaturagent-und-kulturvermittler\/#primaryimage"},"thumbnailUrl":"https:\/\/www.tuecher-buecher.de\/wp-content\/uploads\/2026\/02\/PHOTO-2026-01-13-10-09-35-Kopie-2.png","datePublished":"2025-11-07T11:57:16+00:00","dateModified":"2026-04-15T10:54:18+00:00","breadcrumb":{"@id":"https:\/\/www.tuecher-buecher.de\/index.php\/2025\/11\/07\/sonderausstellung-im-brechthaus-von-augsburg-in-die-niederlande-hein-kohn-1907-1979-brechtfreund-legendaerer-exilverleger-literaturagent-und-kulturvermittler\/#breadcrumb"},"inLanguage":"de","potentialAction":[{"@type":"ReadAction","target":["https:\/\/www.tuecher-buecher.de\/index.php\/2025\/11\/07\/sonderausstellung-im-brechthaus-von-augsburg-in-die-niederlande-hein-kohn-1907-1979-brechtfreund-legendaerer-exilverleger-literaturagent-und-kulturvermittler\/"]}]},{"@type":"ImageObject","inLanguage":"de","@id":"https:\/\/www.tuecher-buecher.de\/index.php\/2025\/11\/07\/sonderausstellung-im-brechthaus-von-augsburg-in-die-niederlande-hein-kohn-1907-1979-brechtfreund-legendaerer-exilverleger-literaturagent-und-kulturvermittler\/#primaryimage","url":"https:\/\/www.tuecher-buecher.de\/wp-content\/uploads\/2026\/02\/PHOTO-2026-01-13-10-09-35-Kopie-2.png","contentUrl":"https:\/\/www.tuecher-buecher.de\/wp-content\/uploads\/2026\/02\/PHOTO-2026-01-13-10-09-35-Kopie-2.png","width":1666,"height":2000},{"@type":"BreadcrumbList","@id":"https:\/\/www.tuecher-buecher.de\/index.php\/2025\/11\/07\/sonderausstellung-im-brechthaus-von-augsburg-in-die-niederlande-hein-kohn-1907-1979-brechtfreund-legendaerer-exilverleger-literaturagent-und-kulturvermittler\/#breadcrumb","itemListElement":[{"@type":"ListItem","position":1,"name":"Home","item":"https:\/\/www.tuecher-buecher.de\/"},{"@type":"ListItem","position":2,"name":"Sonderausstellung im Brechthaus: Von Augsburg in die Niederlande: Hein Kohn (1907 \u2013 1979). Brechtfreund, legend\u00e4rer Exilverleger, Literaturagent und Kulturvermittler"}]},{"@type":"WebSite","@id":"https:\/\/www.tuecher-buecher.de\/#website","url":"https:\/\/www.tuecher-buecher.de\/","name":"T\u00fccher und B\u00fccher","description":"Die Sonderausstellung im Brechthaus","publisher":{"@id":"https:\/\/www.tuecher-buecher.de\/#organization"},"potentialAction":[{"@type":"SearchAction","target":{"@type":"EntryPoint","urlTemplate":"https:\/\/www.tuecher-buecher.de\/?s={search_term_string}"},"query-input":{"@type":"PropertyValueSpecification","valueRequired":true,"valueName":"search_term_string"}}],"inLanguage":"de"},{"@type":"Organization","@id":"https:\/\/www.tuecher-buecher.de\/#organization","name":"T\u00fccher und B\u00fccher","url":"https:\/\/www.tuecher-buecher.de\/","logo":{"@type":"ImageObject","inLanguage":"de","@id":"https:\/\/www.tuecher-buecher.de\/#\/schema\/logo\/image\/","url":"https:\/\/www.tuecher-buecher.de\/wp-content\/uploads\/2026\/02\/favicon-Tuecher-und-Buecher.jpg","contentUrl":"https:\/\/www.tuecher-buecher.de\/wp-content\/uploads\/2026\/02\/favicon-Tuecher-und-Buecher.jpg","width":600,"height":600,"caption":"T\u00fccher und B\u00fccher"},"image":{"@id":"https:\/\/www.tuecher-buecher.de\/#\/schema\/logo\/image\/"}},{"@type":"Person","@id":"https:\/\/www.tuecher-buecher.de\/#\/schema\/person\/9f0102919684cf0e9671aec8a68b883a","name":"admin","image":{"@type":"ImageObject","inLanguage":"de","@id":"https:\/\/secure.gravatar.com\/avatar\/875e90aaa320b724ef55902dcb50b509c0dc0c544690207354b9f79c323ec36e?s=96&d=mm&r=g","url":"https:\/\/secure.gravatar.com\/avatar\/875e90aaa320b724ef55902dcb50b509c0dc0c544690207354b9f79c323ec36e?s=96&d=mm&r=g","contentUrl":"https:\/\/secure.gravatar.com\/avatar\/875e90aaa320b724ef55902dcb50b509c0dc0c544690207354b9f79c323ec36e?s=96&d=mm&r=g","caption":"admin"},"url":"https:\/\/www.tuecher-buecher.de\/index.php\/author\/creativejam\/"}]}},"_links":{"self":[{"href":"https:\/\/www.tuecher-buecher.de\/index.php\/wp-json\/wp\/v2\/posts\/1678","targetHints":{"allow":["GET"]}}],"collection":[{"href":"https:\/\/www.tuecher-buecher.de\/index.php\/wp-json\/wp\/v2\/posts"}],"about":[{"href":"https:\/\/www.tuecher-buecher.de\/index.php\/wp-json\/wp\/v2\/types\/post"}],"author":[{"embeddable":true,"href":"https:\/\/www.tuecher-buecher.de\/index.php\/wp-json\/wp\/v2\/users\/1"}],"replies":[{"embeddable":true,"href":"https:\/\/www.tuecher-buecher.de\/index.php\/wp-json\/wp\/v2\/comments?post=1678"}],"version-history":[{"count":21,"href":"https:\/\/www.tuecher-buecher.de\/index.php\/wp-json\/wp\/v2\/posts\/1678\/revisions"}],"predecessor-version":[{"id":2976,"href":"https:\/\/www.tuecher-buecher.de\/index.php\/wp-json\/wp\/v2\/posts\/1678\/revisions\/2976"}],"wp:featuredmedia":[{"embeddable":true,"href":"https:\/\/www.tuecher-buecher.de\/index.php\/wp-json\/wp\/v2\/media\/1975"}],"wp:attachment":[{"href":"https:\/\/www.tuecher-buecher.de\/index.php\/wp-json\/wp\/v2\/media?parent=1678"}],"wp:term":[{"taxonomy":"category","embeddable":true,"href":"https:\/\/www.tuecher-buecher.de\/index.php\/wp-json\/wp\/v2\/categories?post=1678"},{"taxonomy":"post_tag","embeddable":true,"href":"https:\/\/www.tuecher-buecher.de\/index.php\/wp-json\/wp\/v2\/tags?post=1678"}],"curies":[{"name":"wp","href":"https:\/\/api.w.org\/{rel}","templated":true}]}}