{"id":1987,"date":"2026-02-09T09:23:37","date_gmt":"2026-02-09T09:23:37","guid":{"rendered":"https:\/\/www.tuecher-buecher.de\/?p=1987"},"modified":"2026-04-15T10:54:20","modified_gmt":"2026-04-15T10:54:20","slug":"sonderausstellung-im-brechthaus-von-augsburg-in-die-niederlande-hein-kohn-1907-1979-brechtfreund-legendaerer-exilverleger-literaturagent-und-kulturvermittler-2","status":"publish","type":"post","link":"https:\/\/www.tuecher-buecher.de\/index.php\/2026\/02\/09\/sonderausstellung-im-brechthaus-von-augsburg-in-die-niederlande-hein-kohn-1907-1979-brechtfreund-legendaerer-exilverleger-literaturagent-und-kulturvermittler-2\/","title":{"rendered":"So., 15. Februar, 11 Uhr &#8211; MATINEE ZUR SONDERAUSSTELLUNG &#8211; Gespr\u00e4ch mit Hein Kohns Sohn Menno Kohn und seiner Enkelin Linda Kohn"},"content":{"rendered":"\n<div class=\"et_pb_section_0 et_pb_section et_section_regular et_block_section\"><div class=\"et_pb_row_0 et_pb_row et_block_row\"><div class=\"et_pb_column_0 et_pb_column et_pb_column_3_5 et_block_column et_pb_css_mix_blend_mode_passthrough\"><div class=\"et_pb_text_0 et_pb_text et_pb_bg_layout_light et_pb_module et_block_module\"><div class=\"et_pb_text_inner\"><p class=\"p1\"><span style=\"text-decoration: underline;\"><strong>Gespr\u00e4ch:<\/strong><\/span><\/p>\n<p class=\"p2\">Mitwirkende: Linda Kohn (Diskussion)<br \/>Menno Kohn (Diskussion)<br \/>Dr. phil. Ingvild Richardsen (Moderation)<br \/>Uta L\u00f6hrer (Moderation)<br \/>Ju\u0308rgen K. Enninger, Referent fu\u0308r Kultur, Welterbe und Sport (Gru\u00dfwort)<\/p>\n<p class=\"p2\"><strong>Termin: 15.02.2026<\/strong><br \/><strong>Eintritt: frei<\/strong><br \/><strong>Anmeldung: Telefon 0821 45098231<\/strong><\/p>\n<\/div><\/div><div class=\"et_pb_text_1 et_pb_text et_pb_bg_layout_light et_pb_module et_block_module\"><div class=\"et_pb_text_inner\"><p class=\"p1\">Im Rahmen der Ausstellung \u201eTu\u0308cher und Bu\u0308cher\u201c l\u00e4dt diese Matinee dazu ein, die literarische Welt der niederl\u00e4ndischen Literaturagentur von Hein Kohn zu entdecken. Heute wird das renommierte \u201eInternationaal Literatuur Bureau B.V.\u201c nach 75 Jahren in dritter Generation von Linda Kohn in Amsterdam weitergefu\u0308hrt. Menno Kohn und Linda Kohn berichten von ihrer Arbeit in der internationalen Literaturagentur.<\/p>\n<p class=\"p1\">Dabei werden auch aktuelle Stimmen und innovative Erz\u00e4hlformen vorgestellt, die das Profil der Einrichtung pr\u00e4gen.<\/p>\n<p class=\"p1\">Die Veranstaltung verbindet Kunst und Literatur, er\u00f6ffnet neue Perspektiven auf internationale Zusammenarbeit und bietet Raum fu\u0308r Austausch mit Verlagen, Autorinnen und Autoren sowie Kulturinteressierten.<\/p>\n<\/div><\/div><div class=\"et_pb_text_2 et_pb_text et_pb_bg_layout_light et_pb_module et_block_module\"><div class=\"et_pb_text_inner\"><h1 class=\"p1\" style=\"text-align: center;\">\u201eInternationaal Literatuur Bureau B.V.\u201c<\/h1>\n<\/div><\/div><div class=\"et_pb_image_0 et_pb_image et_pb_module et_block_module\"><a href=\"https:\/\/www.tuecher-buecher.de\/wp-content\/uploads\/2026\/02\/Logo-von-Hein-Kohns-Literaturagentur-Kopie.png\" class=\"et_pb_lightbox_image\"><span class=\"et_pb_image_wrap\"><img loading=\"lazy\" decoding=\"async\" src=\"https:\/\/www.tuecher-buecher.de\/wp-content\/uploads\/2026\/02\/Logo-von-Hein-Kohns-Literaturagentur-Kopie.png\" width=\"1788\" height=\"1866\" srcset=\"https:\/\/www.tuecher-buecher.de\/wp-content\/uploads\/2026\/02\/Logo-von-Hein-Kohns-Literaturagentur-Kopie.png 1788w, https:\/\/www.tuecher-buecher.de\/wp-content\/uploads\/2026\/02\/Logo-von-Hein-Kohns-Literaturagentur-Kopie-1280x1336.png 1280w, https:\/\/www.tuecher-buecher.de\/wp-content\/uploads\/2026\/02\/Logo-von-Hein-Kohns-Literaturagentur-Kopie-980x1023.png 980w, https:\/\/www.tuecher-buecher.de\/wp-content\/uploads\/2026\/02\/Logo-von-Hein-Kohns-Literaturagentur-Kopie-480x501.png 480w\" sizes=\"(min-width: 0px) and (max-width: 480px) 480px, (min-width: 481px) and (max-width: 980px) 980px, (min-width: 981px) and (max-width: 1280px) 1280px, (min-width: 1281px) 1788px, 100vw\" class=\"wp-image-1969\" title=\"Logo von Hein Kohns Literaturagentur Kopie\" \/><\/span><\/a><\/div><div class=\"et_pb_text_3 et_pb_text et_pb_bg_layout_light et_pb_module et_block_module\"><div class=\"et_pb_text_inner\"><p style=\"text-align: center;\"><a href=\"https:\/\/lindakohn.nl\" target=\"_blank\" rel=\"noopener\">https:\/\/lindakohn.nl<\/a><\/p>\n<\/div><\/div><\/div><div class=\"et_pb_column_1 et_pb_column et_pb_column_2_5 et-last-child et_block_column et_pb_css_mix_blend_mode_passthrough\"><div class=\"et_pb_image_1 et_pb_image et_pb_module et_block_module\"><span class=\"et_pb_image_wrap\"><img loading=\"lazy\" decoding=\"async\" src=\"https:\/\/www.tuecher-buecher.de\/wp-content\/uploads\/2026\/02\/Menno-Kohn-Kopie-5.png\" width=\"1248\" height=\"2000\" srcset=\"https:\/\/www.tuecher-buecher.de\/wp-content\/uploads\/2026\/02\/Menno-Kohn-Kopie-5.png 1248w, https:\/\/www.tuecher-buecher.de\/wp-content\/uploads\/2026\/02\/Menno-Kohn-Kopie-5-980x1571.png 980w, https:\/\/www.tuecher-buecher.de\/wp-content\/uploads\/2026\/02\/Menno-Kohn-Kopie-5-480x769.png 480w\" sizes=\"(min-width: 0px) and (max-width: 480px) 480px, (min-width: 481px) and (max-width: 980px) 980px, (min-width: 981px) 1248px, 100vw\" class=\"wp-image-1977\" title=\"Menno Kohn Kopie 5\" \/><\/span><\/div><div class=\"et_pb_text_4 et_pb_text et_pb_bg_layout_light et_pb_module et_block_module\"><div class=\"et_pb_text_inner\"><p>Menno Kohn<\/p>\n<\/div><\/div><div class=\"et_pb_image_2 et_pb_image et_pb_module et_block_module\"><span class=\"et_pb_image_wrap\"><img loading=\"lazy\" decoding=\"async\" src=\"https:\/\/www.tuecher-buecher.de\/wp-content\/uploads\/2026\/02\/Linda-Kohn.png\" width=\"1532\" height=\"2000\" srcset=\"https:\/\/www.tuecher-buecher.de\/wp-content\/uploads\/2026\/02\/Linda-Kohn.png 1532w, https:\/\/www.tuecher-buecher.de\/wp-content\/uploads\/2026\/02\/Linda-Kohn-1280x1671.png 1280w, https:\/\/www.tuecher-buecher.de\/wp-content\/uploads\/2026\/02\/Linda-Kohn-980x1279.png 980w, https:\/\/www.tuecher-buecher.de\/wp-content\/uploads\/2026\/02\/Linda-Kohn-480x627.png 480w\" sizes=\"(min-width: 0px) and (max-width: 480px) 480px, (min-width: 481px) and (max-width: 980px) 980px, (min-width: 981px) and (max-width: 1280px) 1280px, (min-width: 1281px) 1532px, 100vw\" class=\"wp-image-1968\" title=\"Linda Kohn\" \/><\/span><\/div><div class=\"et_pb_text_5 et_pb_text et_pb_bg_layout_light et_pb_module et_block_module\"><div class=\"et_pb_text_inner\"><p>Drs. Linda Kohn<\/p>\n<\/div><\/div><\/div><\/div><div class=\"et_pb_row_1 et_pb_row et-vb-row--no-module et_block_row\"><div class=\"et_pb_column_2 et_pb_column et_pb_column_1_2 et_block_column et_pb_column_empty et_pb_css_mix_blend_mode_passthrough\"><\/div><div class=\"et_pb_column_3 et_pb_column et_pb_column_1_2 et-last-child et_block_column et_pb_column_empty et_pb_css_mix_blend_mode_passthrough\"><\/div><\/div><\/div>\n","protected":false},"excerpt":{"rendered":"<p>Im Rahmen der Ausstellung \u201eTu\u0308cher und Bu\u0308cher\u201c l\u00e4dt diese Matinee dazu ein, die literarische Welt der niederl\u00e4ndischen Literaturagentur von Hein Kohn zu entdecken&#8230;<\/p>\n","protected":false},"author":1,"featured_media":2001,"comment_status":"closed","ping_status":"closed","sticky":false,"template":"","format":"standard","meta":{"footnotes":""},"categories":[52],"tags":[],"class_list":["post-1987","post","type-post","status-publish","format-standard","has-post-thumbnail","hentry","category-aktuelles"],"yoast_head":"<!-- This site is optimized with the Yoast SEO plugin v27.4 - https:\/\/yoast.com\/product\/yoast-seo-wordpress\/ -->\n<title>So., 15. Februar, 11 Uhr - MATINEE ZUR SONDERAUSSTELLUNG - Gespr\u00e4ch mit Hein Kohns Sohn Menno Kohn und seiner Enkelin Linda Kohn - T\u00fccher und B\u00fccher<\/title>\n<meta name=\"robots\" content=\"index, follow, max-snippet:-1, max-image-preview:large, max-video-preview:-1\" \/>\n<link rel=\"canonical\" href=\"https:\/\/www.tuecher-buecher.de\/index.php\/2026\/02\/09\/sonderausstellung-im-brechthaus-von-augsburg-in-die-niederlande-hein-kohn-1907-1979-brechtfreund-legendaerer-exilverleger-literaturagent-und-kulturvermittler-2\/\" \/>\n<meta property=\"og:locale\" content=\"de_DE\" \/>\n<meta property=\"og:type\" content=\"article\" \/>\n<meta property=\"og:title\" content=\"So., 15. Februar, 11 Uhr - MATINEE ZUR SONDERAUSSTELLUNG - Gespr\u00e4ch mit Hein Kohns Sohn Menno Kohn und seiner Enkelin Linda Kohn - T\u00fccher und B\u00fccher\" \/>\n<meta property=\"og:description\" content=\"Im Rahmen der Ausstellung \u201eTu\u0308cher und Bu\u0308cher\u201c l\u00e4dt diese Matinee dazu ein, die literarische Welt der niederl\u00e4ndischen Literaturagentur von Hein Kohn zu entdecken...\" \/>\n<meta property=\"og:url\" content=\"https:\/\/www.tuecher-buecher.de\/index.php\/2026\/02\/09\/sonderausstellung-im-brechthaus-von-augsburg-in-die-niederlande-hein-kohn-1907-1979-brechtfreund-legendaerer-exilverleger-literaturagent-und-kulturvermittler-2\/\" \/>\n<meta property=\"og:site_name\" content=\"T\u00fccher und B\u00fccher\" \/>\n<meta property=\"article:published_time\" content=\"2026-02-09T09:23:37+00:00\" \/>\n<meta property=\"article:modified_time\" content=\"2026-04-15T10:54:20+00:00\" \/>\n<meta property=\"og:image\" content=\"https:\/\/www.tuecher-buecher.de\/wp-content\/uploads\/2026\/02\/Bildschirmfoto-2026-02-09-um-10.36.59.png\" \/>\n\t<meta property=\"og:image:width\" content=\"784\" \/>\n\t<meta property=\"og:image:height\" content=\"510\" \/>\n\t<meta property=\"og:image:type\" content=\"image\/png\" \/>\n<meta name=\"author\" content=\"admin\" \/>\n<meta name=\"twitter:card\" content=\"summary_large_image\" \/>\n<meta name=\"twitter:label1\" content=\"Geschrieben von\" \/>\n\t<meta name=\"twitter:data1\" content=\"admin\" \/>\n<script type=\"application\/ld+json\" class=\"yoast-schema-graph\">{\"@context\":\"https:\\\/\\\/schema.org\",\"@graph\":[{\"@type\":\"Article\",\"@id\":\"https:\\\/\\\/www.tuecher-buecher.de\\\/index.php\\\/2026\\\/02\\\/09\\\/sonderausstellung-im-brechthaus-von-augsburg-in-die-niederlande-hein-kohn-1907-1979-brechtfreund-legendaerer-exilverleger-literaturagent-und-kulturvermittler-2\\\/#article\",\"isPartOf\":{\"@id\":\"https:\\\/\\\/www.tuecher-buecher.de\\\/index.php\\\/2026\\\/02\\\/09\\\/sonderausstellung-im-brechthaus-von-augsburg-in-die-niederlande-hein-kohn-1907-1979-brechtfreund-legendaerer-exilverleger-literaturagent-und-kulturvermittler-2\\\/\"},\"author\":{\"name\":\"admin\",\"@id\":\"https:\\\/\\\/www.tuecher-buecher.de\\\/#\\\/schema\\\/person\\\/9f0102919684cf0e9671aec8a68b883a\"},\"headline\":\"So., 15. Februar, 11 Uhr &#8211; MATINEE ZUR SONDERAUSSTELLUNG &#8211; Gespr\u00e4ch mit Hein Kohns Sohn Menno Kohn und seiner Enkelin Linda Kohn\",\"datePublished\":\"2026-02-09T09:23:37+00:00\",\"dateModified\":\"2026-04-15T10:54:20+00:00\",\"mainEntityOfPage\":{\"@id\":\"https:\\\/\\\/www.tuecher-buecher.de\\\/index.php\\\/2026\\\/02\\\/09\\\/sonderausstellung-im-brechthaus-von-augsburg-in-die-niederlande-hein-kohn-1907-1979-brechtfreund-legendaerer-exilverleger-literaturagent-und-kulturvermittler-2\\\/\"},\"wordCount\":21,\"publisher\":{\"@id\":\"https:\\\/\\\/www.tuecher-buecher.de\\\/#organization\"},\"image\":{\"@id\":\"https:\\\/\\\/www.tuecher-buecher.de\\\/index.php\\\/2026\\\/02\\\/09\\\/sonderausstellung-im-brechthaus-von-augsburg-in-die-niederlande-hein-kohn-1907-1979-brechtfreund-legendaerer-exilverleger-literaturagent-und-kulturvermittler-2\\\/#primaryimage\"},\"thumbnailUrl\":\"https:\\\/\\\/www.tuecher-buecher.de\\\/wp-content\\\/uploads\\\/2026\\\/02\\\/Bildschirmfoto-2026-02-09-um-10.36.59.png\",\"articleSection\":[\"Aktuelles\"],\"inLanguage\":\"de\"},{\"@type\":\"WebPage\",\"@id\":\"https:\\\/\\\/www.tuecher-buecher.de\\\/index.php\\\/2026\\\/02\\\/09\\\/sonderausstellung-im-brechthaus-von-augsburg-in-die-niederlande-hein-kohn-1907-1979-brechtfreund-legendaerer-exilverleger-literaturagent-und-kulturvermittler-2\\\/\",\"url\":\"https:\\\/\\\/www.tuecher-buecher.de\\\/index.php\\\/2026\\\/02\\\/09\\\/sonderausstellung-im-brechthaus-von-augsburg-in-die-niederlande-hein-kohn-1907-1979-brechtfreund-legendaerer-exilverleger-literaturagent-und-kulturvermittler-2\\\/\",\"name\":\"So., 15. Februar, 11 Uhr - MATINEE ZUR SONDERAUSSTELLUNG - Gespr\u00e4ch mit Hein Kohns Sohn Menno Kohn und seiner Enkelin Linda Kohn - T\u00fccher und B\u00fccher\",\"isPartOf\":{\"@id\":\"https:\\\/\\\/www.tuecher-buecher.de\\\/#website\"},\"primaryImageOfPage\":{\"@id\":\"https:\\\/\\\/www.tuecher-buecher.de\\\/index.php\\\/2026\\\/02\\\/09\\\/sonderausstellung-im-brechthaus-von-augsburg-in-die-niederlande-hein-kohn-1907-1979-brechtfreund-legendaerer-exilverleger-literaturagent-und-kulturvermittler-2\\\/#primaryimage\"},\"image\":{\"@id\":\"https:\\\/\\\/www.tuecher-buecher.de\\\/index.php\\\/2026\\\/02\\\/09\\\/sonderausstellung-im-brechthaus-von-augsburg-in-die-niederlande-hein-kohn-1907-1979-brechtfreund-legendaerer-exilverleger-literaturagent-und-kulturvermittler-2\\\/#primaryimage\"},\"thumbnailUrl\":\"https:\\\/\\\/www.tuecher-buecher.de\\\/wp-content\\\/uploads\\\/2026\\\/02\\\/Bildschirmfoto-2026-02-09-um-10.36.59.png\",\"datePublished\":\"2026-02-09T09:23:37+00:00\",\"dateModified\":\"2026-04-15T10:54:20+00:00\",\"breadcrumb\":{\"@id\":\"https:\\\/\\\/www.tuecher-buecher.de\\\/index.php\\\/2026\\\/02\\\/09\\\/sonderausstellung-im-brechthaus-von-augsburg-in-die-niederlande-hein-kohn-1907-1979-brechtfreund-legendaerer-exilverleger-literaturagent-und-kulturvermittler-2\\\/#breadcrumb\"},\"inLanguage\":\"de\",\"potentialAction\":[{\"@type\":\"ReadAction\",\"target\":[\"https:\\\/\\\/www.tuecher-buecher.de\\\/index.php\\\/2026\\\/02\\\/09\\\/sonderausstellung-im-brechthaus-von-augsburg-in-die-niederlande-hein-kohn-1907-1979-brechtfreund-legendaerer-exilverleger-literaturagent-und-kulturvermittler-2\\\/\"]}]},{\"@type\":\"ImageObject\",\"inLanguage\":\"de\",\"@id\":\"https:\\\/\\\/www.tuecher-buecher.de\\\/index.php\\\/2026\\\/02\\\/09\\\/sonderausstellung-im-brechthaus-von-augsburg-in-die-niederlande-hein-kohn-1907-1979-brechtfreund-legendaerer-exilverleger-literaturagent-und-kulturvermittler-2\\\/#primaryimage\",\"url\":\"https:\\\/\\\/www.tuecher-buecher.de\\\/wp-content\\\/uploads\\\/2026\\\/02\\\/Bildschirmfoto-2026-02-09-um-10.36.59.png\",\"contentUrl\":\"https:\\\/\\\/www.tuecher-buecher.de\\\/wp-content\\\/uploads\\\/2026\\\/02\\\/Bildschirmfoto-2026-02-09-um-10.36.59.png\",\"width\":784,\"height\":510},{\"@type\":\"BreadcrumbList\",\"@id\":\"https:\\\/\\\/www.tuecher-buecher.de\\\/index.php\\\/2026\\\/02\\\/09\\\/sonderausstellung-im-brechthaus-von-augsburg-in-die-niederlande-hein-kohn-1907-1979-brechtfreund-legendaerer-exilverleger-literaturagent-und-kulturvermittler-2\\\/#breadcrumb\",\"itemListElement\":[{\"@type\":\"ListItem\",\"position\":1,\"name\":\"Home\",\"item\":\"https:\\\/\\\/www.tuecher-buecher.de\\\/\"},{\"@type\":\"ListItem\",\"position\":2,\"name\":\"So., 15. Februar, 11 Uhr &#8211; MATINEE ZUR SONDERAUSSTELLUNG &#8211; Gespr\u00e4ch mit Hein Kohns Sohn Menno Kohn und seiner Enkelin Linda Kohn\"}]},{\"@type\":\"WebSite\",\"@id\":\"https:\\\/\\\/www.tuecher-buecher.de\\\/#website\",\"url\":\"https:\\\/\\\/www.tuecher-buecher.de\\\/\",\"name\":\"T\u00fccher und B\u00fccher\",\"description\":\"Die Sonderausstellung im Brechthaus\",\"publisher\":{\"@id\":\"https:\\\/\\\/www.tuecher-buecher.de\\\/#organization\"},\"potentialAction\":[{\"@type\":\"SearchAction\",\"target\":{\"@type\":\"EntryPoint\",\"urlTemplate\":\"https:\\\/\\\/www.tuecher-buecher.de\\\/?s={search_term_string}\"},\"query-input\":{\"@type\":\"PropertyValueSpecification\",\"valueRequired\":true,\"valueName\":\"search_term_string\"}}],\"inLanguage\":\"de\"},{\"@type\":\"Organization\",\"@id\":\"https:\\\/\\\/www.tuecher-buecher.de\\\/#organization\",\"name\":\"T\u00fccher und B\u00fccher\",\"url\":\"https:\\\/\\\/www.tuecher-buecher.de\\\/\",\"logo\":{\"@type\":\"ImageObject\",\"inLanguage\":\"de\",\"@id\":\"https:\\\/\\\/www.tuecher-buecher.de\\\/#\\\/schema\\\/logo\\\/image\\\/\",\"url\":\"https:\\\/\\\/www.tuecher-buecher.de\\\/wp-content\\\/uploads\\\/2026\\\/02\\\/favicon-Tuecher-und-Buecher.jpg\",\"contentUrl\":\"https:\\\/\\\/www.tuecher-buecher.de\\\/wp-content\\\/uploads\\\/2026\\\/02\\\/favicon-Tuecher-und-Buecher.jpg\",\"width\":600,\"height\":600,\"caption\":\"T\u00fccher und B\u00fccher\"},\"image\":{\"@id\":\"https:\\\/\\\/www.tuecher-buecher.de\\\/#\\\/schema\\\/logo\\\/image\\\/\"}},{\"@type\":\"Person\",\"@id\":\"https:\\\/\\\/www.tuecher-buecher.de\\\/#\\\/schema\\\/person\\\/9f0102919684cf0e9671aec8a68b883a\",\"name\":\"admin\",\"image\":{\"@type\":\"ImageObject\",\"inLanguage\":\"de\",\"@id\":\"https:\\\/\\\/secure.gravatar.com\\\/avatar\\\/875e90aaa320b724ef55902dcb50b509c0dc0c544690207354b9f79c323ec36e?s=96&d=mm&r=g\",\"url\":\"https:\\\/\\\/secure.gravatar.com\\\/avatar\\\/875e90aaa320b724ef55902dcb50b509c0dc0c544690207354b9f79c323ec36e?s=96&d=mm&r=g\",\"contentUrl\":\"https:\\\/\\\/secure.gravatar.com\\\/avatar\\\/875e90aaa320b724ef55902dcb50b509c0dc0c544690207354b9f79c323ec36e?s=96&d=mm&r=g\",\"caption\":\"admin\"},\"url\":\"https:\\\/\\\/www.tuecher-buecher.de\\\/index.php\\\/author\\\/creativejam\\\/\"}]}<\/script>\n<!-- \/ Yoast SEO plugin. -->","yoast_head_json":{"title":"So., 15. Februar, 11 Uhr - MATINEE ZUR SONDERAUSSTELLUNG - Gespr\u00e4ch mit Hein Kohns Sohn Menno Kohn und seiner Enkelin Linda Kohn - T\u00fccher und B\u00fccher","robots":{"index":"index","follow":"follow","max-snippet":"max-snippet:-1","max-image-preview":"max-image-preview:large","max-video-preview":"max-video-preview:-1"},"canonical":"https:\/\/www.tuecher-buecher.de\/index.php\/2026\/02\/09\/sonderausstellung-im-brechthaus-von-augsburg-in-die-niederlande-hein-kohn-1907-1979-brechtfreund-legendaerer-exilverleger-literaturagent-und-kulturvermittler-2\/","og_locale":"de_DE","og_type":"article","og_title":"So., 15. Februar, 11 Uhr - MATINEE ZUR SONDERAUSSTELLUNG - Gespr\u00e4ch mit Hein Kohns Sohn Menno Kohn und seiner Enkelin Linda Kohn - T\u00fccher und B\u00fccher","og_description":"Im Rahmen der Ausstellung \u201eTu\u0308cher und Bu\u0308cher\u201c l\u00e4dt diese Matinee dazu ein, die literarische Welt der niederl\u00e4ndischen Literaturagentur von Hein Kohn zu entdecken...","og_url":"https:\/\/www.tuecher-buecher.de\/index.php\/2026\/02\/09\/sonderausstellung-im-brechthaus-von-augsburg-in-die-niederlande-hein-kohn-1907-1979-brechtfreund-legendaerer-exilverleger-literaturagent-und-kulturvermittler-2\/","og_site_name":"T\u00fccher und B\u00fccher","article_published_time":"2026-02-09T09:23:37+00:00","article_modified_time":"2026-04-15T10:54:20+00:00","og_image":[{"width":784,"height":510,"url":"https:\/\/www.tuecher-buecher.de\/wp-content\/uploads\/2026\/02\/Bildschirmfoto-2026-02-09-um-10.36.59.png","type":"image\/png"}],"author":"admin","twitter_card":"summary_large_image","twitter_misc":{"Geschrieben von":"admin"},"schema":{"@context":"https:\/\/schema.org","@graph":[{"@type":"Article","@id":"https:\/\/www.tuecher-buecher.de\/index.php\/2026\/02\/09\/sonderausstellung-im-brechthaus-von-augsburg-in-die-niederlande-hein-kohn-1907-1979-brechtfreund-legendaerer-exilverleger-literaturagent-und-kulturvermittler-2\/#article","isPartOf":{"@id":"https:\/\/www.tuecher-buecher.de\/index.php\/2026\/02\/09\/sonderausstellung-im-brechthaus-von-augsburg-in-die-niederlande-hein-kohn-1907-1979-brechtfreund-legendaerer-exilverleger-literaturagent-und-kulturvermittler-2\/"},"author":{"name":"admin","@id":"https:\/\/www.tuecher-buecher.de\/#\/schema\/person\/9f0102919684cf0e9671aec8a68b883a"},"headline":"So., 15. Februar, 11 Uhr &#8211; MATINEE ZUR SONDERAUSSTELLUNG &#8211; Gespr\u00e4ch mit Hein Kohns Sohn Menno Kohn und seiner Enkelin Linda Kohn","datePublished":"2026-02-09T09:23:37+00:00","dateModified":"2026-04-15T10:54:20+00:00","mainEntityOfPage":{"@id":"https:\/\/www.tuecher-buecher.de\/index.php\/2026\/02\/09\/sonderausstellung-im-brechthaus-von-augsburg-in-die-niederlande-hein-kohn-1907-1979-brechtfreund-legendaerer-exilverleger-literaturagent-und-kulturvermittler-2\/"},"wordCount":21,"publisher":{"@id":"https:\/\/www.tuecher-buecher.de\/#organization"},"image":{"@id":"https:\/\/www.tuecher-buecher.de\/index.php\/2026\/02\/09\/sonderausstellung-im-brechthaus-von-augsburg-in-die-niederlande-hein-kohn-1907-1979-brechtfreund-legendaerer-exilverleger-literaturagent-und-kulturvermittler-2\/#primaryimage"},"thumbnailUrl":"https:\/\/www.tuecher-buecher.de\/wp-content\/uploads\/2026\/02\/Bildschirmfoto-2026-02-09-um-10.36.59.png","articleSection":["Aktuelles"],"inLanguage":"de"},{"@type":"WebPage","@id":"https:\/\/www.tuecher-buecher.de\/index.php\/2026\/02\/09\/sonderausstellung-im-brechthaus-von-augsburg-in-die-niederlande-hein-kohn-1907-1979-brechtfreund-legendaerer-exilverleger-literaturagent-und-kulturvermittler-2\/","url":"https:\/\/www.tuecher-buecher.de\/index.php\/2026\/02\/09\/sonderausstellung-im-brechthaus-von-augsburg-in-die-niederlande-hein-kohn-1907-1979-brechtfreund-legendaerer-exilverleger-literaturagent-und-kulturvermittler-2\/","name":"So., 15. Februar, 11 Uhr - MATINEE ZUR SONDERAUSSTELLUNG - Gespr\u00e4ch mit Hein Kohns Sohn Menno Kohn und seiner Enkelin Linda Kohn - T\u00fccher und B\u00fccher","isPartOf":{"@id":"https:\/\/www.tuecher-buecher.de\/#website"},"primaryImageOfPage":{"@id":"https:\/\/www.tuecher-buecher.de\/index.php\/2026\/02\/09\/sonderausstellung-im-brechthaus-von-augsburg-in-die-niederlande-hein-kohn-1907-1979-brechtfreund-legendaerer-exilverleger-literaturagent-und-kulturvermittler-2\/#primaryimage"},"image":{"@id":"https:\/\/www.tuecher-buecher.de\/index.php\/2026\/02\/09\/sonderausstellung-im-brechthaus-von-augsburg-in-die-niederlande-hein-kohn-1907-1979-brechtfreund-legendaerer-exilverleger-literaturagent-und-kulturvermittler-2\/#primaryimage"},"thumbnailUrl":"https:\/\/www.tuecher-buecher.de\/wp-content\/uploads\/2026\/02\/Bildschirmfoto-2026-02-09-um-10.36.59.png","datePublished":"2026-02-09T09:23:37+00:00","dateModified":"2026-04-15T10:54:20+00:00","breadcrumb":{"@id":"https:\/\/www.tuecher-buecher.de\/index.php\/2026\/02\/09\/sonderausstellung-im-brechthaus-von-augsburg-in-die-niederlande-hein-kohn-1907-1979-brechtfreund-legendaerer-exilverleger-literaturagent-und-kulturvermittler-2\/#breadcrumb"},"inLanguage":"de","potentialAction":[{"@type":"ReadAction","target":["https:\/\/www.tuecher-buecher.de\/index.php\/2026\/02\/09\/sonderausstellung-im-brechthaus-von-augsburg-in-die-niederlande-hein-kohn-1907-1979-brechtfreund-legendaerer-exilverleger-literaturagent-und-kulturvermittler-2\/"]}]},{"@type":"ImageObject","inLanguage":"de","@id":"https:\/\/www.tuecher-buecher.de\/index.php\/2026\/02\/09\/sonderausstellung-im-brechthaus-von-augsburg-in-die-niederlande-hein-kohn-1907-1979-brechtfreund-legendaerer-exilverleger-literaturagent-und-kulturvermittler-2\/#primaryimage","url":"https:\/\/www.tuecher-buecher.de\/wp-content\/uploads\/2026\/02\/Bildschirmfoto-2026-02-09-um-10.36.59.png","contentUrl":"https:\/\/www.tuecher-buecher.de\/wp-content\/uploads\/2026\/02\/Bildschirmfoto-2026-02-09-um-10.36.59.png","width":784,"height":510},{"@type":"BreadcrumbList","@id":"https:\/\/www.tuecher-buecher.de\/index.php\/2026\/02\/09\/sonderausstellung-im-brechthaus-von-augsburg-in-die-niederlande-hein-kohn-1907-1979-brechtfreund-legendaerer-exilverleger-literaturagent-und-kulturvermittler-2\/#breadcrumb","itemListElement":[{"@type":"ListItem","position":1,"name":"Home","item":"https:\/\/www.tuecher-buecher.de\/"},{"@type":"ListItem","position":2,"name":"So., 15. Februar, 11 Uhr &#8211; MATINEE ZUR SONDERAUSSTELLUNG &#8211; Gespr\u00e4ch mit Hein Kohns Sohn Menno Kohn und seiner Enkelin Linda Kohn"}]},{"@type":"WebSite","@id":"https:\/\/www.tuecher-buecher.de\/#website","url":"https:\/\/www.tuecher-buecher.de\/","name":"T\u00fccher und B\u00fccher","description":"Die Sonderausstellung im Brechthaus","publisher":{"@id":"https:\/\/www.tuecher-buecher.de\/#organization"},"potentialAction":[{"@type":"SearchAction","target":{"@type":"EntryPoint","urlTemplate":"https:\/\/www.tuecher-buecher.de\/?s={search_term_string}"},"query-input":{"@type":"PropertyValueSpecification","valueRequired":true,"valueName":"search_term_string"}}],"inLanguage":"de"},{"@type":"Organization","@id":"https:\/\/www.tuecher-buecher.de\/#organization","name":"T\u00fccher und B\u00fccher","url":"https:\/\/www.tuecher-buecher.de\/","logo":{"@type":"ImageObject","inLanguage":"de","@id":"https:\/\/www.tuecher-buecher.de\/#\/schema\/logo\/image\/","url":"https:\/\/www.tuecher-buecher.de\/wp-content\/uploads\/2026\/02\/favicon-Tuecher-und-Buecher.jpg","contentUrl":"https:\/\/www.tuecher-buecher.de\/wp-content\/uploads\/2026\/02\/favicon-Tuecher-und-Buecher.jpg","width":600,"height":600,"caption":"T\u00fccher und B\u00fccher"},"image":{"@id":"https:\/\/www.tuecher-buecher.de\/#\/schema\/logo\/image\/"}},{"@type":"Person","@id":"https:\/\/www.tuecher-buecher.de\/#\/schema\/person\/9f0102919684cf0e9671aec8a68b883a","name":"admin","image":{"@type":"ImageObject","inLanguage":"de","@id":"https:\/\/secure.gravatar.com\/avatar\/875e90aaa320b724ef55902dcb50b509c0dc0c544690207354b9f79c323ec36e?s=96&d=mm&r=g","url":"https:\/\/secure.gravatar.com\/avatar\/875e90aaa320b724ef55902dcb50b509c0dc0c544690207354b9f79c323ec36e?s=96&d=mm&r=g","contentUrl":"https:\/\/secure.gravatar.com\/avatar\/875e90aaa320b724ef55902dcb50b509c0dc0c544690207354b9f79c323ec36e?s=96&d=mm&r=g","caption":"admin"},"url":"https:\/\/www.tuecher-buecher.de\/index.php\/author\/creativejam\/"}]}},"_links":{"self":[{"href":"https:\/\/www.tuecher-buecher.de\/index.php\/wp-json\/wp\/v2\/posts\/1987","targetHints":{"allow":["GET"]}}],"collection":[{"href":"https:\/\/www.tuecher-buecher.de\/index.php\/wp-json\/wp\/v2\/posts"}],"about":[{"href":"https:\/\/www.tuecher-buecher.de\/index.php\/wp-json\/wp\/v2\/types\/post"}],"author":[{"embeddable":true,"href":"https:\/\/www.tuecher-buecher.de\/index.php\/wp-json\/wp\/v2\/users\/1"}],"replies":[{"embeddable":true,"href":"https:\/\/www.tuecher-buecher.de\/index.php\/wp-json\/wp\/v2\/comments?post=1987"}],"version-history":[{"count":8,"href":"https:\/\/www.tuecher-buecher.de\/index.php\/wp-json\/wp\/v2\/posts\/1987\/revisions"}],"predecessor-version":[{"id":2977,"href":"https:\/\/www.tuecher-buecher.de\/index.php\/wp-json\/wp\/v2\/posts\/1987\/revisions\/2977"}],"wp:featuredmedia":[{"embeddable":true,"href":"https:\/\/www.tuecher-buecher.de\/index.php\/wp-json\/wp\/v2\/media\/2001"}],"wp:attachment":[{"href":"https:\/\/www.tuecher-buecher.de\/index.php\/wp-json\/wp\/v2\/media?parent=1987"}],"wp:term":[{"taxonomy":"category","embeddable":true,"href":"https:\/\/www.tuecher-buecher.de\/index.php\/wp-json\/wp\/v2\/categories?post=1987"},{"taxonomy":"post_tag","embeddable":true,"href":"https:\/\/www.tuecher-buecher.de\/index.php\/wp-json\/wp\/v2\/tags?post=1987"}],"curies":[{"name":"wp","href":"https:\/\/api.w.org\/{rel}","templated":true}]}}