{"id":2117,"date":"2026-02-12T15:25:47","date_gmt":"2026-02-12T15:25:47","guid":{"rendered":"https:\/\/www.tuecher-buecher.de\/?p=2117"},"modified":"2026-04-15T10:54:21","modified_gmt":"2026-04-15T10:54:21","slug":"joel-j-cahen-amsterdam-grusswort-zur-ausstellungseroeffnung","status":"publish","type":"post","link":"https:\/\/www.tuecher-buecher.de\/index.php\/2026\/02\/12\/joel-j-cahen-amsterdam-grusswort-zur-ausstellungseroeffnung\/","title":{"rendered":"Jo\u00ebl J. Cahen ( Amsterdam) Grusswort zur Ausstellungser\u00f6ffnung"},"content":{"rendered":"\n<div class=\"et_pb_section_0 et_pb_section et_section_regular et_block_section\"><div class=\"et_pb_row_0 et_pb_row et_block_row\"><div class=\"et_pb_column_0 et_pb_column et_pb_column_3_5 et_block_column et_pb_css_mix_blend_mode_passthrough\"><div class=\"et_pb_text_0 et_pb_text et_pb_bg_layout_light et_pb_module et_block_module\"><div class=\"et_pb_text_inner\"><p class=\"p1\">Jo\u00ebl Cahen ist der fr\u00fchere Direktor des juedischen Museums Amsterdam und Initiator des Holocaustmonuments in den Niederlanden.<\/p>\n<\/div><\/div><div class=\"et_pb_text_1 et_pb_text et_pb_bg_layout_light et_pb_module et_block_module\"><div class=\"et_pb_text_inner\"><p class=\"p1\">\"Dank der aufkommenden KI-Technologie scheint es immer selbstverst\u00e4ndlicher zu werden, dass man einen Text oder ein Buch in jeder Sprache verstehen kann. Die M\u00fche, die man aufbringen muss, um eine Sprache zu verstehen, scheint zunehmend \u00fcberfl\u00fcssig zu sein. Zu Lebzeiten von Hein Kohn war das noch anders. Er hat als Exilverleger das deutsche Buch von den Niederlanden aus f\u00fcr viele zug\u00e4nglich gemacht. Bei der Verbreitung von in Deutschland verbotener Literatur spielten verschiedene Exilverlage in den Niederlanden seit der Machtergreifung der Nationalsozialisten im Jahr 1933 eine gro\u00dfe Rolle. Diese Ausstellung konzentriert sich auf die Geschichte der aus Augsburg stammenden Familie Kohn in Hilversum und erz\u00e4hlt von ihrem Leben, ihrer Laufbahn und ihrem Verlag in der Stadt, aus der sie stammten. Die in dieser Ausstellung gezeigte, tief in Bayern verwurzelte Geschichte von Leben, Verfolgung und Wiederaufbau ist gut f\u00fcr Augsburg, Hilversum, Deutschland und die Niederlande.\"<\/p>\n<\/div><\/div><\/div><div class=\"et_pb_column_1 et_pb_column et_pb_column_2_5 et-last-child et_block_column et_pb_css_mix_blend_mode_passthrough\"><div class=\"et_pb_image_0 et_pb_image et_pb_module et_block_module\"><a href=\"https:\/\/www.tuecher-buecher.de\/wp-content\/uploads\/2026\/02\/WhatsApp-Image-2026-02-12-at-17.23.15-1.jpeg\" title=\"Jo\u00ebl J. Cahen (Amsterdam) Grusswort zur Ausstellungser\u00f6ffnung &quot;T\u00fccher und B\u00fccher&quot;\" class=\"et_pb_lightbox_image\" alt=\"Jo\u00ebl J. Cahen (Amsterdam) Grusswort zur Ausstellungser\u00f6ffnung\"><span class=\"et_pb_image_wrap\"><img loading=\"lazy\" decoding=\"async\" src=\"https:\/\/www.tuecher-buecher.de\/wp-content\/uploads\/2026\/02\/WhatsApp-Image-2026-02-12-at-17.23.15-1.jpeg\" alt=\"Jo\u00ebl J. Cahen (Amsterdam) Grusswort zur Ausstellungser\u00f6ffnung\" title=\"Jo\u00ebl J. Cahen (Amsterdam) Grusswort zur Ausstellungser\u00f6ffnung &quot;T\u00fccher und B\u00fccher&quot;\" width=\"668\" height=\"1000\" srcset=\"https:\/\/www.tuecher-buecher.de\/wp-content\/uploads\/2026\/02\/WhatsApp-Image-2026-02-12-at-17.23.15-1.jpeg 668w, https:\/\/www.tuecher-buecher.de\/wp-content\/uploads\/2026\/02\/WhatsApp-Image-2026-02-12-at-17.23.15-1-480x719.jpeg 480w\" sizes=\"(min-width: 0px) and (max-width: 480px) 480px, (min-width: 481px) 668px, 100vw\" class=\"wp-image-2123\" \/><\/span><\/a><\/div><\/div><\/div><div class=\"et_pb_row_1 et_pb_row et-vb-row--no-module et_block_row\"><div class=\"et_pb_column_2 et_pb_column et_pb_column_1_2 et_block_column et_pb_column_empty et_pb_css_mix_blend_mode_passthrough\"><\/div><div class=\"et_pb_column_3 et_pb_column et_pb_column_1_2 et-last-child et_block_column et_pb_column_empty et_pb_css_mix_blend_mode_passthrough\"><\/div><\/div><\/div><div class=\"et_pb_section_1 et_pb_section et_section_regular et_block_section\"><\/div>\n","protected":false},"excerpt":{"rendered":"<p>Im Rahmen der Ausstellung \u201eTu\u0308cher und Bu\u0308cher\u201c l\u00e4dt diese Matinee dazu ein, die literarische Welt der niederl\u00e4ndischen Literaturagentur von Hein Kohn zu entdecken&#8230;<\/p>\n","protected":false},"author":1,"featured_media":2123,"comment_status":"closed","ping_status":"closed","sticky":false,"template":"","format":"standard","meta":{"footnotes":""},"categories":[52],"tags":[],"class_list":["post-2117","post","type-post","status-publish","format-standard","has-post-thumbnail","hentry","category-aktuelles"],"yoast_head":"<!-- This site is optimized with the Yoast SEO plugin v27.4 - https:\/\/yoast.com\/product\/yoast-seo-wordpress\/ -->\n<title>Jo\u00ebl J. Cahen ( Amsterdam) Grusswort zur Ausstellungser\u00f6ffnung - T\u00fccher und B\u00fccher<\/title>\n<meta name=\"robots\" content=\"index, follow, max-snippet:-1, max-image-preview:large, max-video-preview:-1\" \/>\n<link rel=\"canonical\" href=\"https:\/\/www.tuecher-buecher.de\/index.php\/2026\/02\/12\/joel-j-cahen-amsterdam-grusswort-zur-ausstellungseroeffnung\/\" \/>\n<meta property=\"og:locale\" content=\"de_DE\" \/>\n<meta property=\"og:type\" content=\"article\" \/>\n<meta property=\"og:title\" content=\"Jo\u00ebl J. Cahen ( Amsterdam) Grusswort zur Ausstellungser\u00f6ffnung - T\u00fccher und B\u00fccher\" \/>\n<meta property=\"og:description\" content=\"Im Rahmen der Ausstellung \u201eTu\u0308cher und Bu\u0308cher\u201c l\u00e4dt diese Matinee dazu ein, die literarische Welt der niederl\u00e4ndischen Literaturagentur von Hein Kohn zu entdecken...\" \/>\n<meta property=\"og:url\" content=\"https:\/\/www.tuecher-buecher.de\/index.php\/2026\/02\/12\/joel-j-cahen-amsterdam-grusswort-zur-ausstellungseroeffnung\/\" \/>\n<meta property=\"og:site_name\" content=\"T\u00fccher und B\u00fccher\" \/>\n<meta property=\"article:published_time\" content=\"2026-02-12T15:25:47+00:00\" \/>\n<meta property=\"article:modified_time\" content=\"2026-04-15T10:54:21+00:00\" \/>\n<meta property=\"og:image\" content=\"https:\/\/www.tuecher-buecher.de\/wp-content\/uploads\/2026\/02\/WhatsApp-Image-2026-02-12-at-17.23.15-1.jpeg\" \/>\n\t<meta property=\"og:image:width\" content=\"668\" \/>\n\t<meta property=\"og:image:height\" content=\"1000\" \/>\n\t<meta property=\"og:image:type\" content=\"image\/jpeg\" \/>\n<meta name=\"author\" content=\"admin\" \/>\n<meta name=\"twitter:card\" content=\"summary_large_image\" \/>\n<meta name=\"twitter:label1\" content=\"Geschrieben von\" \/>\n\t<meta name=\"twitter:data1\" content=\"admin\" \/>\n<script type=\"application\/ld+json\" class=\"yoast-schema-graph\">{\"@context\":\"https:\\\/\\\/schema.org\",\"@graph\":[{\"@type\":\"Article\",\"@id\":\"https:\\\/\\\/www.tuecher-buecher.de\\\/index.php\\\/2026\\\/02\\\/12\\\/joel-j-cahen-amsterdam-grusswort-zur-ausstellungseroeffnung\\\/#article\",\"isPartOf\":{\"@id\":\"https:\\\/\\\/www.tuecher-buecher.de\\\/index.php\\\/2026\\\/02\\\/12\\\/joel-j-cahen-amsterdam-grusswort-zur-ausstellungseroeffnung\\\/\"},\"author\":{\"name\":\"admin\",\"@id\":\"https:\\\/\\\/www.tuecher-buecher.de\\\/#\\\/schema\\\/person\\\/9f0102919684cf0e9671aec8a68b883a\"},\"headline\":\"Jo\u00ebl J. Cahen ( Amsterdam) Grusswort zur Ausstellungser\u00f6ffnung\",\"datePublished\":\"2026-02-12T15:25:47+00:00\",\"dateModified\":\"2026-04-15T10:54:21+00:00\",\"mainEntityOfPage\":{\"@id\":\"https:\\\/\\\/www.tuecher-buecher.de\\\/index.php\\\/2026\\\/02\\\/12\\\/joel-j-cahen-amsterdam-grusswort-zur-ausstellungseroeffnung\\\/\"},\"wordCount\":9,\"publisher\":{\"@id\":\"https:\\\/\\\/www.tuecher-buecher.de\\\/#organization\"},\"image\":{\"@id\":\"https:\\\/\\\/www.tuecher-buecher.de\\\/index.php\\\/2026\\\/02\\\/12\\\/joel-j-cahen-amsterdam-grusswort-zur-ausstellungseroeffnung\\\/#primaryimage\"},\"thumbnailUrl\":\"https:\\\/\\\/www.tuecher-buecher.de\\\/wp-content\\\/uploads\\\/2026\\\/02\\\/WhatsApp-Image-2026-02-12-at-17.23.15-1.jpeg\",\"articleSection\":[\"Aktuelles\"],\"inLanguage\":\"de\"},{\"@type\":\"WebPage\",\"@id\":\"https:\\\/\\\/www.tuecher-buecher.de\\\/index.php\\\/2026\\\/02\\\/12\\\/joel-j-cahen-amsterdam-grusswort-zur-ausstellungseroeffnung\\\/\",\"url\":\"https:\\\/\\\/www.tuecher-buecher.de\\\/index.php\\\/2026\\\/02\\\/12\\\/joel-j-cahen-amsterdam-grusswort-zur-ausstellungseroeffnung\\\/\",\"name\":\"Jo\u00ebl J. Cahen ( Amsterdam) Grusswort zur Ausstellungser\u00f6ffnung - T\u00fccher und B\u00fccher\",\"isPartOf\":{\"@id\":\"https:\\\/\\\/www.tuecher-buecher.de\\\/#website\"},\"primaryImageOfPage\":{\"@id\":\"https:\\\/\\\/www.tuecher-buecher.de\\\/index.php\\\/2026\\\/02\\\/12\\\/joel-j-cahen-amsterdam-grusswort-zur-ausstellungseroeffnung\\\/#primaryimage\"},\"image\":{\"@id\":\"https:\\\/\\\/www.tuecher-buecher.de\\\/index.php\\\/2026\\\/02\\\/12\\\/joel-j-cahen-amsterdam-grusswort-zur-ausstellungseroeffnung\\\/#primaryimage\"},\"thumbnailUrl\":\"https:\\\/\\\/www.tuecher-buecher.de\\\/wp-content\\\/uploads\\\/2026\\\/02\\\/WhatsApp-Image-2026-02-12-at-17.23.15-1.jpeg\",\"datePublished\":\"2026-02-12T15:25:47+00:00\",\"dateModified\":\"2026-04-15T10:54:21+00:00\",\"breadcrumb\":{\"@id\":\"https:\\\/\\\/www.tuecher-buecher.de\\\/index.php\\\/2026\\\/02\\\/12\\\/joel-j-cahen-amsterdam-grusswort-zur-ausstellungseroeffnung\\\/#breadcrumb\"},\"inLanguage\":\"de\",\"potentialAction\":[{\"@type\":\"ReadAction\",\"target\":[\"https:\\\/\\\/www.tuecher-buecher.de\\\/index.php\\\/2026\\\/02\\\/12\\\/joel-j-cahen-amsterdam-grusswort-zur-ausstellungseroeffnung\\\/\"]}]},{\"@type\":\"ImageObject\",\"inLanguage\":\"de\",\"@id\":\"https:\\\/\\\/www.tuecher-buecher.de\\\/index.php\\\/2026\\\/02\\\/12\\\/joel-j-cahen-amsterdam-grusswort-zur-ausstellungseroeffnung\\\/#primaryimage\",\"url\":\"https:\\\/\\\/www.tuecher-buecher.de\\\/wp-content\\\/uploads\\\/2026\\\/02\\\/WhatsApp-Image-2026-02-12-at-17.23.15-1.jpeg\",\"contentUrl\":\"https:\\\/\\\/www.tuecher-buecher.de\\\/wp-content\\\/uploads\\\/2026\\\/02\\\/WhatsApp-Image-2026-02-12-at-17.23.15-1.jpeg\",\"width\":668,\"height\":1000,\"caption\":\"Jo\u00ebl J. Cahen (Amsterdam) Grusswort zur Ausstellungser\u00f6ffnung\"},{\"@type\":\"BreadcrumbList\",\"@id\":\"https:\\\/\\\/www.tuecher-buecher.de\\\/index.php\\\/2026\\\/02\\\/12\\\/joel-j-cahen-amsterdam-grusswort-zur-ausstellungseroeffnung\\\/#breadcrumb\",\"itemListElement\":[{\"@type\":\"ListItem\",\"position\":1,\"name\":\"Home\",\"item\":\"https:\\\/\\\/www.tuecher-buecher.de\\\/\"},{\"@type\":\"ListItem\",\"position\":2,\"name\":\"Jo\u00ebl J. Cahen ( Amsterdam) Grusswort zur Ausstellungser\u00f6ffnung\"}]},{\"@type\":\"WebSite\",\"@id\":\"https:\\\/\\\/www.tuecher-buecher.de\\\/#website\",\"url\":\"https:\\\/\\\/www.tuecher-buecher.de\\\/\",\"name\":\"T\u00fccher und B\u00fccher\",\"description\":\"Die Sonderausstellung im Brechthaus\",\"publisher\":{\"@id\":\"https:\\\/\\\/www.tuecher-buecher.de\\\/#organization\"},\"potentialAction\":[{\"@type\":\"SearchAction\",\"target\":{\"@type\":\"EntryPoint\",\"urlTemplate\":\"https:\\\/\\\/www.tuecher-buecher.de\\\/?s={search_term_string}\"},\"query-input\":{\"@type\":\"PropertyValueSpecification\",\"valueRequired\":true,\"valueName\":\"search_term_string\"}}],\"inLanguage\":\"de\"},{\"@type\":\"Organization\",\"@id\":\"https:\\\/\\\/www.tuecher-buecher.de\\\/#organization\",\"name\":\"T\u00fccher und B\u00fccher\",\"url\":\"https:\\\/\\\/www.tuecher-buecher.de\\\/\",\"logo\":{\"@type\":\"ImageObject\",\"inLanguage\":\"de\",\"@id\":\"https:\\\/\\\/www.tuecher-buecher.de\\\/#\\\/schema\\\/logo\\\/image\\\/\",\"url\":\"https:\\\/\\\/www.tuecher-buecher.de\\\/wp-content\\\/uploads\\\/2026\\\/02\\\/favicon-Tuecher-und-Buecher.jpg\",\"contentUrl\":\"https:\\\/\\\/www.tuecher-buecher.de\\\/wp-content\\\/uploads\\\/2026\\\/02\\\/favicon-Tuecher-und-Buecher.jpg\",\"width\":600,\"height\":600,\"caption\":\"T\u00fccher und B\u00fccher\"},\"image\":{\"@id\":\"https:\\\/\\\/www.tuecher-buecher.de\\\/#\\\/schema\\\/logo\\\/image\\\/\"}},{\"@type\":\"Person\",\"@id\":\"https:\\\/\\\/www.tuecher-buecher.de\\\/#\\\/schema\\\/person\\\/9f0102919684cf0e9671aec8a68b883a\",\"name\":\"admin\",\"image\":{\"@type\":\"ImageObject\",\"inLanguage\":\"de\",\"@id\":\"https:\\\/\\\/secure.gravatar.com\\\/avatar\\\/875e90aaa320b724ef55902dcb50b509c0dc0c544690207354b9f79c323ec36e?s=96&d=mm&r=g\",\"url\":\"https:\\\/\\\/secure.gravatar.com\\\/avatar\\\/875e90aaa320b724ef55902dcb50b509c0dc0c544690207354b9f79c323ec36e?s=96&d=mm&r=g\",\"contentUrl\":\"https:\\\/\\\/secure.gravatar.com\\\/avatar\\\/875e90aaa320b724ef55902dcb50b509c0dc0c544690207354b9f79c323ec36e?s=96&d=mm&r=g\",\"caption\":\"admin\"},\"url\":\"https:\\\/\\\/www.tuecher-buecher.de\\\/index.php\\\/author\\\/creativejam\\\/\"}]}<\/script>\n<!-- \/ Yoast SEO plugin. -->","yoast_head_json":{"title":"Jo\u00ebl J. Cahen ( Amsterdam) Grusswort zur Ausstellungser\u00f6ffnung - T\u00fccher und B\u00fccher","robots":{"index":"index","follow":"follow","max-snippet":"max-snippet:-1","max-image-preview":"max-image-preview:large","max-video-preview":"max-video-preview:-1"},"canonical":"https:\/\/www.tuecher-buecher.de\/index.php\/2026\/02\/12\/joel-j-cahen-amsterdam-grusswort-zur-ausstellungseroeffnung\/","og_locale":"de_DE","og_type":"article","og_title":"Jo\u00ebl J. Cahen ( Amsterdam) Grusswort zur Ausstellungser\u00f6ffnung - T\u00fccher und B\u00fccher","og_description":"Im Rahmen der Ausstellung \u201eTu\u0308cher und Bu\u0308cher\u201c l\u00e4dt diese Matinee dazu ein, die literarische Welt der niederl\u00e4ndischen Literaturagentur von Hein Kohn zu entdecken...","og_url":"https:\/\/www.tuecher-buecher.de\/index.php\/2026\/02\/12\/joel-j-cahen-amsterdam-grusswort-zur-ausstellungseroeffnung\/","og_site_name":"T\u00fccher und B\u00fccher","article_published_time":"2026-02-12T15:25:47+00:00","article_modified_time":"2026-04-15T10:54:21+00:00","og_image":[{"width":668,"height":1000,"url":"https:\/\/www.tuecher-buecher.de\/wp-content\/uploads\/2026\/02\/WhatsApp-Image-2026-02-12-at-17.23.15-1.jpeg","type":"image\/jpeg"}],"author":"admin","twitter_card":"summary_large_image","twitter_misc":{"Geschrieben von":"admin"},"schema":{"@context":"https:\/\/schema.org","@graph":[{"@type":"Article","@id":"https:\/\/www.tuecher-buecher.de\/index.php\/2026\/02\/12\/joel-j-cahen-amsterdam-grusswort-zur-ausstellungseroeffnung\/#article","isPartOf":{"@id":"https:\/\/www.tuecher-buecher.de\/index.php\/2026\/02\/12\/joel-j-cahen-amsterdam-grusswort-zur-ausstellungseroeffnung\/"},"author":{"name":"admin","@id":"https:\/\/www.tuecher-buecher.de\/#\/schema\/person\/9f0102919684cf0e9671aec8a68b883a"},"headline":"Jo\u00ebl J. Cahen ( Amsterdam) Grusswort zur Ausstellungser\u00f6ffnung","datePublished":"2026-02-12T15:25:47+00:00","dateModified":"2026-04-15T10:54:21+00:00","mainEntityOfPage":{"@id":"https:\/\/www.tuecher-buecher.de\/index.php\/2026\/02\/12\/joel-j-cahen-amsterdam-grusswort-zur-ausstellungseroeffnung\/"},"wordCount":9,"publisher":{"@id":"https:\/\/www.tuecher-buecher.de\/#organization"},"image":{"@id":"https:\/\/www.tuecher-buecher.de\/index.php\/2026\/02\/12\/joel-j-cahen-amsterdam-grusswort-zur-ausstellungseroeffnung\/#primaryimage"},"thumbnailUrl":"https:\/\/www.tuecher-buecher.de\/wp-content\/uploads\/2026\/02\/WhatsApp-Image-2026-02-12-at-17.23.15-1.jpeg","articleSection":["Aktuelles"],"inLanguage":"de"},{"@type":"WebPage","@id":"https:\/\/www.tuecher-buecher.de\/index.php\/2026\/02\/12\/joel-j-cahen-amsterdam-grusswort-zur-ausstellungseroeffnung\/","url":"https:\/\/www.tuecher-buecher.de\/index.php\/2026\/02\/12\/joel-j-cahen-amsterdam-grusswort-zur-ausstellungseroeffnung\/","name":"Jo\u00ebl J. Cahen ( Amsterdam) Grusswort zur Ausstellungser\u00f6ffnung - T\u00fccher und B\u00fccher","isPartOf":{"@id":"https:\/\/www.tuecher-buecher.de\/#website"},"primaryImageOfPage":{"@id":"https:\/\/www.tuecher-buecher.de\/index.php\/2026\/02\/12\/joel-j-cahen-amsterdam-grusswort-zur-ausstellungseroeffnung\/#primaryimage"},"image":{"@id":"https:\/\/www.tuecher-buecher.de\/index.php\/2026\/02\/12\/joel-j-cahen-amsterdam-grusswort-zur-ausstellungseroeffnung\/#primaryimage"},"thumbnailUrl":"https:\/\/www.tuecher-buecher.de\/wp-content\/uploads\/2026\/02\/WhatsApp-Image-2026-02-12-at-17.23.15-1.jpeg","datePublished":"2026-02-12T15:25:47+00:00","dateModified":"2026-04-15T10:54:21+00:00","breadcrumb":{"@id":"https:\/\/www.tuecher-buecher.de\/index.php\/2026\/02\/12\/joel-j-cahen-amsterdam-grusswort-zur-ausstellungseroeffnung\/#breadcrumb"},"inLanguage":"de","potentialAction":[{"@type":"ReadAction","target":["https:\/\/www.tuecher-buecher.de\/index.php\/2026\/02\/12\/joel-j-cahen-amsterdam-grusswort-zur-ausstellungseroeffnung\/"]}]},{"@type":"ImageObject","inLanguage":"de","@id":"https:\/\/www.tuecher-buecher.de\/index.php\/2026\/02\/12\/joel-j-cahen-amsterdam-grusswort-zur-ausstellungseroeffnung\/#primaryimage","url":"https:\/\/www.tuecher-buecher.de\/wp-content\/uploads\/2026\/02\/WhatsApp-Image-2026-02-12-at-17.23.15-1.jpeg","contentUrl":"https:\/\/www.tuecher-buecher.de\/wp-content\/uploads\/2026\/02\/WhatsApp-Image-2026-02-12-at-17.23.15-1.jpeg","width":668,"height":1000,"caption":"Jo\u00ebl J. Cahen (Amsterdam) Grusswort zur Ausstellungser\u00f6ffnung"},{"@type":"BreadcrumbList","@id":"https:\/\/www.tuecher-buecher.de\/index.php\/2026\/02\/12\/joel-j-cahen-amsterdam-grusswort-zur-ausstellungseroeffnung\/#breadcrumb","itemListElement":[{"@type":"ListItem","position":1,"name":"Home","item":"https:\/\/www.tuecher-buecher.de\/"},{"@type":"ListItem","position":2,"name":"Jo\u00ebl J. Cahen ( Amsterdam) Grusswort zur Ausstellungser\u00f6ffnung"}]},{"@type":"WebSite","@id":"https:\/\/www.tuecher-buecher.de\/#website","url":"https:\/\/www.tuecher-buecher.de\/","name":"T\u00fccher und B\u00fccher","description":"Die Sonderausstellung im Brechthaus","publisher":{"@id":"https:\/\/www.tuecher-buecher.de\/#organization"},"potentialAction":[{"@type":"SearchAction","target":{"@type":"EntryPoint","urlTemplate":"https:\/\/www.tuecher-buecher.de\/?s={search_term_string}"},"query-input":{"@type":"PropertyValueSpecification","valueRequired":true,"valueName":"search_term_string"}}],"inLanguage":"de"},{"@type":"Organization","@id":"https:\/\/www.tuecher-buecher.de\/#organization","name":"T\u00fccher und B\u00fccher","url":"https:\/\/www.tuecher-buecher.de\/","logo":{"@type":"ImageObject","inLanguage":"de","@id":"https:\/\/www.tuecher-buecher.de\/#\/schema\/logo\/image\/","url":"https:\/\/www.tuecher-buecher.de\/wp-content\/uploads\/2026\/02\/favicon-Tuecher-und-Buecher.jpg","contentUrl":"https:\/\/www.tuecher-buecher.de\/wp-content\/uploads\/2026\/02\/favicon-Tuecher-und-Buecher.jpg","width":600,"height":600,"caption":"T\u00fccher und B\u00fccher"},"image":{"@id":"https:\/\/www.tuecher-buecher.de\/#\/schema\/logo\/image\/"}},{"@type":"Person","@id":"https:\/\/www.tuecher-buecher.de\/#\/schema\/person\/9f0102919684cf0e9671aec8a68b883a","name":"admin","image":{"@type":"ImageObject","inLanguage":"de","@id":"https:\/\/secure.gravatar.com\/avatar\/875e90aaa320b724ef55902dcb50b509c0dc0c544690207354b9f79c323ec36e?s=96&d=mm&r=g","url":"https:\/\/secure.gravatar.com\/avatar\/875e90aaa320b724ef55902dcb50b509c0dc0c544690207354b9f79c323ec36e?s=96&d=mm&r=g","contentUrl":"https:\/\/secure.gravatar.com\/avatar\/875e90aaa320b724ef55902dcb50b509c0dc0c544690207354b9f79c323ec36e?s=96&d=mm&r=g","caption":"admin"},"url":"https:\/\/www.tuecher-buecher.de\/index.php\/author\/creativejam\/"}]}},"_links":{"self":[{"href":"https:\/\/www.tuecher-buecher.de\/index.php\/wp-json\/wp\/v2\/posts\/2117","targetHints":{"allow":["GET"]}}],"collection":[{"href":"https:\/\/www.tuecher-buecher.de\/index.php\/wp-json\/wp\/v2\/posts"}],"about":[{"href":"https:\/\/www.tuecher-buecher.de\/index.php\/wp-json\/wp\/v2\/types\/post"}],"author":[{"embeddable":true,"href":"https:\/\/www.tuecher-buecher.de\/index.php\/wp-json\/wp\/v2\/users\/1"}],"replies":[{"embeddable":true,"href":"https:\/\/www.tuecher-buecher.de\/index.php\/wp-json\/wp\/v2\/comments?post=2117"}],"version-history":[{"count":10,"href":"https:\/\/www.tuecher-buecher.de\/index.php\/wp-json\/wp\/v2\/posts\/2117\/revisions"}],"predecessor-version":[{"id":2978,"href":"https:\/\/www.tuecher-buecher.de\/index.php\/wp-json\/wp\/v2\/posts\/2117\/revisions\/2978"}],"wp:featuredmedia":[{"embeddable":true,"href":"https:\/\/www.tuecher-buecher.de\/index.php\/wp-json\/wp\/v2\/media\/2123"}],"wp:attachment":[{"href":"https:\/\/www.tuecher-buecher.de\/index.php\/wp-json\/wp\/v2\/media?parent=2117"}],"wp:term":[{"taxonomy":"category","embeddable":true,"href":"https:\/\/www.tuecher-buecher.de\/index.php\/wp-json\/wp\/v2\/categories?post=2117"},{"taxonomy":"post_tag","embeddable":true,"href":"https:\/\/www.tuecher-buecher.de\/index.php\/wp-json\/wp\/v2\/tags?post=2117"}],"curies":[{"name":"wp","href":"https:\/\/api.w.org\/{rel}","templated":true}]}}