{"id":2369,"date":"2026-02-19T07:19:56","date_gmt":"2026-02-19T07:19:56","guid":{"rendered":"https:\/\/www.tuecher-buecher.de\/?p=2369"},"modified":"2026-04-15T11:22:38","modified_gmt":"2026-04-15T11:22:38","slug":"bilder-der-vernissage-am-12-februar-2026","status":"publish","type":"post","link":"https:\/\/www.tuecher-buecher.de\/index.php\/2026\/02\/19\/bilder-der-vernissage-am-12-februar-2026\/","title":{"rendered":"Bilder der Vernissage am 12. Februar 2026"},"content":{"rendered":"<div class=\"et_pb_section_0 et_pb_section et_section_regular et_block_section\">\n<div class=\"et_pb_row_0 et_pb_row et_block_row\">\n<div class=\"et_pb_column_0 et_pb_column et_pb_column_4_4 et-last-child et_block_column et_pb_css_mix_blend_mode_passthrough\">\n<div class=\"et_pb_text_0 et_pb_text et_pb_bg_layout_light et_pb_module et_block_module\"><div class=\"et_pb_text_inner\"><h1 style=\"text-align: center;\">Bilder von der Vernissage am 12. Februar 2026<\/h1>\n<\/div><\/div>\n\n<div class=\"et_pb_text_1 et_pb_text et_pb_bg_layout_light et_pb_module et_block_module\"><div class=\"et_pb_text_inner\"><p style=\"text-align: center;\"><span style=\"color: #808080;\">Alle Fotos d\u00fcrfen ausdr\u00fccklich zu Zwecken der PR und Dokumentation unter Angabe der jeweiligen Copyrights heruntergeladen und verwendet werden.<\/span><\/p>\n<\/div><\/div>\n<\/div>\n<\/div>\n<\/div>\n\n<div class=\"et_pb_section_1 et_pb_section et_section_regular et_block_section\">\n<div class=\"et_pb_row_1 et_pb_row et_block_row\">\n<div class=\"et_pb_column_1 et_pb_column et_pb_column_1_2 et_block_column et_pb_css_mix_blend_mode_passthrough\">\n<div class=\"et_pb_image_0 et_pb_image et_pb_module et_block_module\"><a href=\"https:\/\/www.tuecher-buecher.de\/wp-content\/uploads\/2026\/02\/Bildschirmfoto-2026-02-17-um-12.51.55.png\" class=\"et_pb_lightbox_image\"><span class=\"et_pb_image_wrap\"><img loading=\"lazy\" decoding=\"async\" src=\"https:\/\/www.tuecher-buecher.de\/wp-content\/uploads\/2026\/02\/Bildschirmfoto-2026-02-17-um-12.51.55.png\" width=\"2000\" height=\"1420\" srcset=\"https:\/\/www.tuecher-buecher.de\/wp-content\/uploads\/2026\/02\/Bildschirmfoto-2026-02-17-um-12.51.55.png 2000w, https:\/\/www.tuecher-buecher.de\/wp-content\/uploads\/2026\/02\/Bildschirmfoto-2026-02-17-um-12.51.55-1280x909.png 1280w, https:\/\/www.tuecher-buecher.de\/wp-content\/uploads\/2026\/02\/Bildschirmfoto-2026-02-17-um-12.51.55-980x696.png 980w, https:\/\/www.tuecher-buecher.de\/wp-content\/uploads\/2026\/02\/Bildschirmfoto-2026-02-17-um-12.51.55-480x341.png 480w\" sizes=\"(min-width: 0px) and (max-width: 480px) 480px, (min-width: 481px) and (max-width: 980px) 980px, (min-width: 981px) and (max-width: 1280px) 1280px, (min-width: 1281px) 2000px, 100vw\" class=\"wp-image-2502\" title=\"Bildschirmfoto 2026-02-17 um 12.51.55\" \/><\/span><\/a><\/div>\n<\/div>\n\n<div class=\"et_pb_column_2 et_pb_column et_pb_column_1_2 et-last-child et_block_column et_pb_css_mix_blend_mode_passthrough\">\n<div class=\"et_pb_image_1 et_pb_image et_pb_module et_block_module\"><a href=\"https:\/\/www.tuecher-buecher.de\/wp-content\/uploads\/2026\/02\/3a-Bildschirmfoto-2026-02-17-um-14.02.51.png\" class=\"et_pb_lightbox_image\"><span class=\"et_pb_image_wrap\"><img loading=\"lazy\" decoding=\"async\" src=\"https:\/\/www.tuecher-buecher.de\/wp-content\/uploads\/2026\/02\/3a-Bildschirmfoto-2026-02-17-um-14.02.51.png\" width=\"2132\" height=\"1506\" srcset=\"https:\/\/www.tuecher-buecher.de\/wp-content\/uploads\/2026\/02\/3a-Bildschirmfoto-2026-02-17-um-14.02.51.png 2132w, https:\/\/www.tuecher-buecher.de\/wp-content\/uploads\/2026\/02\/3a-Bildschirmfoto-2026-02-17-um-14.02.51-1280x904.png 1280w, https:\/\/www.tuecher-buecher.de\/wp-content\/uploads\/2026\/02\/3a-Bildschirmfoto-2026-02-17-um-14.02.51-980x692.png 980w, https:\/\/www.tuecher-buecher.de\/wp-content\/uploads\/2026\/02\/3a-Bildschirmfoto-2026-02-17-um-14.02.51-480x339.png 480w\" sizes=\"(min-width: 0px) and (max-width: 480px) 480px, (min-width: 481px) and (max-width: 980px) 980px, (min-width: 981px) and (max-width: 1280px) 1280px, (min-width: 1281px) 2132px, 100vw\" class=\"wp-image-2525\" title=\"3a-Bildschirmfoto 2026-02-17 um 14.02.51\" \/><\/span><\/a><\/div>\n<\/div>\n<\/div>\n<\/div>\n\n<div class=\"et_pb_section_2 et_pb_section et_section_regular et_block_section\">\n<div class=\"et_pb_row_2 et_pb_row et_block_row\">\n<div class=\"et_pb_column_3 et_pb_column et_pb_column_4_4 et-last-child et_block_column et_pb_css_mix_blend_mode_passthrough\">\n<div class=\"et_pb_text_2 et_pb_text et_pb_bg_layout_light et_pb_module et_block_module\"><div class=\"et_pb_text_inner\"><p style=\"text-align: center;\">Bilder von Daniela Weiland:<\/p>\n<\/div><\/div>\n\n<div class=\"et_pb_gallery_0 et_pb_gallery et_pb_bg_layout_light et_pb_gallery_grid et_pb_module\" data-auto-rotate=\"off\" data-auto-rotate-speed=\"\"><div class=\"et_pb_gallery_items et_post_gallery clearfix et_grid_module\" data-per_page=\"100\"><div class=\"et_pb_gallery_item et_pb_grid_item et_pb_gallery_item_0_0\"><div class=\"et_pb_gallery_image landscape\" data-per_page=\"100\"><a href=\"https:\/\/www.tuecher-buecher.de\/wp-content\/uploads\/2026\/02\/Buecher-und-Tuecher_002.jpg\" title=\"Rupert Gr\u00fcbl (Direktor der Bayerischen Landeszentrale f\u00fcr politische Bildungsarbeit)\"><img loading=\"lazy\" decoding=\"async\" width=\"400\" height=\"284\" src=\"https:\/\/www.tuecher-buecher.de\/wp-content\/uploads\/2026\/02\/Buecher-und-Tuecher_002-400x284.jpg\" alt=\"Rupert Gr\u00fcbl (Direktor der Bayerischen Landeszentrale f\u00fcr politische Bildungsarbeit)\" class=\"wp-image-2316\" srcset=\"https:\/\/www.tuecher-buecher.de\/wp-content\/uploads\/2026\/02\/Buecher-und-Tuecher_002.jpg 479w, https:\/\/www.tuecher-buecher.de\/wp-content\/uploads\/2026\/02\/Buecher-und-Tuecher_002-400x284.jpg 480w\" sizes=\"(max-width:479px) 479px, 100vw\" \/><span class=\"et_overlay\" data-icon=\"\" data-icon-tablet=\"\" data-icon-phone=\"\"><\/span><\/a><\/div><\/div><div class=\"et_pb_gallery_item et_pb_grid_item et_pb_gallery_item_0_1\"><div class=\"et_pb_gallery_image landscape\" data-per_page=\"100\"><a href=\"https:\/\/www.tuecher-buecher.de\/wp-content\/uploads\/2026\/02\/Buecher-und-Tuecher_003.jpg\" title=\"&quot;B\u00fccher und T\u00fccher&quot; Vernissage im Brechthaus Augsburg: Rupert Gr\u00fcbl (Direktor der Bayerischen Landeszentrale f\u00fcr politische Bildungsarbeit)\"><img loading=\"lazy\" decoding=\"async\" width=\"400\" height=\"284\" src=\"https:\/\/www.tuecher-buecher.de\/wp-content\/uploads\/2026\/02\/Buecher-und-Tuecher_003-400x284.jpg\" alt=\"&quot;B\u00fccher und T\u00fccher&quot; Vernissage im Brechthaus Augsburg: Rupert Gr\u00fcbl (Direktor der Bayerischen Landeszentrale f\u00fcr politische Bildungsarbeit)\" class=\"wp-image-2317\" srcset=\"https:\/\/www.tuecher-buecher.de\/wp-content\/uploads\/2026\/02\/Buecher-und-Tuecher_003.jpg 479w, https:\/\/www.tuecher-buecher.de\/wp-content\/uploads\/2026\/02\/Buecher-und-Tuecher_003-400x284.jpg 480w\" sizes=\"(max-width:479px) 479px, 100vw\" \/><span class=\"et_overlay\" data-icon=\"\" data-icon-tablet=\"\" data-icon-phone=\"\"><\/span><\/a><\/div><\/div><div class=\"et_pb_gallery_item et_pb_grid_item et_pb_gallery_item_0_2\"><div class=\"et_pb_gallery_image landscape\" data-per_page=\"100\"><a href=\"https:\/\/www.tuecher-buecher.de\/wp-content\/uploads\/2026\/02\/Buecher-und-Tuecher_006.jpg\" title=\"&quot;B\u00fccher und T\u00fccher&quot; Vernissage im Brechthaus Augsburg Er\u00f6ffnungsrede: Rupert Gr\u00fcbl (Direktor der Bayerischen Landeszentrale f\u00fcr politische Bildungsarbeit)\"><img loading=\"lazy\" decoding=\"async\" width=\"400\" height=\"284\" src=\"https:\/\/www.tuecher-buecher.de\/wp-content\/uploads\/2026\/02\/Buecher-und-Tuecher_006-400x284.jpg\" alt=\"&quot;B\u00fccher und T\u00fccher&quot; Vernissage im Brechthaus Augsburg Er\u00f6ffnungsrede: Rupert Gr\u00fcbl (Direktor der Bayerischen Landeszentrale f\u00fcr politische Bildungsarbeit)\" class=\"wp-image-2318\" srcset=\"https:\/\/www.tuecher-buecher.de\/wp-content\/uploads\/2026\/02\/Buecher-und-Tuecher_006.jpg 479w, https:\/\/www.tuecher-buecher.de\/wp-content\/uploads\/2026\/02\/Buecher-und-Tuecher_006-400x284.jpg 480w\" sizes=\"(max-width:479px) 479px, 100vw\" \/><span class=\"et_overlay\" data-icon=\"\" data-icon-tablet=\"\" data-icon-phone=\"\"><\/span><\/a><\/div><\/div><div class=\"et_pb_gallery_item et_pb_grid_item et_pb_gallery_item_0_3\"><div class=\"et_pb_gallery_image landscape\" data-per_page=\"100\"><a href=\"https:\/\/www.tuecher-buecher.de\/wp-content\/uploads\/2026\/02\/Buecher-und-Tuecher_007.jpg\" title=\"von links nach rechts: Dr. Ingvild Richardsen (Kuratorin und Autorin), Rupert Gr\u00fcbl (Direktor der Bayerischen Landeszentrale f\u00fcr politische Bildungsarbeit)\"><img loading=\"lazy\" decoding=\"async\" width=\"400\" height=\"284\" src=\"https:\/\/www.tuecher-buecher.de\/wp-content\/uploads\/2026\/02\/Buecher-und-Tuecher_007-400x284.jpg\" alt=\"von links nach rechts: Dr. Ingvild Richardsen (Kuratorin und Autorin), Rupert Gr\u00fcbl (Direktor der Bayerischen Landeszentrale f\u00fcr politische Bildungsarbeit)\" class=\"wp-image-2319\" srcset=\"https:\/\/www.tuecher-buecher.de\/wp-content\/uploads\/2026\/02\/Buecher-und-Tuecher_007.jpg 479w, https:\/\/www.tuecher-buecher.de\/wp-content\/uploads\/2026\/02\/Buecher-und-Tuecher_007-400x284.jpg 480w\" sizes=\"(max-width:479px) 479px, 100vw\" \/><span class=\"et_overlay\" data-icon=\"\" data-icon-tablet=\"\" data-icon-phone=\"\"><\/span><\/a><\/div><\/div><div class=\"et_pb_gallery_item et_pb_grid_item et_pb_gallery_item_0_4\"><div class=\"et_pb_gallery_image landscape\" data-per_page=\"100\"><a href=\"https:\/\/www.tuecher-buecher.de\/wp-content\/uploads\/2026\/02\/Buecher-und-Tuecher_009.jpg\" title=\"Dr. Ingvild Richardsen (Kuratorin der Ausstellung \u201eB\u00fccher und T\u00fccher\u201c).\"><img loading=\"lazy\" decoding=\"async\" width=\"400\" height=\"284\" src=\"https:\/\/www.tuecher-buecher.de\/wp-content\/uploads\/2026\/02\/Buecher-und-Tuecher_009-400x284.jpg\" alt=\"Dr. Ingvild Richardsen (Kuratorin der Ausstellung \u201eB\u00fccher und T\u00fccher\u201c).\" class=\"wp-image-2321\" srcset=\"https:\/\/www.tuecher-buecher.de\/wp-content\/uploads\/2026\/02\/Buecher-und-Tuecher_009.jpg 479w, https:\/\/www.tuecher-buecher.de\/wp-content\/uploads\/2026\/02\/Buecher-und-Tuecher_009-400x284.jpg 480w\" sizes=\"(max-width:479px) 479px, 100vw\" \/><span class=\"et_overlay\" data-icon=\"\" data-icon-tablet=\"\" data-icon-phone=\"\"><\/span><\/a><\/div><\/div><div class=\"et_pb_gallery_item et_pb_grid_item et_pb_gallery_item_0_5\"><div class=\"et_pb_gallery_image landscape\" data-per_page=\"100\"><a href=\"https:\/\/www.tuecher-buecher.de\/wp-content\/uploads\/2026\/02\/Buecher-und-Tuecher_011.jpg\" title=\"Uta L\u00f6hrer (Ltd. Regierungsdirektorin, Bayerische Landeszentrale f\u00fcr politische Bildungsarbeit)\"><img loading=\"lazy\" decoding=\"async\" width=\"400\" height=\"284\" src=\"https:\/\/www.tuecher-buecher.de\/wp-content\/uploads\/2026\/02\/Buecher-und-Tuecher_011-400x284.jpg\" alt=\"Uta L\u00f6hrer (Ltd. Regierungsdirektorin, Bayerische Landeszentrale f\u00fcr politische Bildungsarbeit)\" class=\"wp-image-2323\" srcset=\"https:\/\/www.tuecher-buecher.de\/wp-content\/uploads\/2026\/02\/Buecher-und-Tuecher_011.jpg 479w, https:\/\/www.tuecher-buecher.de\/wp-content\/uploads\/2026\/02\/Buecher-und-Tuecher_011-400x284.jpg 480w\" sizes=\"(max-width:479px) 479px, 100vw\" \/><span class=\"et_overlay\" data-icon=\"\" data-icon-tablet=\"\" data-icon-phone=\"\"><\/span><\/a><\/div><\/div><div class=\"et_pb_gallery_item et_pb_grid_item et_pb_gallery_item_0_6\"><div class=\"et_pb_gallery_image landscape\" data-per_page=\"100\"><a href=\"https:\/\/www.tuecher-buecher.de\/wp-content\/uploads\/2026\/02\/Buecher-und-Tuecher_012.jpg\" title=\"Uta L\u00f6hrer (Ltd. Regierungsdirektorin, Bayerische Landeszentrale f\u00fcr politische Bildungsarbeit ) und Astrid Kellner M.A. (stellv. Tourismusdirektorin\/Leitung Augsburg Convention, Stadtf\u00fchrungen &amp; Vertrieb)\"><img loading=\"lazy\" decoding=\"async\" width=\"400\" height=\"284\" src=\"https:\/\/www.tuecher-buecher.de\/wp-content\/uploads\/2026\/02\/Buecher-und-Tuecher_012-400x284.jpg\" alt=\"Uta L\u00f6hrer (Ltd. Regierungsdirektorin, Bayerische Landeszentrale f\u00fcr politische Bildungsarbeit ) und Astrid Kellner M.A. (stellv. Tourismusdirektorin\/Leitung Augsburg Convention, Stadtf\u00fchrungen &amp; Vertrieb)\" class=\"wp-image-2324\" srcset=\"https:\/\/www.tuecher-buecher.de\/wp-content\/uploads\/2026\/02\/Buecher-und-Tuecher_012.jpg 479w, https:\/\/www.tuecher-buecher.de\/wp-content\/uploads\/2026\/02\/Buecher-und-Tuecher_012-400x284.jpg 480w\" sizes=\"(max-width:479px) 479px, 100vw\" \/><span class=\"et_overlay\" data-icon=\"\" data-icon-tablet=\"\" data-icon-phone=\"\"><\/span><\/a><\/div><\/div><div class=\"et_pb_gallery_item et_pb_grid_item et_pb_gallery_item_0_7\"><div class=\"et_pb_gallery_image landscape\" data-per_page=\"100\"><a href=\"https:\/\/www.tuecher-buecher.de\/wp-content\/uploads\/2026\/02\/Buecher-und-Tuecher_017.jpg\" title=\"links nach rechts: Dr. Ingvild Richardsen (Kuratorin) und Uta L\u00f6hrer (Bayerische Landeszentrale f\u00fcr politische Bildungsarbeit)\"><img loading=\"lazy\" decoding=\"async\" width=\"400\" height=\"284\" src=\"https:\/\/www.tuecher-buecher.de\/wp-content\/uploads\/2026\/02\/Buecher-und-Tuecher_017-400x284.jpg\" alt=\"links nach rechts: Dr. Ingvild Richardsen (Kuratorin) und Uta L\u00f6hrer (Bayerische Landeszentrale f\u00fcr politische Bildungsarbeit)\" class=\"wp-image-2327\" srcset=\"https:\/\/www.tuecher-buecher.de\/wp-content\/uploads\/2026\/02\/Buecher-und-Tuecher_017.jpg 479w, https:\/\/www.tuecher-buecher.de\/wp-content\/uploads\/2026\/02\/Buecher-und-Tuecher_017-400x284.jpg 480w\" sizes=\"(max-width:479px) 479px, 100vw\" \/><span class=\"et_overlay\" data-icon=\"\" data-icon-tablet=\"\" data-icon-phone=\"\"><\/span><\/a><\/div><\/div><div class=\"et_pb_gallery_item et_pb_grid_item et_pb_gallery_item_0_8\"><div class=\"et_pb_gallery_image landscape\" data-per_page=\"100\"><a href=\"https:\/\/www.tuecher-buecher.de\/wp-content\/uploads\/2026\/02\/Buecher-und-Tuecher_020.jpg\" title=\"Uta L\u00f6hrer (Ltd. Regierungsdirektorin, Bayerische Landeszentrale f\u00fcr politische Bildungsarbeit)\"><img loading=\"lazy\" decoding=\"async\" width=\"400\" height=\"284\" src=\"https:\/\/www.tuecher-buecher.de\/wp-content\/uploads\/2026\/02\/Buecher-und-Tuecher_020-400x284.jpg\" alt=\"Uta L\u00f6hrer (Ltd. Regierungsdirektorin, Bayerische Landeszentrale f\u00fcr politische Bildungsarbeit)\" class=\"wp-image-2329\" srcset=\"https:\/\/www.tuecher-buecher.de\/wp-content\/uploads\/2026\/02\/Buecher-und-Tuecher_020.jpg 479w, https:\/\/www.tuecher-buecher.de\/wp-content\/uploads\/2026\/02\/Buecher-und-Tuecher_020-400x284.jpg 480w\" sizes=\"(max-width:479px) 479px, 100vw\" \/><span class=\"et_overlay\" data-icon=\"\" data-icon-tablet=\"\" data-icon-phone=\"\"><\/span><\/a><\/div><\/div><div class=\"et_pb_gallery_item et_pb_grid_item et_pb_gallery_item_0_9\"><div class=\"et_pb_gallery_image landscape\" data-per_page=\"100\"><a href=\"https:\/\/www.tuecher-buecher.de\/wp-content\/uploads\/2026\/02\/Buecher-und-Tuecher_026.jpg\" title=\"Im Hintergrund von links nach rechts: Christoph Komposch + Markus Komposch (creativeJAM GbR.) - Ausstellungsgestaltung\"><img loading=\"lazy\" decoding=\"async\" width=\"400\" height=\"284\" src=\"https:\/\/www.tuecher-buecher.de\/wp-content\/uploads\/2026\/02\/Buecher-und-Tuecher_026-400x284.jpg\" alt=\"Im Hintergrund von links nach rechts: Christoph Komposch + Markus Komposch (creativeJAM GbR.) - Ausstellungsgestaltung\" class=\"wp-image-2330\" srcset=\"https:\/\/www.tuecher-buecher.de\/wp-content\/uploads\/2026\/02\/Buecher-und-Tuecher_026.jpg 479w, https:\/\/www.tuecher-buecher.de\/wp-content\/uploads\/2026\/02\/Buecher-und-Tuecher_026-400x284.jpg 480w\" sizes=\"(max-width:479px) 479px, 100vw\" \/><span class=\"et_overlay\" data-icon=\"\" data-icon-tablet=\"\" data-icon-phone=\"\"><\/span><\/a><\/div><\/div><div class=\"et_pb_gallery_item et_pb_grid_item et_pb_gallery_item_0_10\"><div class=\"et_pb_gallery_image landscape\" data-per_page=\"100\"><a href=\"https:\/\/www.tuecher-buecher.de\/wp-content\/uploads\/2026\/02\/Buecher-und-Tuecher_029.jpg\" title=\"Bu\u0308cher und Tu\u0308cher - Dr. Ingvild Richardsen (Kuratorin)\"><img loading=\"lazy\" decoding=\"async\" width=\"400\" height=\"284\" src=\"https:\/\/www.tuecher-buecher.de\/wp-content\/uploads\/2026\/02\/Buecher-und-Tuecher_029-400x284.jpg\" alt=\"Bu\u0308cher und Tu\u0308cher - Dr. Ingvild Richardsen (Kuratorin)\" class=\"wp-image-2331\" srcset=\"https:\/\/www.tuecher-buecher.de\/wp-content\/uploads\/2026\/02\/Buecher-und-Tuecher_029.jpg 479w, https:\/\/www.tuecher-buecher.de\/wp-content\/uploads\/2026\/02\/Buecher-und-Tuecher_029-400x284.jpg 480w\" sizes=\"(max-width:479px) 479px, 100vw\" \/><span class=\"et_overlay\" data-icon=\"\" data-icon-tablet=\"\" data-icon-phone=\"\"><\/span><\/a><\/div><\/div><div class=\"et_pb_gallery_item et_pb_grid_item et_pb_gallery_item_0_11\"><div class=\"et_pb_gallery_image landscape\" data-per_page=\"100\"><a href=\"https:\/\/www.tuecher-buecher.de\/wp-content\/uploads\/2026\/02\/Buecher-und-Tuecher_030.jpg\" title=\"Linda Kohn (Literaturagentin, Inhaberin des Internationaal Literatuur Bureau - Amsterdam)\"><img loading=\"lazy\" decoding=\"async\" width=\"400\" height=\"284\" src=\"https:\/\/www.tuecher-buecher.de\/wp-content\/uploads\/2026\/02\/Buecher-und-Tuecher_030-400x284.jpg\" alt=\"Linda Kohn (Literaturagentin, Inhaberin des Internationaal Literatuur Bureau - Amsterdam)\" class=\"wp-image-2332\" srcset=\"https:\/\/www.tuecher-buecher.de\/wp-content\/uploads\/2026\/02\/Buecher-und-Tuecher_030.jpg 479w, https:\/\/www.tuecher-buecher.de\/wp-content\/uploads\/2026\/02\/Buecher-und-Tuecher_030-400x284.jpg 480w\" sizes=\"(max-width:479px) 479px, 100vw\" \/><span class=\"et_overlay\" data-icon=\"\" data-icon-tablet=\"\" data-icon-phone=\"\"><\/span><\/a><\/div><\/div><div class=\"et_pb_gallery_item et_pb_grid_item et_pb_gallery_item_0_12\"><div class=\"et_pb_gallery_image landscape\" data-per_page=\"100\"><a href=\"https:\/\/www.tuecher-buecher.de\/wp-content\/uploads\/2026\/02\/Buecher-und-Tuecher_031.jpg\" title=\"Linda Kohn (Literaturagentin)\"><img loading=\"lazy\" decoding=\"async\" width=\"400\" height=\"284\" src=\"https:\/\/www.tuecher-buecher.de\/wp-content\/uploads\/2026\/02\/Buecher-und-Tuecher_031-400x284.jpg\" alt=\"Linda Kohn (Literaturagentin)\" class=\"wp-image-2333\" srcset=\"https:\/\/www.tuecher-buecher.de\/wp-content\/uploads\/2026\/02\/Buecher-und-Tuecher_031.jpg 479w, https:\/\/www.tuecher-buecher.de\/wp-content\/uploads\/2026\/02\/Buecher-und-Tuecher_031-400x284.jpg 480w\" sizes=\"(max-width:479px) 479px, 100vw\" \/><span class=\"et_overlay\" data-icon=\"\" data-icon-tablet=\"\" data-icon-phone=\"\"><\/span><\/a><\/div><\/div><div class=\"et_pb_gallery_item et_pb_grid_item et_pb_gallery_item_0_13\"><div class=\"et_pb_gallery_image landscape\" data-per_page=\"100\"><a href=\"https:\/\/www.tuecher-buecher.de\/wp-content\/uploads\/2026\/02\/Buecher-und-Tuecher_032.jpg\" title=\"Menno Kohn (Fr\u00fcherer Inhaber des Internationaal Literatuur Bureau - Amsterdam)\"><img loading=\"lazy\" decoding=\"async\" width=\"400\" height=\"284\" src=\"https:\/\/www.tuecher-buecher.de\/wp-content\/uploads\/2026\/02\/Buecher-und-Tuecher_032-400x284.jpg\" alt=\"Menno Kohn (Fr\u00fcherer Inhaber des Internationaal Literatuur Bureau - Amsterdam)\" class=\"wp-image-2334\" srcset=\"https:\/\/www.tuecher-buecher.de\/wp-content\/uploads\/2026\/02\/Buecher-und-Tuecher_032.jpg 479w, https:\/\/www.tuecher-buecher.de\/wp-content\/uploads\/2026\/02\/Buecher-und-Tuecher_032-400x284.jpg 480w\" sizes=\"(max-width:479px) 479px, 100vw\" \/><span class=\"et_overlay\" data-icon=\"\" data-icon-tablet=\"\" data-icon-phone=\"\"><\/span><\/a><\/div><\/div><div class=\"et_pb_gallery_item et_pb_grid_item et_pb_gallery_item_0_14\"><div class=\"et_pb_gallery_image landscape\" data-per_page=\"100\"><a href=\"https:\/\/www.tuecher-buecher.de\/wp-content\/uploads\/2026\/02\/Buecher-und-Tuecher_035.jpg\" title=\"Menno Kohn - fr\u00fcher Inhaber des Internationaal Literatuur Bureau (Amsterdam)\"><img loading=\"lazy\" decoding=\"async\" width=\"400\" height=\"284\" src=\"https:\/\/www.tuecher-buecher.de\/wp-content\/uploads\/2026\/02\/Buecher-und-Tuecher_035-400x284.jpg\" alt=\"Menno Kohn - fr\u00fcher Inhaber des Internationaal Literatuur Bureau (Amsterdam)\" class=\"wp-image-2335\" srcset=\"https:\/\/www.tuecher-buecher.de\/wp-content\/uploads\/2026\/02\/Buecher-und-Tuecher_035.jpg 479w, https:\/\/www.tuecher-buecher.de\/wp-content\/uploads\/2026\/02\/Buecher-und-Tuecher_035-400x284.jpg 480w\" sizes=\"(max-width:479px) 479px, 100vw\" \/><span class=\"et_overlay\" data-icon=\"\" data-icon-tablet=\"\" data-icon-phone=\"\"><\/span><\/a><\/div><\/div><div class=\"et_pb_gallery_item et_pb_grid_item et_pb_gallery_item_0_15\"><div class=\"et_pb_gallery_image landscape\" data-per_page=\"100\"><a href=\"https:\/\/www.tuecher-buecher.de\/wp-content\/uploads\/2026\/02\/Buecher-und-Tuecher_036.jpg\" title=\"Markus Komposch - Ausstellungsgestaltung und Realisation (creativeJAM GbR., M\u00f6dingen)\"><img loading=\"lazy\" decoding=\"async\" width=\"400\" height=\"284\" src=\"https:\/\/www.tuecher-buecher.de\/wp-content\/uploads\/2026\/02\/Buecher-und-Tuecher_036-400x284.jpg\" alt=\"Markus Komposch - Ausstellungsgestaltung und Realisation (creativeJAM GbR., M\u00f6dingen)\" class=\"wp-image-2336\" srcset=\"https:\/\/www.tuecher-buecher.de\/wp-content\/uploads\/2026\/02\/Buecher-und-Tuecher_036.jpg 479w, https:\/\/www.tuecher-buecher.de\/wp-content\/uploads\/2026\/02\/Buecher-und-Tuecher_036-400x284.jpg 480w\" sizes=\"(max-width:479px) 479px, 100vw\" \/><span class=\"et_overlay\" data-icon=\"\" data-icon-tablet=\"\" data-icon-phone=\"\"><\/span><\/a><\/div><\/div><div class=\"et_pb_gallery_item et_pb_grid_item et_pb_gallery_item_0_16\"><div class=\"et_pb_gallery_image landscape\" data-per_page=\"100\"><a href=\"https:\/\/www.tuecher-buecher.de\/wp-content\/uploads\/2026\/02\/Buecher-und-Tuecher_038.jpg\" title=\"Markus Komposch - Ausstellungsgestaltung und Realisation (creativeJAM GbR., M\u00f6dingen)\"><img loading=\"lazy\" decoding=\"async\" width=\"400\" height=\"284\" src=\"https:\/\/www.tuecher-buecher.de\/wp-content\/uploads\/2026\/02\/Buecher-und-Tuecher_038-400x284.jpg\" alt=\"Markus Komposch - Ausstellungsgestaltung und Realisation (creativeJAM GbR., M\u00f6dingen)\" class=\"wp-image-2337\" srcset=\"https:\/\/www.tuecher-buecher.de\/wp-content\/uploads\/2026\/02\/Buecher-und-Tuecher_038.jpg 479w, https:\/\/www.tuecher-buecher.de\/wp-content\/uploads\/2026\/02\/Buecher-und-Tuecher_038-400x284.jpg 480w\" sizes=\"(max-width:479px) 479px, 100vw\" \/><span class=\"et_overlay\" data-icon=\"\" data-icon-tablet=\"\" data-icon-phone=\"\"><\/span><\/a><\/div><\/div><div class=\"et_pb_gallery_item et_pb_grid_item et_pb_gallery_item_0_17\"><div class=\"et_pb_gallery_image landscape\" data-per_page=\"100\"><a href=\"https:\/\/www.tuecher-buecher.de\/wp-content\/uploads\/2026\/02\/Buecher-und-Tuecher_039.jpg\" title=\"Karl Herbst (Volk Verlag)\"><img loading=\"lazy\" decoding=\"async\" width=\"400\" height=\"284\" src=\"https:\/\/www.tuecher-buecher.de\/wp-content\/uploads\/2026\/02\/Buecher-und-Tuecher_039-400x284.jpg\" alt=\"Karl Herbst (Volk Verlag)\" class=\"wp-image-2338\" srcset=\"https:\/\/www.tuecher-buecher.de\/wp-content\/uploads\/2026\/02\/Buecher-und-Tuecher_039.jpg 479w, https:\/\/www.tuecher-buecher.de\/wp-content\/uploads\/2026\/02\/Buecher-und-Tuecher_039-400x284.jpg 480w\" sizes=\"(max-width:479px) 479px, 100vw\" \/><span class=\"et_overlay\" data-icon=\"\" data-icon-tablet=\"\" data-icon-phone=\"\"><\/span><\/a><\/div><\/div><div class=\"et_pb_gallery_item et_pb_grid_item et_pb_gallery_item_0_18\"><div class=\"et_pb_gallery_image landscape\" data-per_page=\"100\"><a href=\"https:\/\/www.tuecher-buecher.de\/wp-content\/uploads\/2026\/02\/Buecher-und-Tuecher_040.jpg\" title=\"Dr. Ingvild Richardsen (Kuratorin und Autorin)\"><img loading=\"lazy\" decoding=\"async\" width=\"400\" height=\"284\" src=\"https:\/\/www.tuecher-buecher.de\/wp-content\/uploads\/2026\/02\/Buecher-und-Tuecher_040-400x284.jpg\" alt=\"Dr. Ingvild Richardsen (Kuratorin und Autorin)\" class=\"wp-image-2339\" srcset=\"https:\/\/www.tuecher-buecher.de\/wp-content\/uploads\/2026\/02\/Buecher-und-Tuecher_040.jpg 479w, https:\/\/www.tuecher-buecher.de\/wp-content\/uploads\/2026\/02\/Buecher-und-Tuecher_040-400x284.jpg 480w\" sizes=\"(max-width:479px) 479px, 100vw\" \/><span class=\"et_overlay\" data-icon=\"\" data-icon-tablet=\"\" data-icon-phone=\"\"><\/span><\/a><\/div><\/div><div class=\"et_pb_gallery_item et_pb_grid_item et_pb_gallery_item_0_19\"><div class=\"et_pb_gallery_image landscape\" data-per_page=\"100\"><a href=\"https:\/\/www.tuecher-buecher.de\/wp-content\/uploads\/2026\/02\/Buecher-und-Tuecher_045.jpg\" title=\"Dr. Ingvild Richardsen (Kuratorin und Autorin)\"><img loading=\"lazy\" decoding=\"async\" width=\"400\" height=\"284\" src=\"https:\/\/www.tuecher-buecher.de\/wp-content\/uploads\/2026\/02\/Buecher-und-Tuecher_045-400x284.jpg\" alt=\"Dr. Ingvild Richardsen (Kuratorin und Autorin)\" class=\"wp-image-2340\" srcset=\"https:\/\/www.tuecher-buecher.de\/wp-content\/uploads\/2026\/02\/Buecher-und-Tuecher_045.jpg 479w, https:\/\/www.tuecher-buecher.de\/wp-content\/uploads\/2026\/02\/Buecher-und-Tuecher_045-400x284.jpg 480w\" sizes=\"(max-width:479px) 479px, 100vw\" \/><span class=\"et_overlay\" data-icon=\"\" data-icon-tablet=\"\" data-icon-phone=\"\"><\/span><\/a><\/div><\/div><div class=\"et_pb_gallery_item et_pb_grid_item et_pb_gallery_item_0_20\"><div class=\"et_pb_gallery_image landscape\" data-per_page=\"100\"><a href=\"https:\/\/www.tuecher-buecher.de\/wp-content\/uploads\/2026\/02\/Buecher-und-Tuecher_050.jpg\" title=\"Linda Kohn - Literaturagentin, Inhaberin des Internationaal Literatuur Bureau (Amsterdam)\"><img loading=\"lazy\" decoding=\"async\" width=\"400\" height=\"284\" src=\"https:\/\/www.tuecher-buecher.de\/wp-content\/uploads\/2026\/02\/Buecher-und-Tuecher_050-400x284.jpg\" alt=\"Linda Kohn - Literaturagentin, Inhaberin des Internationaal Literatuur Bureau (Amsterdam)\" class=\"wp-image-2342\" srcset=\"https:\/\/www.tuecher-buecher.de\/wp-content\/uploads\/2026\/02\/Buecher-und-Tuecher_050.jpg 479w, https:\/\/www.tuecher-buecher.de\/wp-content\/uploads\/2026\/02\/Buecher-und-Tuecher_050-400x284.jpg 480w\" sizes=\"(max-width:479px) 479px, 100vw\" \/><span class=\"et_overlay\" data-icon=\"\" data-icon-tablet=\"\" data-icon-phone=\"\"><\/span><\/a><\/div><\/div><div class=\"et_pb_gallery_item et_pb_grid_item et_pb_gallery_item_0_21\"><div class=\"et_pb_gallery_image landscape\" data-per_page=\"100\"><a href=\"https:\/\/www.tuecher-buecher.de\/wp-content\/uploads\/2026\/02\/WhatsApp-Image-2026-02-13-at-17.02.26.jpeg\" title=\"Dr. Ingvild Richardsen (Kuratorin)\"><img loading=\"lazy\" decoding=\"async\" width=\"400\" height=\"284\" src=\"https:\/\/www.tuecher-buecher.de\/wp-content\/uploads\/2026\/02\/WhatsApp-Image-2026-02-13-at-17.02.26-400x284.jpeg\" alt=\"Dr. Ingvild Richardsen (Kuratorin)\" class=\"wp-image-2171\" srcset=\"https:\/\/www.tuecher-buecher.de\/wp-content\/uploads\/2026\/02\/WhatsApp-Image-2026-02-13-at-17.02.26.jpeg 479w, https:\/\/www.tuecher-buecher.de\/wp-content\/uploads\/2026\/02\/WhatsApp-Image-2026-02-13-at-17.02.26-400x284.jpeg 480w\" sizes=\"(max-width:479px) 479px, 100vw\" \/><span class=\"et_overlay\" data-icon=\"\" data-icon-tablet=\"\" data-icon-phone=\"\"><\/span><\/a><\/div><\/div><div class=\"et_pb_gallery_item et_pb_grid_item et_pb_gallery_item_0_22\"><div class=\"et_pb_gallery_image landscape\" data-per_page=\"100\"><a href=\"https:\/\/www.tuecher-buecher.de\/wp-content\/uploads\/2026\/02\/WhatsApp-Image-2026-02-13-at-17.06.22-1.jpeg\" title=\"Dr. Ingvild Richardsen (Kuratorin)\"><img loading=\"lazy\" decoding=\"async\" width=\"400\" height=\"284\" src=\"https:\/\/www.tuecher-buecher.de\/wp-content\/uploads\/2026\/02\/WhatsApp-Image-2026-02-13-at-17.06.22-1-400x284.jpeg\" alt=\"Dr. Ingvild Richardsen (Kuratorin)\" class=\"wp-image-2170\" srcset=\"https:\/\/www.tuecher-buecher.de\/wp-content\/uploads\/2026\/02\/WhatsApp-Image-2026-02-13-at-17.06.22-1.jpeg 479w, https:\/\/www.tuecher-buecher.de\/wp-content\/uploads\/2026\/02\/WhatsApp-Image-2026-02-13-at-17.06.22-1-400x284.jpeg 480w\" sizes=\"(max-width:479px) 479px, 100vw\" \/><span class=\"et_overlay\" data-icon=\"\" data-icon-tablet=\"\" data-icon-phone=\"\"><\/span><\/a><\/div><\/div><\/div><\/div>\n<\/div>\n<\/div>\n<\/div>\n\n<div class=\"et_pb_section_3 et_pb_section et_section_regular et_block_section\">\n<div class=\"et_pb_row_3 et_pb_row et_block_row\">\n<div class=\"et_pb_column_4 et_pb_column et_pb_column_4_4 et-last-child et_block_column et_pb_css_mix_blend_mode_passthrough\">\n<div class=\"et_pb_text_3 et_pb_text et_pb_bg_layout_light et_pb_module et_block_module\"><div class=\"et_pb_text_inner\"><p style=\"text-align: center;\">Bilder von Ingvild Richardsen:<\/p>\n<\/div><\/div>\n\n<div class=\"et_pb_gallery_1 et_pb_gallery et_pb_bg_layout_light et_pb_gallery_grid et_pb_module\" data-auto-rotate=\"off\" data-auto-rotate-speed=\"\"><div class=\"et_pb_gallery_items et_post_gallery clearfix et_grid_module\" data-per_page=\"100\"><div class=\"et_pb_gallery_item et_pb_grid_item et_pb_gallery_item_1_0\"><div class=\"et_pb_gallery_image landscape\" data-per_page=\"100\"><a href=\"https:\/\/www.tuecher-buecher.de\/wp-content\/uploads\/2026\/02\/WhatsApp-Image-2026-02-13-at-16.47.37.jpeg\" title=\"Jo\u00ebl J. Cahen (Amsterdam) Grusswort zur Ausstellungser\u00f6ffnung\"><img loading=\"lazy\" decoding=\"async\" width=\"400\" height=\"284\" src=\"https:\/\/www.tuecher-buecher.de\/wp-content\/uploads\/2026\/02\/WhatsApp-Image-2026-02-13-at-16.47.37-400x284.jpeg\" alt=\"Jo\u00ebl J. Cahen (Amsterdam) Grusswort zur Ausstellungser\u00f6ffnung\" class=\"wp-image-2185\" srcset=\"https:\/\/www.tuecher-buecher.de\/wp-content\/uploads\/2026\/02\/WhatsApp-Image-2026-02-13-at-16.47.37.jpeg 479w, https:\/\/www.tuecher-buecher.de\/wp-content\/uploads\/2026\/02\/WhatsApp-Image-2026-02-13-at-16.47.37-400x284.jpeg 480w\" sizes=\"(max-width:479px) 479px, 100vw\" \/><span class=\"et_overlay\" data-icon=\"\" data-icon-tablet=\"\" data-icon-phone=\"\"><\/span><\/a><\/div><\/div><div class=\"et_pb_gallery_item et_pb_grid_item et_pb_gallery_item_1_1\"><div class=\"et_pb_gallery_image landscape\" data-per_page=\"100\"><a href=\"https:\/\/www.tuecher-buecher.de\/wp-content\/uploads\/2026\/02\/WhatsApp-Image-2026-02-13-at-16.53.31.jpeg\" title=\"Das Buch &quot;T\u00fccher und B\u00fccher&quot; von Dr. Ingvild Richardsen\"><img loading=\"lazy\" decoding=\"async\" width=\"400\" height=\"284\" src=\"https:\/\/www.tuecher-buecher.de\/wp-content\/uploads\/2026\/02\/WhatsApp-Image-2026-02-13-at-16.53.31-400x284.jpeg\" alt=\"Das Buch &quot;T\u00fccher und B\u00fccher&quot; von Dr. Ingvild Richardsen\" class=\"wp-image-2172\" srcset=\"https:\/\/www.tuecher-buecher.de\/wp-content\/uploads\/2026\/02\/WhatsApp-Image-2026-02-13-at-16.53.31.jpeg 479w, https:\/\/www.tuecher-buecher.de\/wp-content\/uploads\/2026\/02\/WhatsApp-Image-2026-02-13-at-16.53.31-400x284.jpeg 480w\" sizes=\"(max-width:479px) 479px, 100vw\" \/><span class=\"et_overlay\" data-icon=\"\" data-icon-tablet=\"\" data-icon-phone=\"\"><\/span><\/a><\/div><\/div><div class=\"et_pb_gallery_item et_pb_grid_item et_pb_gallery_item_1_2\"><div class=\"et_pb_gallery_image landscape\" data-per_page=\"100\"><a href=\"https:\/\/www.tuecher-buecher.de\/wp-content\/uploads\/2026\/02\/WhatsApp-Image-2026-02-13-at-16.47.38.jpeg\" title=\"Markus Komposch - Ausstellungsgestaltung und Realisation (creativeJAM GbR., M\u00f6dingen)\"><img loading=\"lazy\" decoding=\"async\" width=\"400\" height=\"284\" src=\"https:\/\/www.tuecher-buecher.de\/wp-content\/uploads\/2026\/02\/WhatsApp-Image-2026-02-13-at-16.47.38-400x284.jpeg\" alt=\"Markus Komposch - Ausstellungsgestaltung und Realisation (creativeJAM GbR., M\u00f6dingen)\" class=\"wp-image-2183\" srcset=\"https:\/\/www.tuecher-buecher.de\/wp-content\/uploads\/2026\/02\/WhatsApp-Image-2026-02-13-at-16.47.38.jpeg 479w, https:\/\/www.tuecher-buecher.de\/wp-content\/uploads\/2026\/02\/WhatsApp-Image-2026-02-13-at-16.47.38-400x284.jpeg 480w\" sizes=\"(max-width:479px) 479px, 100vw\" \/><span class=\"et_overlay\" data-icon=\"\" data-icon-tablet=\"\" data-icon-phone=\"\"><\/span><\/a><\/div><\/div><div class=\"et_pb_gallery_item et_pb_grid_item et_pb_gallery_item_1_3\"><div class=\"et_pb_gallery_image landscape\" data-per_page=\"100\"><a href=\"https:\/\/www.tuecher-buecher.de\/wp-content\/uploads\/2026\/02\/WhatsApp-Image-2026-02-13-at-16.53.31-1.jpeg\" title=\"Uta L\u00f6hrer, Drs.Linda Kohn, Menno Kohn, Rupert Gr\u00fcbl, Dr. Ingvild Richardsen\"><img loading=\"lazy\" decoding=\"async\" width=\"400\" height=\"284\" src=\"https:\/\/www.tuecher-buecher.de\/wp-content\/uploads\/2026\/02\/WhatsApp-Image-2026-02-13-at-16.53.31-1-400x284.jpeg\" alt=\"Uta L\u00f6hrer, Drs.Linda Kohn, Menno Kohn, Rupert Gr\u00fcbl, Dr. Ingvild Richardsen\" class=\"wp-image-2173\" srcset=\"https:\/\/www.tuecher-buecher.de\/wp-content\/uploads\/2026\/02\/WhatsApp-Image-2026-02-13-at-16.53.31-1.jpeg 479w, https:\/\/www.tuecher-buecher.de\/wp-content\/uploads\/2026\/02\/WhatsApp-Image-2026-02-13-at-16.53.31-1-400x284.jpeg 480w\" sizes=\"(max-width:479px) 479px, 100vw\" \/><span class=\"et_overlay\" data-icon=\"\" data-icon-tablet=\"\" data-icon-phone=\"\"><\/span><\/a><\/div><\/div><div class=\"et_pb_gallery_item et_pb_grid_item et_pb_gallery_item_1_4\"><div class=\"et_pb_gallery_image landscape\" data-per_page=\"100\"><a href=\"https:\/\/www.tuecher-buecher.de\/wp-content\/uploads\/2026\/02\/WhatsApp-Image-2026-02-13-at-16.48.17-2.jpeg\" title=\"Markus Komposch - Ausstellungsgestaltung (creativeJAM GbR.), Dr. Stephan Bachter (Volkskundler und Historiker)\"><img loading=\"lazy\" decoding=\"async\" width=\"400\" height=\"284\" src=\"https:\/\/www.tuecher-buecher.de\/wp-content\/uploads\/2026\/02\/WhatsApp-Image-2026-02-13-at-16.48.17-2-400x284.jpeg\" alt=\"Markus Komposch - Ausstellungsgestaltung (creativeJAM GbR.), Dr. Stephan Bachter (Volkskundler und Historiker)\" class=\"wp-image-2181\" srcset=\"https:\/\/www.tuecher-buecher.de\/wp-content\/uploads\/2026\/02\/WhatsApp-Image-2026-02-13-at-16.48.17-2.jpeg 479w, https:\/\/www.tuecher-buecher.de\/wp-content\/uploads\/2026\/02\/WhatsApp-Image-2026-02-13-at-16.48.17-2-400x284.jpeg 480w\" sizes=\"(max-width:479px) 479px, 100vw\" \/><span class=\"et_overlay\" data-icon=\"\" data-icon-tablet=\"\" data-icon-phone=\"\"><\/span><\/a><\/div><\/div><div class=\"et_pb_gallery_item et_pb_grid_item et_pb_gallery_item_1_5\"><div class=\"et_pb_gallery_image landscape\" data-per_page=\"100\"><a href=\"https:\/\/www.tuecher-buecher.de\/wp-content\/uploads\/2026\/02\/WhatsApp-Image-2026-02-13-at-16.48.17-1.jpeg\" title=\"Im Hintergrund: Dr. Uwe Kullnick (Literaturradio H\u00f6rbahn) im Gespr\u00e4ch mit Menno Kohn\"><img loading=\"lazy\" decoding=\"async\" width=\"400\" height=\"284\" src=\"https:\/\/www.tuecher-buecher.de\/wp-content\/uploads\/2026\/02\/WhatsApp-Image-2026-02-13-at-16.48.17-1-400x284.jpeg\" alt=\"Im Hintergrund: Dr. Uwe Kullnick (Literaturradio H\u00f6rbahn) im Gespr\u00e4ch mit Menno Kohn\" class=\"wp-image-2182\" srcset=\"https:\/\/www.tuecher-buecher.de\/wp-content\/uploads\/2026\/02\/WhatsApp-Image-2026-02-13-at-16.48.17-1.jpeg 479w, https:\/\/www.tuecher-buecher.de\/wp-content\/uploads\/2026\/02\/WhatsApp-Image-2026-02-13-at-16.48.17-1-400x284.jpeg 480w\" sizes=\"(max-width:479px) 479px, 100vw\" \/><span class=\"et_overlay\" data-icon=\"\" data-icon-tablet=\"\" data-icon-phone=\"\"><\/span><\/a><\/div><\/div><div class=\"et_pb_gallery_item et_pb_grid_item et_pb_gallery_item_1_6\"><div class=\"et_pb_gallery_image landscape\" data-per_page=\"100\"><a href=\"https:\/\/www.tuecher-buecher.de\/wp-content\/uploads\/2026\/02\/WhatsApp-Image-2026-02-13-at-16.48.17-3.jpeg\" title=\"Christoph Komposch (creativeJAM GbR.), Dr. Uwe Kullnick (Literaturradio H\u00f6rbahn) im Gespr\u00e4ch mit Menno Kohn\"><img loading=\"lazy\" decoding=\"async\" width=\"400\" height=\"284\" src=\"https:\/\/www.tuecher-buecher.de\/wp-content\/uploads\/2026\/02\/WhatsApp-Image-2026-02-13-at-16.48.17-3-400x284.jpeg\" alt=\"Christoph Komposch (creativeJAM GbR.), Dr. Uwe Kullnick (Literaturradio H\u00f6rbahn) im Gespr\u00e4ch mit Menno Kohn\" class=\"wp-image-2180\" srcset=\"https:\/\/www.tuecher-buecher.de\/wp-content\/uploads\/2026\/02\/WhatsApp-Image-2026-02-13-at-16.48.17-3.jpeg 479w, https:\/\/www.tuecher-buecher.de\/wp-content\/uploads\/2026\/02\/WhatsApp-Image-2026-02-13-at-16.48.17-3-400x284.jpeg 480w\" sizes=\"(max-width:479px) 479px, 100vw\" \/><span class=\"et_overlay\" data-icon=\"\" data-icon-tablet=\"\" data-icon-phone=\"\"><\/span><\/a><\/div><\/div><div class=\"et_pb_gallery_item et_pb_grid_item et_pb_gallery_item_1_7\"><div class=\"et_pb_gallery_image landscape\" data-per_page=\"100\"><a href=\"https:\/\/www.tuecher-buecher.de\/wp-content\/uploads\/2026\/02\/WhatsApp-Image-2026-02-13-at-16.48.17-8.jpeg\" title=\"Menno Kohn, Vanessa Jeurissen-Kohn, Natascha Boerkamp (Amsterdam) und Jack Weil\"><img loading=\"lazy\" decoding=\"async\" width=\"400\" height=\"284\" src=\"https:\/\/www.tuecher-buecher.de\/wp-content\/uploads\/2026\/02\/WhatsApp-Image-2026-02-13-at-16.48.17-8-400x284.jpeg\" alt=\"Menno Kohn, Vanessa Jeurissen-Kohn, Natascha Boerkamp (Amsterdam) und Jack Weil\" class=\"wp-image-2175\" srcset=\"https:\/\/www.tuecher-buecher.de\/wp-content\/uploads\/2026\/02\/WhatsApp-Image-2026-02-13-at-16.48.17-8.jpeg 479w, https:\/\/www.tuecher-buecher.de\/wp-content\/uploads\/2026\/02\/WhatsApp-Image-2026-02-13-at-16.48.17-8-400x284.jpeg 480w\" sizes=\"(max-width:479px) 479px, 100vw\" \/><span class=\"et_overlay\" data-icon=\"\" data-icon-tablet=\"\" data-icon-phone=\"\"><\/span><\/a><\/div><\/div><div class=\"et_pb_gallery_item et_pb_grid_item et_pb_gallery_item_1_8\"><div class=\"et_pb_gallery_image landscape\" data-per_page=\"100\"><a href=\"https:\/\/www.tuecher-buecher.de\/wp-content\/uploads\/2026\/02\/WhatsApp-Image-2026-02-13-at-16.48.17.jpeg\" title=\"Karla Andr\u00e4 (S\u00e4ngerin und Schauspielerin) und Wibke Reimer (Bezirk Schwaben)\"><img loading=\"lazy\" decoding=\"async\" width=\"400\" height=\"284\" src=\"https:\/\/www.tuecher-buecher.de\/wp-content\/uploads\/2026\/02\/WhatsApp-Image-2026-02-13-at-16.48.17-400x284.jpeg\" alt=\"Karla Andr\u00e4 (S\u00e4ngerin und Schauspielerin) und Wibke Reimer (Bezirk Schwaben)\" class=\"wp-image-2174\" srcset=\"https:\/\/www.tuecher-buecher.de\/wp-content\/uploads\/2026\/02\/WhatsApp-Image-2026-02-13-at-16.48.17.jpeg 479w, https:\/\/www.tuecher-buecher.de\/wp-content\/uploads\/2026\/02\/WhatsApp-Image-2026-02-13-at-16.48.17-400x284.jpeg 480w\" sizes=\"(max-width:479px) 479px, 100vw\" \/><span class=\"et_overlay\" data-icon=\"\" data-icon-tablet=\"\" data-icon-phone=\"\"><\/span><\/a><\/div><\/div><div class=\"et_pb_gallery_item et_pb_grid_item et_pb_gallery_item_1_9\"><div class=\"et_pb_gallery_image landscape\" data-per_page=\"100\"><a href=\"https:\/\/www.tuecher-buecher.de\/wp-content\/uploads\/2026\/02\/WhatsApp-Image-2026-02-13-at-16.48.17-5.jpeg\" title=\"links: Vanessa Jeurissen-Kohn\"><img loading=\"lazy\" decoding=\"async\" width=\"400\" height=\"284\" src=\"https:\/\/www.tuecher-buecher.de\/wp-content\/uploads\/2026\/02\/WhatsApp-Image-2026-02-13-at-16.48.17-5-400x284.jpeg\" alt=\"links: Vanessa Jeurissen-Kohn\" class=\"wp-image-2178\" srcset=\"https:\/\/www.tuecher-buecher.de\/wp-content\/uploads\/2026\/02\/WhatsApp-Image-2026-02-13-at-16.48.17-5.jpeg 479w, https:\/\/www.tuecher-buecher.de\/wp-content\/uploads\/2026\/02\/WhatsApp-Image-2026-02-13-at-16.48.17-5-400x284.jpeg 480w\" sizes=\"(max-width:479px) 479px, 100vw\" \/><span class=\"et_overlay\" data-icon=\"\" data-icon-tablet=\"\" data-icon-phone=\"\"><\/span><\/a><\/div><\/div><div class=\"et_pb_gallery_item et_pb_grid_item et_pb_gallery_item_1_10\"><div class=\"et_pb_gallery_image landscape\" data-per_page=\"100\"><a href=\"https:\/\/www.tuecher-buecher.de\/wp-content\/uploads\/2026\/02\/WhatsApp-Image-2026-02-13-at-16.48.17-6.jpeg\" title=\"Karl Herbst (Volk Verlag)\"><img loading=\"lazy\" decoding=\"async\" width=\"400\" height=\"284\" src=\"https:\/\/www.tuecher-buecher.de\/wp-content\/uploads\/2026\/02\/WhatsApp-Image-2026-02-13-at-16.48.17-6-400x284.jpeg\" alt=\"Karl Herbst (Volk Verlag)\" class=\"wp-image-2177\" srcset=\"https:\/\/www.tuecher-buecher.de\/wp-content\/uploads\/2026\/02\/WhatsApp-Image-2026-02-13-at-16.48.17-6.jpeg 479w, https:\/\/www.tuecher-buecher.de\/wp-content\/uploads\/2026\/02\/WhatsApp-Image-2026-02-13-at-16.48.17-6-400x284.jpeg 480w\" sizes=\"(max-width:479px) 479px, 100vw\" \/><span class=\"et_overlay\" data-icon=\"\" data-icon-tablet=\"\" data-icon-phone=\"\"><\/span><\/a><\/div><\/div><\/div><\/div>\n<\/div>\n<\/div>\n<\/div>\n\n<div class=\"et_pb_section_4 et_pb_section et_section_regular et_block_section\">\n<div class=\"et_pb_row_4 et_pb_row et_block_row\">\n<div class=\"et_pb_column_5 et_pb_column et_pb_column_4_4 et-last-child et_block_column et_pb_css_mix_blend_mode_passthrough\">\n<div class=\"et_pb_text_4 et_pb_text et_pb_bg_layout_light et_pb_module et_block_module\"><div class=\"et_pb_text_inner\"><p style=\"text-align: center;\">Bilder von Markus Komposch (creativeJAM GbR):<\/p>\n<\/div><\/div>\n\n<div class=\"et_pb_gallery_2 et_pb_gallery et_pb_bg_layout_light et_pb_gallery_grid et_pb_module\" data-auto-rotate=\"off\" data-auto-rotate-speed=\"\"><div class=\"et_pb_gallery_items et_post_gallery clearfix et_grid_module\" data-per_page=\"100\"><div class=\"et_pb_gallery_item et_pb_grid_item et_pb_gallery_item_2_0\"><div class=\"et_pb_gallery_image landscape\" data-per_page=\"100\"><a href=\"https:\/\/www.tuecher-buecher.de\/wp-content\/uploads\/2026\/02\/Vernissage-12Febr2026-Tuecher_und_Buecher-00882.jpg\" title=\"Markus Komposch, Menno Kohn, Drs. Linda Kohn, Dr. Ingvild Richardsen\"><img loading=\"lazy\" decoding=\"async\" width=\"400\" height=\"284\" src=\"https:\/\/www.tuecher-buecher.de\/wp-content\/uploads\/2026\/02\/Vernissage-12Febr2026-Tuecher_und_Buecher-00882-400x284.jpg\" alt=\"Markus Komposch, Menno Kohn, Drs. Linda Kohn, Dr. Ingvild Richardsen\" class=\"wp-image-2291\" srcset=\"https:\/\/www.tuecher-buecher.de\/wp-content\/uploads\/2026\/02\/Vernissage-12Febr2026-Tuecher_und_Buecher-00882.jpg 479w, https:\/\/www.tuecher-buecher.de\/wp-content\/uploads\/2026\/02\/Vernissage-12Febr2026-Tuecher_und_Buecher-00882-400x284.jpg 480w\" sizes=\"(max-width:479px) 479px, 100vw\" \/><span class=\"et_overlay\" data-icon=\"\" data-icon-tablet=\"\" data-icon-phone=\"\"><\/span><\/a><\/div><\/div><div class=\"et_pb_gallery_item et_pb_grid_item et_pb_gallery_item_2_1\"><div class=\"et_pb_gallery_image landscape\" data-per_page=\"100\"><a href=\"https:\/\/www.tuecher-buecher.de\/wp-content\/uploads\/2026\/02\/Vernissage-12Febr2026-Tuecher_und_Buecher-00669.jpg\" title=\"Menno Kohn mit seiner Frau Annelies\"><img loading=\"lazy\" decoding=\"async\" width=\"400\" height=\"284\" src=\"https:\/\/www.tuecher-buecher.de\/wp-content\/uploads\/2026\/02\/Vernissage-12Febr2026-Tuecher_und_Buecher-00669-400x284.jpg\" alt=\"Menno Kohn mit seiner Frau Annelies\" class=\"wp-image-2200\" srcset=\"https:\/\/www.tuecher-buecher.de\/wp-content\/uploads\/2026\/02\/Vernissage-12Febr2026-Tuecher_und_Buecher-00669.jpg 479w, https:\/\/www.tuecher-buecher.de\/wp-content\/uploads\/2026\/02\/Vernissage-12Febr2026-Tuecher_und_Buecher-00669-400x284.jpg 480w\" sizes=\"(max-width:479px) 479px, 100vw\" \/><span class=\"et_overlay\" data-icon=\"\" data-icon-tablet=\"\" data-icon-phone=\"\"><\/span><\/a><\/div><\/div><div class=\"et_pb_gallery_item et_pb_grid_item et_pb_gallery_item_2_2\"><div class=\"et_pb_gallery_image landscape\" data-per_page=\"100\"><a href=\"https:\/\/www.tuecher-buecher.de\/wp-content\/uploads\/2026\/02\/Vernissage-12Febr2026-Tuecher_und_Buecher-00667.jpg\" title=\"v.l.n.r: Dr. Uwe Kullnick (Literaturradio H\u00f6rbahn), Rupert Gr\u00fcbl (Direktor der Bayerischen Landeszentrale f\u00fcr politische Bildungsarbeit), Christoph Komposch (creativeJAM GbR.)\"><img loading=\"lazy\" decoding=\"async\" width=\"400\" height=\"284\" src=\"https:\/\/www.tuecher-buecher.de\/wp-content\/uploads\/2026\/02\/Vernissage-12Febr2026-Tuecher_und_Buecher-00667-400x284.jpg\" alt=\"v.l.n.r: Dr. Uwe Kullnick (Literaturradio H\u00f6rbahn), Rupert Gr\u00fcbl (Direktor der Bayerischen Landeszentrale f\u00fcr politische Bildungsarbeit), Christoph Komposch (creativeJAM GbR.)\" class=\"wp-image-2198\" srcset=\"https:\/\/www.tuecher-buecher.de\/wp-content\/uploads\/2026\/02\/Vernissage-12Febr2026-Tuecher_und_Buecher-00667.jpg 479w, https:\/\/www.tuecher-buecher.de\/wp-content\/uploads\/2026\/02\/Vernissage-12Febr2026-Tuecher_und_Buecher-00667-400x284.jpg 480w\" sizes=\"(max-width:479px) 479px, 100vw\" \/><span class=\"et_overlay\" data-icon=\"\" data-icon-tablet=\"\" data-icon-phone=\"\"><\/span><\/a><\/div><\/div><div class=\"et_pb_gallery_item et_pb_grid_item et_pb_gallery_item_2_3\"><div class=\"et_pb_gallery_image landscape\" data-per_page=\"100\"><a href=\"https:\/\/www.tuecher-buecher.de\/wp-content\/uploads\/2026\/02\/Vernissage-12Febr2026-Tuecher_und_Buecher-00665.jpg\" title=\"v.l.n.r: Dr. Uwe Kullnick (Literaturradio H\u00f6rbahn), Rupert Gr\u00fcbl (Direktor der Bayerischen Landeszentrale f\u00fcr politische Bildungsarbeit), Christoph Komposch (creativeJAM GbR.)\"><img loading=\"lazy\" decoding=\"async\" width=\"400\" height=\"284\" src=\"https:\/\/www.tuecher-buecher.de\/wp-content\/uploads\/2026\/02\/Vernissage-12Febr2026-Tuecher_und_Buecher-00665-400x284.jpg\" alt=\"v.l.n.r: Dr. Uwe Kullnick (Literaturradio H\u00f6rbahn), Rupert Gr\u00fcbl (Direktor der Bayerischen Landeszentrale f\u00fcr politische Bildungsarbeit), Christoph Komposch (creativeJAM GbR.)\" class=\"wp-image-2196\" srcset=\"https:\/\/www.tuecher-buecher.de\/wp-content\/uploads\/2026\/02\/Vernissage-12Febr2026-Tuecher_und_Buecher-00665.jpg 479w, https:\/\/www.tuecher-buecher.de\/wp-content\/uploads\/2026\/02\/Vernissage-12Febr2026-Tuecher_und_Buecher-00665-400x284.jpg 480w\" sizes=\"(max-width:479px) 479px, 100vw\" \/><span class=\"et_overlay\" data-icon=\"\" data-icon-tablet=\"\" data-icon-phone=\"\"><\/span><\/a><\/div><\/div><div class=\"et_pb_gallery_item et_pb_grid_item et_pb_gallery_item_2_4\"><div class=\"et_pb_gallery_image landscape\" data-per_page=\"100\"><a href=\"https:\/\/www.tuecher-buecher.de\/wp-content\/uploads\/2026\/02\/Vernissage-12Febr2026-Tuecher_und_Buecher-00671.jpg\" title=\"Wibke Reimer (Bezirk Schwaben), Dr. Stephan Bachter, ganz rechts: Christoph Komposch (creativeJAM GbR.)\"><img loading=\"lazy\" decoding=\"async\" width=\"400\" height=\"284\" src=\"https:\/\/www.tuecher-buecher.de\/wp-content\/uploads\/2026\/02\/Vernissage-12Febr2026-Tuecher_und_Buecher-00671-400x284.jpg\" alt=\"Wibke Reimer (Bezirk Schwaben), Dr. Stephan Bachter, ganz rechts: Christoph Komposch (creativeJAM GbR.)\" class=\"wp-image-2201\" srcset=\"https:\/\/www.tuecher-buecher.de\/wp-content\/uploads\/2026\/02\/Vernissage-12Febr2026-Tuecher_und_Buecher-00671.jpg 479w, https:\/\/www.tuecher-buecher.de\/wp-content\/uploads\/2026\/02\/Vernissage-12Febr2026-Tuecher_und_Buecher-00671-400x284.jpg 480w\" sizes=\"(max-width:479px) 479px, 100vw\" \/><span class=\"et_overlay\" data-icon=\"\" data-icon-tablet=\"\" data-icon-phone=\"\"><\/span><\/a><\/div><\/div><div class=\"et_pb_gallery_item et_pb_grid_item et_pb_gallery_item_2_5\"><div class=\"et_pb_gallery_image landscape\" data-per_page=\"100\"><a href=\"https:\/\/www.tuecher-buecher.de\/wp-content\/uploads\/2026\/02\/Vernissage-12Febr2026-Tuecher_und_Buecher-00672.jpg\" title=\"Christina Gibbs und Uta L\u00f6hrer ( Bayerische Landeszentrale f\u00fcr politische Bildungsarbeit Bayern)\"><img loading=\"lazy\" decoding=\"async\" width=\"400\" height=\"284\" src=\"https:\/\/www.tuecher-buecher.de\/wp-content\/uploads\/2026\/02\/Vernissage-12Febr2026-Tuecher_und_Buecher-00672-400x284.jpg\" alt=\"Christina Gibbs und Uta L\u00f6hrer ( Bayerische Landeszentrale f\u00fcr politische Bildungsarbeit Bayern)\" class=\"wp-image-2202\" srcset=\"https:\/\/www.tuecher-buecher.de\/wp-content\/uploads\/2026\/02\/Vernissage-12Febr2026-Tuecher_und_Buecher-00672.jpg 479w, https:\/\/www.tuecher-buecher.de\/wp-content\/uploads\/2026\/02\/Vernissage-12Febr2026-Tuecher_und_Buecher-00672-400x284.jpg 480w\" sizes=\"(max-width:479px) 479px, 100vw\" \/><span class=\"et_overlay\" data-icon=\"\" data-icon-tablet=\"\" data-icon-phone=\"\"><\/span><\/a><\/div><\/div><div class=\"et_pb_gallery_item et_pb_grid_item et_pb_gallery_item_2_6\"><div class=\"et_pb_gallery_image landscape\" data-per_page=\"100\"><a href=\"https:\/\/www.tuecher-buecher.de\/wp-content\/uploads\/2026\/02\/Vernissage-12Febr2026-Tuecher_und_Buecher-00674.jpg\" title=\"v.l.n.r.: Dr. Uwe Kullnick, Drs. Linda Kohn, Arthur Kohn mit Sohn, Vanessa Jeurissen-Kohn\"><img loading=\"lazy\" decoding=\"async\" width=\"400\" height=\"284\" src=\"https:\/\/www.tuecher-buecher.de\/wp-content\/uploads\/2026\/02\/Vernissage-12Febr2026-Tuecher_und_Buecher-00674-400x284.jpg\" alt=\"v.l.n.r.: Dr. Uwe Kullnick, Drs. Linda Kohn, Arthur Kohn mit Sohn, Vanessa Jeurissen-Kohn\" class=\"wp-image-2204\" srcset=\"https:\/\/www.tuecher-buecher.de\/wp-content\/uploads\/2026\/02\/Vernissage-12Febr2026-Tuecher_und_Buecher-00674.jpg 479w, https:\/\/www.tuecher-buecher.de\/wp-content\/uploads\/2026\/02\/Vernissage-12Febr2026-Tuecher_und_Buecher-00674-400x284.jpg 480w\" sizes=\"(max-width:479px) 479px, 100vw\" \/><span class=\"et_overlay\" data-icon=\"\" data-icon-tablet=\"\" data-icon-phone=\"\"><\/span><\/a><\/div><\/div><div class=\"et_pb_gallery_item et_pb_grid_item et_pb_gallery_item_2_7\"><div class=\"et_pb_gallery_image landscape\" data-per_page=\"100\"><a href=\"https:\/\/www.tuecher-buecher.de\/wp-content\/uploads\/2026\/02\/Vernissage-12Febr2026-Tuecher_und_Buecher-00675.jpg\" title=\"v.l.n.r.: Dr. Uwe Kullnick, Drs. Linda Kohn, Arthur Kohn mit Sohn, Vanessa Jeurissen-Kohn\"><img loading=\"lazy\" decoding=\"async\" width=\"400\" height=\"284\" src=\"https:\/\/www.tuecher-buecher.de\/wp-content\/uploads\/2026\/02\/Vernissage-12Febr2026-Tuecher_und_Buecher-00675-400x284.jpg\" alt=\"v.l.n.r.: Dr. Uwe Kullnick, Drs. Linda Kohn, Arthur Kohn mit Sohn, Vanessa Jeurissen-Kohn\" class=\"wp-image-2205\" srcset=\"https:\/\/www.tuecher-buecher.de\/wp-content\/uploads\/2026\/02\/Vernissage-12Febr2026-Tuecher_und_Buecher-00675.jpg 479w, https:\/\/www.tuecher-buecher.de\/wp-content\/uploads\/2026\/02\/Vernissage-12Febr2026-Tuecher_und_Buecher-00675-400x284.jpg 480w\" sizes=\"(max-width:479px) 479px, 100vw\" \/><span class=\"et_overlay\" data-icon=\"\" data-icon-tablet=\"\" data-icon-phone=\"\"><\/span><\/a><\/div><\/div><div class=\"et_pb_gallery_item et_pb_grid_item et_pb_gallery_item_2_8\"><div class=\"et_pb_gallery_image landscape\" data-per_page=\"100\"><a href=\"https:\/\/www.tuecher-buecher.de\/wp-content\/uploads\/2026\/02\/Vernissage-12Febr2026-Tuecher_und_Buecher-00677.jpg\" title=\"Drs. Linda Kohn, Arthur Kohn mit Sohn\"><img loading=\"lazy\" decoding=\"async\" width=\"400\" height=\"284\" src=\"https:\/\/www.tuecher-buecher.de\/wp-content\/uploads\/2026\/02\/Vernissage-12Febr2026-Tuecher_und_Buecher-00677-400x284.jpg\" alt=\"Drs. Linda Kohn, Arthur Kohn mit Sohn\" class=\"wp-image-2206\" srcset=\"https:\/\/www.tuecher-buecher.de\/wp-content\/uploads\/2026\/02\/Vernissage-12Febr2026-Tuecher_und_Buecher-00677.jpg 479w, https:\/\/www.tuecher-buecher.de\/wp-content\/uploads\/2026\/02\/Vernissage-12Febr2026-Tuecher_und_Buecher-00677-400x284.jpg 480w\" sizes=\"(max-width:479px) 479px, 100vw\" \/><span class=\"et_overlay\" data-icon=\"\" data-icon-tablet=\"\" data-icon-phone=\"\"><\/span><\/a><\/div><\/div><div class=\"et_pb_gallery_item et_pb_grid_item et_pb_gallery_item_2_9\"><div class=\"et_pb_gallery_image landscape\" data-per_page=\"100\"><a href=\"https:\/\/www.tuecher-buecher.de\/wp-content\/uploads\/2026\/02\/Vernissage-12Febr2026-Tuecher_und_Buecher-00678.jpg\" title=\"Arthur Kohn mit Sohn\"><img loading=\"lazy\" decoding=\"async\" width=\"400\" height=\"284\" src=\"https:\/\/www.tuecher-buecher.de\/wp-content\/uploads\/2026\/02\/Vernissage-12Febr2026-Tuecher_und_Buecher-00678-400x284.jpg\" alt=\"Arthur Kohn mit Sohn\" class=\"wp-image-2207\" srcset=\"https:\/\/www.tuecher-buecher.de\/wp-content\/uploads\/2026\/02\/Vernissage-12Febr2026-Tuecher_und_Buecher-00678.jpg 479w, https:\/\/www.tuecher-buecher.de\/wp-content\/uploads\/2026\/02\/Vernissage-12Febr2026-Tuecher_und_Buecher-00678-400x284.jpg 480w\" sizes=\"(max-width:479px) 479px, 100vw\" \/><span class=\"et_overlay\" data-icon=\"\" data-icon-tablet=\"\" data-icon-phone=\"\"><\/span><\/a><\/div><\/div><div class=\"et_pb_gallery_item et_pb_grid_item et_pb_gallery_item_2_10\"><div class=\"et_pb_gallery_image landscape\" data-per_page=\"100\"><a href=\"https:\/\/www.tuecher-buecher.de\/wp-content\/uploads\/2026\/02\/Vernissage-12Febr2026-Tuecher_und_Buecher-00680.jpg\" title=\"Dr. Uwe Kullnick, Drs. Linda Kohn, Menno Kohn\"><img loading=\"lazy\" decoding=\"async\" width=\"400\" height=\"284\" src=\"https:\/\/www.tuecher-buecher.de\/wp-content\/uploads\/2026\/02\/Vernissage-12Febr2026-Tuecher_und_Buecher-00680-400x284.jpg\" alt=\"Dr. Uwe Kullnick, Drs. Linda Kohn, Menno Kohn\" class=\"wp-image-2208\" srcset=\"https:\/\/www.tuecher-buecher.de\/wp-content\/uploads\/2026\/02\/Vernissage-12Febr2026-Tuecher_und_Buecher-00680.jpg 479w, https:\/\/www.tuecher-buecher.de\/wp-content\/uploads\/2026\/02\/Vernissage-12Febr2026-Tuecher_und_Buecher-00680-400x284.jpg 480w\" sizes=\"(max-width:479px) 479px, 100vw\" \/><span class=\"et_overlay\" data-icon=\"\" data-icon-tablet=\"\" data-icon-phone=\"\"><\/span><\/a><\/div><\/div><div class=\"et_pb_gallery_item et_pb_grid_item et_pb_gallery_item_2_11\"><div class=\"et_pb_gallery_image landscape\" data-per_page=\"100\"><a href=\"https:\/\/www.tuecher-buecher.de\/wp-content\/uploads\/2026\/02\/Vernissage-12Febr2026-Tuecher_und_Buecher-00690.jpg\" title=\"v.l.n.r.: Christoph Komposch, Dr. Uwe Kullnick, Menno Kohn, Arthur Kohn mit Sohn\"><img loading=\"lazy\" decoding=\"async\" width=\"400\" height=\"284\" src=\"https:\/\/www.tuecher-buecher.de\/wp-content\/uploads\/2026\/02\/Vernissage-12Febr2026-Tuecher_und_Buecher-00690-400x284.jpg\" alt=\"v.l.n.r.: Christoph Komposch, Dr. Uwe Kullnick, Menno Kohn, Arthur Kohn mit Sohn\" class=\"wp-image-2212\" srcset=\"https:\/\/www.tuecher-buecher.de\/wp-content\/uploads\/2026\/02\/Vernissage-12Febr2026-Tuecher_und_Buecher-00690.jpg 479w, https:\/\/www.tuecher-buecher.de\/wp-content\/uploads\/2026\/02\/Vernissage-12Febr2026-Tuecher_und_Buecher-00690-400x284.jpg 480w\" sizes=\"(max-width:479px) 479px, 100vw\" \/><span class=\"et_overlay\" data-icon=\"\" data-icon-tablet=\"\" data-icon-phone=\"\"><\/span><\/a><\/div><\/div><div class=\"et_pb_gallery_item et_pb_grid_item et_pb_gallery_item_2_12\"><div class=\"et_pb_gallery_image landscape\" data-per_page=\"100\"><a href=\"https:\/\/www.tuecher-buecher.de\/wp-content\/uploads\/2026\/02\/Vernissage-12Febr2026-Tuecher_und_Buecher-00684.jpg\" title=\"v.l.n.r.: Christoph Komposch, Dr. Uwe Kullnick, Drs. Linda Kohn, Menno Kohn\"><img loading=\"lazy\" decoding=\"async\" width=\"400\" height=\"284\" src=\"https:\/\/www.tuecher-buecher.de\/wp-content\/uploads\/2026\/02\/Vernissage-12Febr2026-Tuecher_und_Buecher-00684-400x284.jpg\" alt=\"v.l.n.r.: Christoph Komposch, Dr. Uwe Kullnick, Drs. Linda Kohn, Menno Kohn\" class=\"wp-image-2209\" srcset=\"https:\/\/www.tuecher-buecher.de\/wp-content\/uploads\/2026\/02\/Vernissage-12Febr2026-Tuecher_und_Buecher-00684.jpg 479w, https:\/\/www.tuecher-buecher.de\/wp-content\/uploads\/2026\/02\/Vernissage-12Febr2026-Tuecher_und_Buecher-00684-400x284.jpg 480w\" sizes=\"(max-width:479px) 479px, 100vw\" \/><span class=\"et_overlay\" data-icon=\"\" data-icon-tablet=\"\" data-icon-phone=\"\"><\/span><\/a><\/div><\/div><div class=\"et_pb_gallery_item et_pb_grid_item et_pb_gallery_item_2_13\"><div class=\"et_pb_gallery_image landscape\" data-per_page=\"100\"><a href=\"https:\/\/www.tuecher-buecher.de\/wp-content\/uploads\/2026\/02\/Vernissage-12Febr2026-Tuecher_und_Buecher-00699.jpg\" title=\"im Hintergrund v.l.n.r.: Christoph Komposch, Dr. Uwe Kullnick, Menno Kohn\"><img loading=\"lazy\" decoding=\"async\" width=\"400\" height=\"284\" src=\"https:\/\/www.tuecher-buecher.de\/wp-content\/uploads\/2026\/02\/Vernissage-12Febr2026-Tuecher_und_Buecher-00699-400x284.jpg\" alt=\"im Hintergrund v.l.n.r.: Christoph Komposch, Dr. Uwe Kullnick, Menno Kohn\" class=\"wp-image-2217\" srcset=\"https:\/\/www.tuecher-buecher.de\/wp-content\/uploads\/2026\/02\/Vernissage-12Febr2026-Tuecher_und_Buecher-00699.jpg 479w, https:\/\/www.tuecher-buecher.de\/wp-content\/uploads\/2026\/02\/Vernissage-12Febr2026-Tuecher_und_Buecher-00699-400x284.jpg 480w\" sizes=\"(max-width:479px) 479px, 100vw\" \/><span class=\"et_overlay\" data-icon=\"\" data-icon-tablet=\"\" data-icon-phone=\"\"><\/span><\/a><\/div><\/div><div class=\"et_pb_gallery_item et_pb_grid_item et_pb_gallery_item_2_14\"><div class=\"et_pb_gallery_image landscape\" data-per_page=\"100\"><a href=\"https:\/\/www.tuecher-buecher.de\/wp-content\/uploads\/2026\/02\/Vernissage-12Febr2026-Tuecher_und_Buecher-00704.jpg\" title=\"Vernissage-12Febr2026-Tuecher_und_Buecher-00704\"><img loading=\"lazy\" decoding=\"async\" width=\"400\" height=\"284\" src=\"https:\/\/www.tuecher-buecher.de\/wp-content\/uploads\/2026\/02\/Vernissage-12Febr2026-Tuecher_und_Buecher-00704-400x284.jpg\" alt=\"\" class=\"wp-image-2220\" srcset=\"https:\/\/www.tuecher-buecher.de\/wp-content\/uploads\/2026\/02\/Vernissage-12Febr2026-Tuecher_und_Buecher-00704.jpg 479w, https:\/\/www.tuecher-buecher.de\/wp-content\/uploads\/2026\/02\/Vernissage-12Febr2026-Tuecher_und_Buecher-00704-400x284.jpg 480w\" sizes=\"(max-width:479px) 479px, 100vw\" \/><span class=\"et_overlay\" data-icon=\"\" data-icon-tablet=\"\" data-icon-phone=\"\"><\/span><\/a><\/div><\/div><div class=\"et_pb_gallery_item et_pb_grid_item et_pb_gallery_item_2_15\"><div class=\"et_pb_gallery_image landscape\" data-per_page=\"100\"><a href=\"https:\/\/www.tuecher-buecher.de\/wp-content\/uploads\/2026\/02\/Vernissage-12Febr2026-Tuecher_und_Buecher-00696.jpg\" title=\"Karla Andr\u00e4 (S\u00e4ngerin, Schauspielerin), Wibke Reimer (Bezirk Schwaben)\"><img loading=\"lazy\" decoding=\"async\" width=\"400\" height=\"284\" src=\"https:\/\/www.tuecher-buecher.de\/wp-content\/uploads\/2026\/02\/Vernissage-12Febr2026-Tuecher_und_Buecher-00696-400x284.jpg\" alt=\"Karla Andr\u00e4 (S\u00e4ngerin, Schauspielerin), Wibke Reimer (Bezirk Schwaben)\" class=\"wp-image-2214\" srcset=\"https:\/\/www.tuecher-buecher.de\/wp-content\/uploads\/2026\/02\/Vernissage-12Febr2026-Tuecher_und_Buecher-00696.jpg 479w, https:\/\/www.tuecher-buecher.de\/wp-content\/uploads\/2026\/02\/Vernissage-12Febr2026-Tuecher_und_Buecher-00696-400x284.jpg 480w\" sizes=\"(max-width:479px) 479px, 100vw\" \/><span class=\"et_overlay\" data-icon=\"\" data-icon-tablet=\"\" data-icon-phone=\"\"><\/span><\/a><\/div><\/div><div class=\"et_pb_gallery_item et_pb_grid_item et_pb_gallery_item_2_16\"><div class=\"et_pb_gallery_image landscape\" data-per_page=\"100\"><a href=\"https:\/\/www.tuecher-buecher.de\/wp-content\/uploads\/2026\/02\/Vernissage-12Febr2026-Tuecher_und_Buecher-00697.jpg\" title=\"Dr. Stephan Bachter, Karla Andr\u00e4 (S\u00e4ngerin, Schauspielerin)\"><img loading=\"lazy\" decoding=\"async\" width=\"400\" height=\"284\" src=\"https:\/\/www.tuecher-buecher.de\/wp-content\/uploads\/2026\/02\/Vernissage-12Febr2026-Tuecher_und_Buecher-00697-400x284.jpg\" alt=\"Dr. Stephan Bachter, Karla Andr\u00e4 (S\u00e4ngerin, Schauspielerin)\" class=\"wp-image-2215\" srcset=\"https:\/\/www.tuecher-buecher.de\/wp-content\/uploads\/2026\/02\/Vernissage-12Febr2026-Tuecher_und_Buecher-00697.jpg 479w, https:\/\/www.tuecher-buecher.de\/wp-content\/uploads\/2026\/02\/Vernissage-12Febr2026-Tuecher_und_Buecher-00697-400x284.jpg 480w\" sizes=\"(max-width:479px) 479px, 100vw\" \/><span class=\"et_overlay\" data-icon=\"\" data-icon-tablet=\"\" data-icon-phone=\"\"><\/span><\/a><\/div><\/div><div class=\"et_pb_gallery_item et_pb_grid_item et_pb_gallery_item_2_17\"><div class=\"et_pb_gallery_image landscape\" data-per_page=\"100\"><a href=\"https:\/\/www.tuecher-buecher.de\/wp-content\/uploads\/2026\/02\/Vernissage-12Febr2026-Tuecher_und_Buecher-00702.jpg\" title=\"Vanessa Jeurissen-Kohn und Natascha Boerkamp (Amsterdam)\"><img loading=\"lazy\" decoding=\"async\" width=\"400\" height=\"284\" src=\"https:\/\/www.tuecher-buecher.de\/wp-content\/uploads\/2026\/02\/Vernissage-12Febr2026-Tuecher_und_Buecher-00702-400x284.jpg\" alt=\"Vanessa Jeurissen-Kohn und Natascha Boerkamp (Amsterdam)\" class=\"wp-image-2218\" srcset=\"https:\/\/www.tuecher-buecher.de\/wp-content\/uploads\/2026\/02\/Vernissage-12Febr2026-Tuecher_und_Buecher-00702.jpg 479w, https:\/\/www.tuecher-buecher.de\/wp-content\/uploads\/2026\/02\/Vernissage-12Febr2026-Tuecher_und_Buecher-00702-400x284.jpg 480w\" sizes=\"(max-width:479px) 479px, 100vw\" \/><span class=\"et_overlay\" data-icon=\"\" data-icon-tablet=\"\" data-icon-phone=\"\"><\/span><\/a><\/div><\/div><div class=\"et_pb_gallery_item et_pb_grid_item et_pb_gallery_item_2_18\"><div class=\"et_pb_gallery_image landscape\" data-per_page=\"100\"><a href=\"https:\/\/www.tuecher-buecher.de\/wp-content\/uploads\/2026\/02\/Vernissage-12Febr2026-Tuecher_und_Buecher-00703.jpg\" title=\"Dr. Stephan Bachter (Volkskundler und Historiker)\"><img loading=\"lazy\" decoding=\"async\" width=\"400\" height=\"284\" src=\"https:\/\/www.tuecher-buecher.de\/wp-content\/uploads\/2026\/02\/Vernissage-12Febr2026-Tuecher_und_Buecher-00703-400x284.jpg\" alt=\"Dr. Stephan Bachter (Volkskundler und Historiker)\" class=\"wp-image-2219\" srcset=\"https:\/\/www.tuecher-buecher.de\/wp-content\/uploads\/2026\/02\/Vernissage-12Febr2026-Tuecher_und_Buecher-00703.jpg 479w, https:\/\/www.tuecher-buecher.de\/wp-content\/uploads\/2026\/02\/Vernissage-12Febr2026-Tuecher_und_Buecher-00703-400x284.jpg 480w\" sizes=\"(max-width:479px) 479px, 100vw\" \/><span class=\"et_overlay\" data-icon=\"\" data-icon-tablet=\"\" data-icon-phone=\"\"><\/span><\/a><\/div><\/div><div class=\"et_pb_gallery_item et_pb_grid_item et_pb_gallery_item_2_19\"><div class=\"et_pb_gallery_image landscape\" data-per_page=\"100\"><a href=\"https:\/\/www.tuecher-buecher.de\/wp-content\/uploads\/2026\/02\/Vernissage-12Febr2026-Tuecher_und_Buecher-00692.jpg\" title=\"Dr. Stephan Bachter (Volkskundler und Historiker)\"><img loading=\"lazy\" decoding=\"async\" width=\"400\" height=\"284\" src=\"https:\/\/www.tuecher-buecher.de\/wp-content\/uploads\/2026\/02\/Vernissage-12Febr2026-Tuecher_und_Buecher-00692-400x284.jpg\" alt=\"Dr. Stephan Bachter (Volkskundler und Historiker)\" class=\"wp-image-2213\" srcset=\"https:\/\/www.tuecher-buecher.de\/wp-content\/uploads\/2026\/02\/Vernissage-12Febr2026-Tuecher_und_Buecher-00692.jpg 479w, https:\/\/www.tuecher-buecher.de\/wp-content\/uploads\/2026\/02\/Vernissage-12Febr2026-Tuecher_und_Buecher-00692-400x284.jpg 480w\" sizes=\"(max-width:479px) 479px, 100vw\" \/><span class=\"et_overlay\" data-icon=\"\" data-icon-tablet=\"\" data-icon-phone=\"\"><\/span><\/a><\/div><\/div><div class=\"et_pb_gallery_item et_pb_grid_item et_pb_gallery_item_2_20\"><div class=\"et_pb_gallery_image landscape\" data-per_page=\"100\"><a href=\"https:\/\/www.tuecher-buecher.de\/wp-content\/uploads\/2026\/02\/Vernissage-12Febr2026-Tuecher_und_Buecher-00706.jpg\" title=\"Susanne Simor (Leiterin der Lizenzabteilung C. H. Beck Verlag)\"><img loading=\"lazy\" decoding=\"async\" width=\"400\" height=\"284\" src=\"https:\/\/www.tuecher-buecher.de\/wp-content\/uploads\/2026\/02\/Vernissage-12Febr2026-Tuecher_und_Buecher-00706-400x284.jpg\" alt=\"Susanne Simor (Leiterin der Lizenzabteilung C. H. Beck Verlag)\" class=\"wp-image-2221\" srcset=\"https:\/\/www.tuecher-buecher.de\/wp-content\/uploads\/2026\/02\/Vernissage-12Febr2026-Tuecher_und_Buecher-00706.jpg 479w, https:\/\/www.tuecher-buecher.de\/wp-content\/uploads\/2026\/02\/Vernissage-12Febr2026-Tuecher_und_Buecher-00706-400x284.jpg 480w\" sizes=\"(max-width:479px) 479px, 100vw\" \/><span class=\"et_overlay\" data-icon=\"\" data-icon-tablet=\"\" data-icon-phone=\"\"><\/span><\/a><\/div><\/div><div class=\"et_pb_gallery_item et_pb_grid_item et_pb_gallery_item_2_21\"><div class=\"et_pb_gallery_image landscape\" data-per_page=\"100\"><a href=\"https:\/\/www.tuecher-buecher.de\/wp-content\/uploads\/2026\/02\/Vernissage-12Febr2026-Tuecher_und_Buecher-00714.jpg\" title=\"Jack Weil, Linda Kohn, Menno Kohn. Vanessa Jeurissen-Kohn\"><img loading=\"lazy\" decoding=\"async\" width=\"400\" height=\"284\" src=\"https:\/\/www.tuecher-buecher.de\/wp-content\/uploads\/2026\/02\/Vernissage-12Febr2026-Tuecher_und_Buecher-00714-400x284.jpg\" alt=\"Jack Weil, Linda Kohn, Menno Kohn. Vanessa Jeurissen-Kohn\" class=\"wp-image-2227\" srcset=\"https:\/\/www.tuecher-buecher.de\/wp-content\/uploads\/2026\/02\/Vernissage-12Febr2026-Tuecher_und_Buecher-00714.jpg 479w, https:\/\/www.tuecher-buecher.de\/wp-content\/uploads\/2026\/02\/Vernissage-12Febr2026-Tuecher_und_Buecher-00714-400x284.jpg 480w\" sizes=\"(max-width:479px) 479px, 100vw\" \/><span class=\"et_overlay\" data-icon=\"\" data-icon-tablet=\"\" data-icon-phone=\"\"><\/span><\/a><\/div><\/div><div class=\"et_pb_gallery_item et_pb_grid_item et_pb_gallery_item_2_22\"><div class=\"et_pb_gallery_image landscape\" data-per_page=\"100\"><a href=\"https:\/\/www.tuecher-buecher.de\/wp-content\/uploads\/2026\/02\/Vernissage-12Febr2026-Tuecher_und_Buecher-00715.jpg\" title=\"Blick in die Ausstellung: Vernissage-12Febr2026-Tuecher_und_Buecher-00715\"><img loading=\"lazy\" decoding=\"async\" width=\"400\" height=\"284\" src=\"https:\/\/www.tuecher-buecher.de\/wp-content\/uploads\/2026\/02\/Vernissage-12Febr2026-Tuecher_und_Buecher-00715-400x284.jpg\" alt=\"Blick in die Ausstellung: Vernissage-12Febr2026-Tuecher_und_Buecher-00715\" class=\"wp-image-2228\" srcset=\"https:\/\/www.tuecher-buecher.de\/wp-content\/uploads\/2026\/02\/Vernissage-12Febr2026-Tuecher_und_Buecher-00715.jpg 479w, https:\/\/www.tuecher-buecher.de\/wp-content\/uploads\/2026\/02\/Vernissage-12Febr2026-Tuecher_und_Buecher-00715-400x284.jpg 480w\" sizes=\"(max-width:479px) 479px, 100vw\" \/><span class=\"et_overlay\" data-icon=\"\" data-icon-tablet=\"\" data-icon-phone=\"\"><\/span><\/a><\/div><\/div><div class=\"et_pb_gallery_item et_pb_grid_item et_pb_gallery_item_2_23\"><div class=\"et_pb_gallery_image landscape\" data-per_page=\"100\"><a href=\"https:\/\/www.tuecher-buecher.de\/wp-content\/uploads\/2026\/02\/Vernissage-12Febr2026-Tuecher_und_Buecher-00711.jpg\" title=\"Karla Andr\u00e4 (S\u00e4ngerin), J\u00fcrgen K. Enniniger (Kulturreferent der Stadt Augsburg), Uta L\u00f6hrer (Bayerische Landeszentrale f\u00fcr politische Bildungsarbeit)\"><img loading=\"lazy\" decoding=\"async\" width=\"400\" height=\"284\" src=\"https:\/\/www.tuecher-buecher.de\/wp-content\/uploads\/2026\/02\/Vernissage-12Febr2026-Tuecher_und_Buecher-00711-400x284.jpg\" alt=\"Karla Andr\u00e4 (S\u00e4ngerin), J\u00fcrgen K. Enniniger (Kulturreferent der Stadt Augsburg), Uta L\u00f6hrer (Bayerische Landeszentrale f\u00fcr politische Bildungsarbeit)\" class=\"wp-image-2225\" srcset=\"https:\/\/www.tuecher-buecher.de\/wp-content\/uploads\/2026\/02\/Vernissage-12Febr2026-Tuecher_und_Buecher-00711.jpg 479w, https:\/\/www.tuecher-buecher.de\/wp-content\/uploads\/2026\/02\/Vernissage-12Febr2026-Tuecher_und_Buecher-00711-400x284.jpg 480w\" sizes=\"(max-width:479px) 479px, 100vw\" \/><span class=\"et_overlay\" data-icon=\"\" data-icon-tablet=\"\" data-icon-phone=\"\"><\/span><\/a><\/div><\/div><div class=\"et_pb_gallery_item et_pb_grid_item et_pb_gallery_item_2_24\"><div class=\"et_pb_gallery_image landscape\" data-per_page=\"100\"><a href=\"https:\/\/www.tuecher-buecher.de\/wp-content\/uploads\/2026\/02\/Vernissage-12Febr2026-Tuecher_und_Buecher-00726.jpg\" title=\"am Redepult: J\u00fcrgen K. Enninger (Kulturreferent der Stadt Augsburg)\"><img loading=\"lazy\" decoding=\"async\" width=\"400\" height=\"284\" src=\"https:\/\/www.tuecher-buecher.de\/wp-content\/uploads\/2026\/02\/Vernissage-12Febr2026-Tuecher_und_Buecher-00726-400x284.jpg\" alt=\"am Redepult: J\u00fcrgen K. Enninger (Kulturreferent der Stadt Augsburg)\" class=\"wp-image-2233\" srcset=\"https:\/\/www.tuecher-buecher.de\/wp-content\/uploads\/2026\/02\/Vernissage-12Febr2026-Tuecher_und_Buecher-00726.jpg 479w, https:\/\/www.tuecher-buecher.de\/wp-content\/uploads\/2026\/02\/Vernissage-12Febr2026-Tuecher_und_Buecher-00726-400x284.jpg 480w\" sizes=\"(max-width:479px) 479px, 100vw\" \/><span class=\"et_overlay\" data-icon=\"\" data-icon-tablet=\"\" data-icon-phone=\"\"><\/span><\/a><\/div><\/div><div class=\"et_pb_gallery_item et_pb_grid_item et_pb_gallery_item_2_25\"><div class=\"et_pb_gallery_image landscape\" data-per_page=\"100\"><a href=\"https:\/\/www.tuecher-buecher.de\/wp-content\/uploads\/2026\/02\/Vernissage-12Febr2026-Tuecher_und_Buecher-00872.jpg\" title=\"am Redepult: J\u00fcrgen K. Enninger (Kulturreferent der Stadt Augsburg) - Sonderausstellung &quot;T\u00fccher und B\u00fccher&quot; im Brechthaus Augsburg\"><img loading=\"lazy\" decoding=\"async\" width=\"400\" height=\"284\" src=\"https:\/\/www.tuecher-buecher.de\/wp-content\/uploads\/2026\/02\/Vernissage-12Febr2026-Tuecher_und_Buecher-00872-400x284.jpg\" alt=\"am Redepult: J\u00fcrgen K. Enninger (Kulturreferent der Stadt Augsburg) - Sonderausstellung &quot;T\u00fccher und B\u00fccher&quot; im Brechthaus Augsburg\" class=\"wp-image-2287\" srcset=\"https:\/\/www.tuecher-buecher.de\/wp-content\/uploads\/2026\/02\/Vernissage-12Febr2026-Tuecher_und_Buecher-00872.jpg 479w, https:\/\/www.tuecher-buecher.de\/wp-content\/uploads\/2026\/02\/Vernissage-12Febr2026-Tuecher_und_Buecher-00872-400x284.jpg 480w\" sizes=\"(max-width:479px) 479px, 100vw\" \/><span class=\"et_overlay\" data-icon=\"\" data-icon-tablet=\"\" data-icon-phone=\"\"><\/span><\/a><\/div><\/div><div class=\"et_pb_gallery_item et_pb_grid_item et_pb_gallery_item_2_26\"><div class=\"et_pb_gallery_image landscape\" data-per_page=\"100\"><a href=\"https:\/\/www.tuecher-buecher.de\/wp-content\/uploads\/2026\/02\/Vernissage-12Febr2026-Tuecher_und_Buecher-00739.jpg\" title=\"am Redepult: Rupert Gr\u00fcbl, Direktor der Bayerischen Landeszentrale f\u00fcr politische Bildungsarbeit\"><img loading=\"lazy\" decoding=\"async\" width=\"400\" height=\"284\" src=\"https:\/\/www.tuecher-buecher.de\/wp-content\/uploads\/2026\/02\/Vernissage-12Febr2026-Tuecher_und_Buecher-00739-400x284.jpg\" alt=\"am Redepult: Rupert Gr\u00fcbl, Direktor der Bayerischen Landeszentrale f\u00fcr politische Bildungsarbeit\" class=\"wp-image-2237\" srcset=\"https:\/\/www.tuecher-buecher.de\/wp-content\/uploads\/2026\/02\/Vernissage-12Febr2026-Tuecher_und_Buecher-00739.jpg 479w, https:\/\/www.tuecher-buecher.de\/wp-content\/uploads\/2026\/02\/Vernissage-12Febr2026-Tuecher_und_Buecher-00739-400x284.jpg 480w\" sizes=\"(max-width:479px) 479px, 100vw\" \/><span class=\"et_overlay\" data-icon=\"\" data-icon-tablet=\"\" data-icon-phone=\"\"><\/span><\/a><\/div><\/div><div class=\"et_pb_gallery_item et_pb_grid_item et_pb_gallery_item_2_27\"><div class=\"et_pb_gallery_image landscape\" data-per_page=\"100\"><a href=\"https:\/\/www.tuecher-buecher.de\/wp-content\/uploads\/2026\/02\/Vernissage-12Febr2026-Tuecher_und_Buecher-00742.jpg\" title=\"am Redepult: Rupert Gr\u00fcbl, Direktor der Bayerischen Landeszentrale f\u00fcr politische Bildungsarbeit\"><img loading=\"lazy\" decoding=\"async\" width=\"400\" height=\"284\" src=\"https:\/\/www.tuecher-buecher.de\/wp-content\/uploads\/2026\/02\/Vernissage-12Febr2026-Tuecher_und_Buecher-00742-400x284.jpg\" alt=\"am Redepult: Rupert Gr\u00fcbl, Direktor der Bayerischen Landeszentrale f\u00fcr politische Bildungsarbeit\" class=\"wp-image-2239\" srcset=\"https:\/\/www.tuecher-buecher.de\/wp-content\/uploads\/2026\/02\/Vernissage-12Febr2026-Tuecher_und_Buecher-00742.jpg 479w, https:\/\/www.tuecher-buecher.de\/wp-content\/uploads\/2026\/02\/Vernissage-12Febr2026-Tuecher_und_Buecher-00742-400x284.jpg 480w\" sizes=\"(max-width:479px) 479px, 100vw\" \/><span class=\"et_overlay\" data-icon=\"\" data-icon-tablet=\"\" data-icon-phone=\"\"><\/span><\/a><\/div><\/div><div class=\"et_pb_gallery_item et_pb_grid_item et_pb_gallery_item_2_28\"><div class=\"et_pb_gallery_image landscape\" data-per_page=\"100\"><a href=\"https:\/\/www.tuecher-buecher.de\/wp-content\/uploads\/2026\/02\/Vernissage-12Febr2026-Tuecher_und_Buecher-00741.jpg\" title=\"Vernissage-12Febr2026-Tuecher_und_Buecher-00741\"><img loading=\"lazy\" decoding=\"async\" width=\"400\" height=\"284\" src=\"https:\/\/www.tuecher-buecher.de\/wp-content\/uploads\/2026\/02\/Vernissage-12Febr2026-Tuecher_und_Buecher-00741-400x284.jpg\" alt=\"\" class=\"wp-image-2238\" srcset=\"https:\/\/www.tuecher-buecher.de\/wp-content\/uploads\/2026\/02\/Vernissage-12Febr2026-Tuecher_und_Buecher-00741.jpg 479w, https:\/\/www.tuecher-buecher.de\/wp-content\/uploads\/2026\/02\/Vernissage-12Febr2026-Tuecher_und_Buecher-00741-400x284.jpg 480w\" sizes=\"(max-width:479px) 479px, 100vw\" \/><span class=\"et_overlay\" data-icon=\"\" data-icon-tablet=\"\" data-icon-phone=\"\"><\/span><\/a><\/div><\/div><div class=\"et_pb_gallery_item et_pb_grid_item et_pb_gallery_item_2_29\"><div class=\"et_pb_gallery_image landscape\" data-per_page=\"100\"><a href=\"https:\/\/www.tuecher-buecher.de\/wp-content\/uploads\/2026\/02\/Vernissage-12Febr2026-Tuecher_und_Buecher-00769.jpg\" title=\"Vernissage-12Febr2026-Tuecher_und_Buecher-00769\"><img loading=\"lazy\" decoding=\"async\" width=\"400\" height=\"284\" src=\"https:\/\/www.tuecher-buecher.de\/wp-content\/uploads\/2026\/02\/Vernissage-12Febr2026-Tuecher_und_Buecher-00769-400x284.jpg\" alt=\"\" class=\"wp-image-2249\" srcset=\"https:\/\/www.tuecher-buecher.de\/wp-content\/uploads\/2026\/02\/Vernissage-12Febr2026-Tuecher_und_Buecher-00769.jpg 479w, https:\/\/www.tuecher-buecher.de\/wp-content\/uploads\/2026\/02\/Vernissage-12Febr2026-Tuecher_und_Buecher-00769-400x284.jpg 480w\" sizes=\"(max-width:479px) 479px, 100vw\" \/><span class=\"et_overlay\" data-icon=\"\" data-icon-tablet=\"\" data-icon-phone=\"\"><\/span><\/a><\/div><\/div><div class=\"et_pb_gallery_item et_pb_grid_item et_pb_gallery_item_2_30\"><div class=\"et_pb_gallery_image landscape\" data-per_page=\"100\"><a href=\"https:\/\/www.tuecher-buecher.de\/wp-content\/uploads\/2026\/02\/Vernissage-12Febr2026-Tuecher_und_Buecher-00755.jpg\" title=\"Vernissage-12Febr2026-Tuecher_und_Buecher-00755\"><img loading=\"lazy\" decoding=\"async\" width=\"400\" height=\"284\" src=\"https:\/\/www.tuecher-buecher.de\/wp-content\/uploads\/2026\/02\/Vernissage-12Febr2026-Tuecher_und_Buecher-00755-400x284.jpg\" alt=\"\" class=\"wp-image-2244\" srcset=\"https:\/\/www.tuecher-buecher.de\/wp-content\/uploads\/2026\/02\/Vernissage-12Febr2026-Tuecher_und_Buecher-00755.jpg 479w, https:\/\/www.tuecher-buecher.de\/wp-content\/uploads\/2026\/02\/Vernissage-12Febr2026-Tuecher_und_Buecher-00755-400x284.jpg 480w\" sizes=\"(max-width:479px) 479px, 100vw\" \/><span class=\"et_overlay\" data-icon=\"\" data-icon-tablet=\"\" data-icon-phone=\"\"><\/span><\/a><\/div><\/div><div class=\"et_pb_gallery_item et_pb_grid_item et_pb_gallery_item_2_31\"><div class=\"et_pb_gallery_image landscape\" data-per_page=\"100\"><a href=\"https:\/\/www.tuecher-buecher.de\/wp-content\/uploads\/2026\/02\/Vernissage-12Febr2026-Tuecher_und_Buecher-00767.jpg\" title=\"vorne: v.l.n. r: Dr. Markus Kaum und Anne Kaum (Blank-Mezger-Hesserlberger Stiftung)\"><img loading=\"lazy\" decoding=\"async\" width=\"400\" height=\"284\" src=\"https:\/\/www.tuecher-buecher.de\/wp-content\/uploads\/2026\/02\/Vernissage-12Febr2026-Tuecher_und_Buecher-00767-400x284.jpg\" alt=\"vorne: v.l.n. r: Dr. Markus Kaum und Anne Kaum (Blank-Mezger-Hesserlberger Stiftung)\" class=\"wp-image-2248\" srcset=\"https:\/\/www.tuecher-buecher.de\/wp-content\/uploads\/2026\/02\/Vernissage-12Febr2026-Tuecher_und_Buecher-00767.jpg 479w, https:\/\/www.tuecher-buecher.de\/wp-content\/uploads\/2026\/02\/Vernissage-12Febr2026-Tuecher_und_Buecher-00767-400x284.jpg 480w\" sizes=\"(max-width:479px) 479px, 100vw\" \/><span class=\"et_overlay\" data-icon=\"\" data-icon-tablet=\"\" data-icon-phone=\"\"><\/span><\/a><\/div><\/div><div class=\"et_pb_gallery_item et_pb_grid_item et_pb_gallery_item_2_32\"><div class=\"et_pb_gallery_image landscape\" data-per_page=\"100\"><a href=\"https:\/\/www.tuecher-buecher.de\/wp-content\/uploads\/2026\/02\/Vernissage-12Febr2026-Tuecher_und_Buecher-00771.jpg\" title=\"Dr. Ingvild Richardsen (Kuratorin der Ausstellung \u201eT\u00fccher und B\u00fccher\u201c)\"><img loading=\"lazy\" decoding=\"async\" width=\"400\" height=\"284\" src=\"https:\/\/www.tuecher-buecher.de\/wp-content\/uploads\/2026\/02\/Vernissage-12Febr2026-Tuecher_und_Buecher-00771-400x284.jpg\" alt=\"Dr. Ingvild Richardsen (Kuratorin der Ausstellung \u201eT\u00fccher und B\u00fccher\u201c)\" class=\"wp-image-2250\" srcset=\"https:\/\/www.tuecher-buecher.de\/wp-content\/uploads\/2026\/02\/Vernissage-12Febr2026-Tuecher_und_Buecher-00771.jpg 479w, https:\/\/www.tuecher-buecher.de\/wp-content\/uploads\/2026\/02\/Vernissage-12Febr2026-Tuecher_und_Buecher-00771-400x284.jpg 480w\" sizes=\"(max-width:479px) 479px, 100vw\" \/><span class=\"et_overlay\" data-icon=\"\" data-icon-tablet=\"\" data-icon-phone=\"\"><\/span><\/a><\/div><\/div><div class=\"et_pb_gallery_item et_pb_grid_item et_pb_gallery_item_2_33\"><div class=\"et_pb_gallery_image landscape\" data-per_page=\"100\"><a href=\"https:\/\/www.tuecher-buecher.de\/wp-content\/uploads\/2026\/02\/Vernissage-12Febr2026-Tuecher_und_Buecher-00779.jpg\" title=\"Jack Weil (Amsterdam)\"><img loading=\"lazy\" decoding=\"async\" width=\"400\" height=\"284\" src=\"https:\/\/www.tuecher-buecher.de\/wp-content\/uploads\/2026\/02\/Vernissage-12Febr2026-Tuecher_und_Buecher-00779-400x284.jpg\" alt=\"Jack Weil (Amsterdam)\" class=\"wp-image-2253\" srcset=\"https:\/\/www.tuecher-buecher.de\/wp-content\/uploads\/2026\/02\/Vernissage-12Febr2026-Tuecher_und_Buecher-00779.jpg 479w, https:\/\/www.tuecher-buecher.de\/wp-content\/uploads\/2026\/02\/Vernissage-12Febr2026-Tuecher_und_Buecher-00779-400x284.jpg 480w\" sizes=\"(max-width:479px) 479px, 100vw\" \/><span class=\"et_overlay\" data-icon=\"\" data-icon-tablet=\"\" data-icon-phone=\"\"><\/span><\/a><\/div><\/div><div class=\"et_pb_gallery_item et_pb_grid_item et_pb_gallery_item_2_34\"><div class=\"et_pb_gallery_image landscape\" data-per_page=\"100\"><a href=\"https:\/\/www.tuecher-buecher.de\/wp-content\/uploads\/2026\/02\/Vernissage-12Febr2026-Tuecher_und_Buecher-00782.jpg\" title=\"Dr. Ingvild Richardsen (Kuratorin) und Uta L\u00f6hrer (Bayerische Landeszentrale f\u00fcr politische Bildungsarbeit)\"><img loading=\"lazy\" decoding=\"async\" width=\"400\" height=\"284\" src=\"https:\/\/www.tuecher-buecher.de\/wp-content\/uploads\/2026\/02\/Vernissage-12Febr2026-Tuecher_und_Buecher-00782-400x284.jpg\" alt=\"Dr. Ingvild Richardsen (Kuratorin) und Uta L\u00f6hrer (Bayerische Landeszentrale f\u00fcr politische Bildungsarbeit)\" class=\"wp-image-2255\" srcset=\"https:\/\/www.tuecher-buecher.de\/wp-content\/uploads\/2026\/02\/Vernissage-12Febr2026-Tuecher_und_Buecher-00782.jpg 479w, https:\/\/www.tuecher-buecher.de\/wp-content\/uploads\/2026\/02\/Vernissage-12Febr2026-Tuecher_und_Buecher-00782-400x284.jpg 480w\" sizes=\"(max-width:479px) 479px, 100vw\" \/><span class=\"et_overlay\" data-icon=\"\" data-icon-tablet=\"\" data-icon-phone=\"\"><\/span><\/a><\/div><\/div><div class=\"et_pb_gallery_item et_pb_grid_item et_pb_gallery_item_2_35\"><div class=\"et_pb_gallery_image landscape\" data-per_page=\"100\"><a href=\"https:\/\/www.tuecher-buecher.de\/wp-content\/uploads\/2026\/02\/Vernissage-12Febr2026-Tuecher_und_Buecher-00786.jpg\" title=\"Drs. Linda Kohn (Inhaberin des Internationaal Literatuur Bureau, Amsterdam)\"><img loading=\"lazy\" decoding=\"async\" width=\"400\" height=\"284\" src=\"https:\/\/www.tuecher-buecher.de\/wp-content\/uploads\/2026\/02\/Vernissage-12Febr2026-Tuecher_und_Buecher-00786-400x284.jpg\" alt=\"Drs. Linda Kohn (Inhaberin des Internationaal Literatuur Bureau, Amsterdam)\" class=\"wp-image-2257\" srcset=\"https:\/\/www.tuecher-buecher.de\/wp-content\/uploads\/2026\/02\/Vernissage-12Febr2026-Tuecher_und_Buecher-00786.jpg 479w, https:\/\/www.tuecher-buecher.de\/wp-content\/uploads\/2026\/02\/Vernissage-12Febr2026-Tuecher_und_Buecher-00786-400x284.jpg 480w\" sizes=\"(max-width:479px) 479px, 100vw\" \/><span class=\"et_overlay\" data-icon=\"\" data-icon-tablet=\"\" data-icon-phone=\"\"><\/span><\/a><\/div><\/div><div class=\"et_pb_gallery_item et_pb_grid_item et_pb_gallery_item_2_36\"><div class=\"et_pb_gallery_image landscape\" data-per_page=\"100\"><a href=\"https:\/\/www.tuecher-buecher.de\/wp-content\/uploads\/2026\/02\/Vernissage-12Febr2026-Tuecher_und_Buecher-00788.jpg\" title=\"Drs. Linda Kohn (Inhaberin des Internationaal Literatuur Bureau, Amsterdam)\"><img loading=\"lazy\" decoding=\"async\" width=\"400\" height=\"284\" src=\"https:\/\/www.tuecher-buecher.de\/wp-content\/uploads\/2026\/02\/Vernissage-12Febr2026-Tuecher_und_Buecher-00788-400x284.jpg\" alt=\"Drs. Linda Kohn (Inhaberin des Internationaal Literatuur Bureau, Amsterdam)\" class=\"wp-image-2258\" srcset=\"https:\/\/www.tuecher-buecher.de\/wp-content\/uploads\/2026\/02\/Vernissage-12Febr2026-Tuecher_und_Buecher-00788.jpg 479w, https:\/\/www.tuecher-buecher.de\/wp-content\/uploads\/2026\/02\/Vernissage-12Febr2026-Tuecher_und_Buecher-00788-400x284.jpg 480w\" sizes=\"(max-width:479px) 479px, 100vw\" \/><span class=\"et_overlay\" data-icon=\"\" data-icon-tablet=\"\" data-icon-phone=\"\"><\/span><\/a><\/div><\/div><div class=\"et_pb_gallery_item et_pb_grid_item et_pb_gallery_item_2_37\"><div class=\"et_pb_gallery_image landscape\" data-per_page=\"100\"><a href=\"https:\/\/www.tuecher-buecher.de\/wp-content\/uploads\/2026\/02\/Vernissage-12Febr2026-Tuecher_und_Buecher-00793.jpg\" title=\"Menno Kohn (Hilversum)\"><img loading=\"lazy\" decoding=\"async\" width=\"400\" height=\"284\" src=\"https:\/\/www.tuecher-buecher.de\/wp-content\/uploads\/2026\/02\/Vernissage-12Febr2026-Tuecher_und_Buecher-00793-400x284.jpg\" alt=\"Menno Kohn (Hilversum)\" class=\"wp-image-2260\" srcset=\"https:\/\/www.tuecher-buecher.de\/wp-content\/uploads\/2026\/02\/Vernissage-12Febr2026-Tuecher_und_Buecher-00793.jpg 479w, https:\/\/www.tuecher-buecher.de\/wp-content\/uploads\/2026\/02\/Vernissage-12Febr2026-Tuecher_und_Buecher-00793-400x284.jpg 480w\" sizes=\"(max-width:479px) 479px, 100vw\" \/><span class=\"et_overlay\" data-icon=\"\" data-icon-tablet=\"\" data-icon-phone=\"\"><\/span><\/a><\/div><\/div><div class=\"et_pb_gallery_item et_pb_grid_item et_pb_gallery_item_2_38\"><div class=\"et_pb_gallery_image landscape\" data-per_page=\"100\"><a href=\"https:\/\/www.tuecher-buecher.de\/wp-content\/uploads\/2026\/02\/Vernissage-12Febr2026-Tuecher_und_Buecher-00806.jpg\" title=\"Menno Kohn (Hilversum)\"><img loading=\"lazy\" decoding=\"async\" width=\"400\" height=\"284\" src=\"https:\/\/www.tuecher-buecher.de\/wp-content\/uploads\/2026\/02\/Vernissage-12Febr2026-Tuecher_und_Buecher-00806-400x284.jpg\" alt=\"Menno Kohn (Hilversum)\" class=\"wp-image-2262\" srcset=\"https:\/\/www.tuecher-buecher.de\/wp-content\/uploads\/2026\/02\/Vernissage-12Febr2026-Tuecher_und_Buecher-00806.jpg 479w, https:\/\/www.tuecher-buecher.de\/wp-content\/uploads\/2026\/02\/Vernissage-12Febr2026-Tuecher_und_Buecher-00806-400x284.jpg 480w\" sizes=\"(max-width:479px) 479px, 100vw\" \/><span class=\"et_overlay\" data-icon=\"\" data-icon-tablet=\"\" data-icon-phone=\"\"><\/span><\/a><\/div><\/div><div class=\"et_pb_gallery_item et_pb_grid_item et_pb_gallery_item_2_39\"><div class=\"et_pb_gallery_image landscape\" data-per_page=\"100\"><a href=\"https:\/\/www.tuecher-buecher.de\/wp-content\/uploads\/2026\/02\/Vernissage-12Febr2026-Tuecher_und_Buecher-00837.jpg\" title=\"Markus Komposch - Ausstellungsgestaltung &quot;T\u00fccher und B\u00fccher&quot; (creativeJAM GbR.)\"><img loading=\"lazy\" decoding=\"async\" width=\"400\" height=\"284\" src=\"https:\/\/www.tuecher-buecher.de\/wp-content\/uploads\/2026\/02\/Vernissage-12Febr2026-Tuecher_und_Buecher-00837-400x284.jpg\" alt=\"Markus Komposch - Ausstellungsgestaltung &quot;T\u00fccher und B\u00fccher&quot; (creativeJAM GbR.)\" class=\"wp-image-2273\" srcset=\"https:\/\/www.tuecher-buecher.de\/wp-content\/uploads\/2026\/02\/Vernissage-12Febr2026-Tuecher_und_Buecher-00837.jpg 479w, https:\/\/www.tuecher-buecher.de\/wp-content\/uploads\/2026\/02\/Vernissage-12Febr2026-Tuecher_und_Buecher-00837-400x284.jpg 480w\" sizes=\"(max-width:479px) 479px, 100vw\" \/><span class=\"et_overlay\" data-icon=\"\" data-icon-tablet=\"\" data-icon-phone=\"\"><\/span><\/a><\/div><\/div><div class=\"et_pb_gallery_item et_pb_grid_item et_pb_gallery_item_2_40\"><div class=\"et_pb_gallery_image landscape\" data-per_page=\"100\"><a href=\"https:\/\/www.tuecher-buecher.de\/wp-content\/uploads\/2026\/02\/Vernissage-12Febr2026-Tuecher_und_Buecher-00841.jpg\" title=\"Dr. Ingvild Richardsen (Kuratorin der Ausstellung \u201eT\u00fccher und B\u00fccher&quot;)\"><img loading=\"lazy\" decoding=\"async\" width=\"400\" height=\"284\" src=\"https:\/\/www.tuecher-buecher.de\/wp-content\/uploads\/2026\/02\/Vernissage-12Febr2026-Tuecher_und_Buecher-00841-400x284.jpg\" alt=\"Dr. Ingvild Richardsen (Kuratorin der Ausstellung \u201eT\u00fccher und B\u00fccher&quot;)\" class=\"wp-image-2276\" srcset=\"https:\/\/www.tuecher-buecher.de\/wp-content\/uploads\/2026\/02\/Vernissage-12Febr2026-Tuecher_und_Buecher-00841.jpg 479w, https:\/\/www.tuecher-buecher.de\/wp-content\/uploads\/2026\/02\/Vernissage-12Febr2026-Tuecher_und_Buecher-00841-400x284.jpg 480w\" sizes=\"(max-width:479px) 479px, 100vw\" \/><span class=\"et_overlay\" data-icon=\"\" data-icon-tablet=\"\" data-icon-phone=\"\"><\/span><\/a><\/div><\/div><div class=\"et_pb_gallery_item et_pb_grid_item et_pb_gallery_item_2_41\"><div class=\"et_pb_gallery_image landscape\" data-per_page=\"100\"><a href=\"https:\/\/www.tuecher-buecher.de\/wp-content\/uploads\/2026\/02\/Vernissage-12Febr2026-Tuecher_und_Buecher-00847.jpg\" title=\"Vernissage-12Febr2026-Tuecher_und_Buecher-00847\"><img loading=\"lazy\" decoding=\"async\" width=\"400\" height=\"284\" src=\"https:\/\/www.tuecher-buecher.de\/wp-content\/uploads\/2026\/02\/Vernissage-12Febr2026-Tuecher_und_Buecher-00847-400x284.jpg\" alt=\"\" class=\"wp-image-2278\" srcset=\"https:\/\/www.tuecher-buecher.de\/wp-content\/uploads\/2026\/02\/Vernissage-12Febr2026-Tuecher_und_Buecher-00847.jpg 479w, https:\/\/www.tuecher-buecher.de\/wp-content\/uploads\/2026\/02\/Vernissage-12Febr2026-Tuecher_und_Buecher-00847-400x284.jpg 480w\" sizes=\"(max-width:479px) 479px, 100vw\" \/><span class=\"et_overlay\" data-icon=\"\" data-icon-tablet=\"\" data-icon-phone=\"\"><\/span><\/a><\/div><\/div><div class=\"et_pb_gallery_item et_pb_grid_item et_pb_gallery_item_2_42\"><div class=\"et_pb_gallery_image landscape\" data-per_page=\"100\"><a href=\"https:\/\/www.tuecher-buecher.de\/wp-content\/uploads\/2026\/02\/Vernissage-12Febr2026-Tuecher_und_Buecher-00657.jpg\" title=\"Christoph Komposch von creativeJAM GbR. mit dem \u201eKoffer aus Theresienstadt\u201c von Else Dormitzer (Ausstellungsst\u00fcck)\"><img loading=\"lazy\" decoding=\"async\" width=\"400\" height=\"284\" src=\"https:\/\/www.tuecher-buecher.de\/wp-content\/uploads\/2026\/02\/Vernissage-12Febr2026-Tuecher_und_Buecher-00657-400x284.jpg\" alt=\"Christoph Komposch von creativeJAM GbR. mit dem \u201eKoffer aus Theresienstadt\u201c von Else Dormitzer (Ausstellungsst\u00fcck)\" class=\"wp-image-2191\" srcset=\"https:\/\/www.tuecher-buecher.de\/wp-content\/uploads\/2026\/02\/Vernissage-12Febr2026-Tuecher_und_Buecher-00657.jpg 479w, https:\/\/www.tuecher-buecher.de\/wp-content\/uploads\/2026\/02\/Vernissage-12Febr2026-Tuecher_und_Buecher-00657-400x284.jpg 480w\" sizes=\"(max-width:479px) 479px, 100vw\" \/><span class=\"et_overlay\" data-icon=\"\" data-icon-tablet=\"\" data-icon-phone=\"\"><\/span><\/a><\/div><\/div><div class=\"et_pb_gallery_item et_pb_grid_item et_pb_gallery_item_2_43\"><div class=\"et_pb_gallery_image landscape\" data-per_page=\"100\"><a href=\"https:\/\/www.tuecher-buecher.de\/wp-content\/uploads\/2026\/02\/Vernissage-12Febr2026-Tuecher_und_Buecher-00879.jpg\" title=\"\u201eKoffer aus Theresienstadt\u201c von Else Dormitzer (Ausstellungsst\u00fcck)\"><img loading=\"lazy\" decoding=\"async\" width=\"400\" height=\"284\" src=\"https:\/\/www.tuecher-buecher.de\/wp-content\/uploads\/2026\/02\/Vernissage-12Febr2026-Tuecher_und_Buecher-00879-400x284.jpg\" alt=\"\u201eKoffer aus Theresienstadt\u201c von Else Dormitzer (Ausstellungsst\u00fcck)\" class=\"wp-image-2288\" srcset=\"https:\/\/www.tuecher-buecher.de\/wp-content\/uploads\/2026\/02\/Vernissage-12Febr2026-Tuecher_und_Buecher-00879.jpg 479w, https:\/\/www.tuecher-buecher.de\/wp-content\/uploads\/2026\/02\/Vernissage-12Febr2026-Tuecher_und_Buecher-00879-400x284.jpg 480w\" sizes=\"(max-width:479px) 479px, 100vw\" \/><span class=\"et_overlay\" data-icon=\"\" data-icon-tablet=\"\" data-icon-phone=\"\"><\/span><\/a><\/div><\/div><\/div><\/div>\n<\/div>\n<\/div>\n<\/div>\n\n<div class=\"et_pb_section_5 et_pb_section et_section_regular et_block_section\">\n<div class=\"et_pb_row_5 et_pb_row et_block_row\">\n<div class=\"et_pb_column_6 et_pb_column et_pb_column_4_4 et-last-child et_block_column et_pb_css_mix_blend_mode_passthrough\">\n<div class=\"et_pb_text_5 et_pb_text et_pb_bg_layout_light et_pb_module et_block_module\"><div class=\"et_pb_text_inner\"><p style=\"text-align: center;\">Bilder von Vanessa Jeurissen-Kohn:<\/p>\n<\/div><\/div>\n\n<div class=\"et_pb_gallery_3 et_pb_gallery et_pb_bg_layout_light et_pb_gallery_grid et_pb_module\" data-auto-rotate=\"off\" data-auto-rotate-speed=\"\"><div class=\"et_pb_gallery_items et_post_gallery clearfix et_grid_module\" data-per_page=\"100\"><div class=\"et_pb_gallery_item et_pb_grid_item et_pb_gallery_item_3_0\"><div class=\"et_pb_gallery_image landscape\" data-per_page=\"100\"><a href=\"https:\/\/www.tuecher-buecher.de\/wp-content\/uploads\/2026\/02\/1WhatsApp-Image-2026-02-14-at-08.23.15.jpeg\" title=\"Dr. Ingvild Richardsen (Kuratorin) und Uta L\u00f6hrer (Bayerische Landeszentrale f\u00fcr politische Bildungsarbeit)\"><img loading=\"lazy\" decoding=\"async\" width=\"400\" height=\"284\" src=\"https:\/\/www.tuecher-buecher.de\/wp-content\/uploads\/2026\/02\/1WhatsApp-Image-2026-02-14-at-08.23.15-400x284.jpeg\" alt=\"Dr. Ingvild Richardsen (Kuratorin) und Uta L\u00f6hrer (Bayerische Landeszentrale f\u00fcr politische Bildungsarbeit)\" class=\"wp-image-2305\" srcset=\"https:\/\/www.tuecher-buecher.de\/wp-content\/uploads\/2026\/02\/1WhatsApp-Image-2026-02-14-at-08.23.15.jpeg 479w, https:\/\/www.tuecher-buecher.de\/wp-content\/uploads\/2026\/02\/1WhatsApp-Image-2026-02-14-at-08.23.15-400x284.jpeg 480w\" sizes=\"(max-width:479px) 479px, 100vw\" \/><span class=\"et_overlay\" data-icon=\"\" data-icon-tablet=\"\" data-icon-phone=\"\"><\/span><\/a><\/div><\/div><div class=\"et_pb_gallery_item et_pb_grid_item et_pb_gallery_item_3_1\"><div class=\"et_pb_gallery_image landscape\" data-per_page=\"100\"><a href=\"https:\/\/www.tuecher-buecher.de\/wp-content\/uploads\/2026\/02\/2WhatsApp-Image-2026-02-14-at-08.23.15.jpeg\" title=\"Dr. Ingvild Richardsen (Kuratorin) und Markus Komposch (Ausstellungsgestaltung Fa. creativeJAM)\"><img loading=\"lazy\" decoding=\"async\" width=\"400\" height=\"284\" src=\"https:\/\/www.tuecher-buecher.de\/wp-content\/uploads\/2026\/02\/2WhatsApp-Image-2026-02-14-at-08.23.15-400x284.jpeg\" alt=\"Dr. Ingvild Richardsen (Kuratorin) und Markus Komposch (Ausstellungsgestaltung Fa. creativeJAM)\" class=\"wp-image-2306\" srcset=\"https:\/\/www.tuecher-buecher.de\/wp-content\/uploads\/2026\/02\/2WhatsApp-Image-2026-02-14-at-08.23.15.jpeg 479w, https:\/\/www.tuecher-buecher.de\/wp-content\/uploads\/2026\/02\/2WhatsApp-Image-2026-02-14-at-08.23.15-400x284.jpeg 480w\" sizes=\"(max-width:479px) 479px, 100vw\" \/><span class=\"et_overlay\" data-icon=\"\" data-icon-tablet=\"\" data-icon-phone=\"\"><\/span><\/a><\/div><\/div><div class=\"et_pb_gallery_item et_pb_grid_item et_pb_gallery_item_3_2\"><div class=\"et_pb_gallery_image landscape\" data-per_page=\"100\"><a href=\"https:\/\/www.tuecher-buecher.de\/wp-content\/uploads\/2026\/02\/4WhatsApp-Image-2026-02-14-at-08.23.15.jpeg\" title=\"im Hintergrund: Dr. Ingvild Richardsen (Kuratorin und Autorin)\"><img loading=\"lazy\" decoding=\"async\" width=\"400\" height=\"284\" src=\"https:\/\/www.tuecher-buecher.de\/wp-content\/uploads\/2026\/02\/4WhatsApp-Image-2026-02-14-at-08.23.15-400x284.jpeg\" alt=\"im Hintergrund: Dr. Ingvild Richardsen (Kuratorin und Autorin)\" class=\"wp-image-2308\" srcset=\"https:\/\/www.tuecher-buecher.de\/wp-content\/uploads\/2026\/02\/4WhatsApp-Image-2026-02-14-at-08.23.15.jpeg 479w, https:\/\/www.tuecher-buecher.de\/wp-content\/uploads\/2026\/02\/4WhatsApp-Image-2026-02-14-at-08.23.15-400x284.jpeg 480w\" sizes=\"(max-width:479px) 479px, 100vw\" \/><span class=\"et_overlay\" data-icon=\"\" data-icon-tablet=\"\" data-icon-phone=\"\"><\/span><\/a><\/div><\/div><div class=\"et_pb_gallery_item et_pb_grid_item et_pb_gallery_item_3_3\"><div class=\"et_pb_gallery_image landscape\" data-per_page=\"100\"><a href=\"https:\/\/www.tuecher-buecher.de\/wp-content\/uploads\/2026\/02\/5WhatsApp-Image-2026-02-14-at-08.23.15.jpeg\" title=\"Dr. Ingvild Richardsen (Kuratorin)\"><img loading=\"lazy\" decoding=\"async\" width=\"400\" height=\"284\" src=\"https:\/\/www.tuecher-buecher.de\/wp-content\/uploads\/2026\/02\/5WhatsApp-Image-2026-02-14-at-08.23.15-400x284.jpeg\" alt=\"Dr. Ingvild Richardsen (Kuratorin)\" class=\"wp-image-2309\" srcset=\"https:\/\/www.tuecher-buecher.de\/wp-content\/uploads\/2026\/02\/5WhatsApp-Image-2026-02-14-at-08.23.15.jpeg 479w, https:\/\/www.tuecher-buecher.de\/wp-content\/uploads\/2026\/02\/5WhatsApp-Image-2026-02-14-at-08.23.15-400x284.jpeg 480w\" sizes=\"(max-width:479px) 479px, 100vw\" \/><span class=\"et_overlay\" data-icon=\"\" data-icon-tablet=\"\" data-icon-phone=\"\"><\/span><\/a><\/div><\/div><div class=\"et_pb_gallery_item et_pb_grid_item et_pb_gallery_item_3_4\"><div class=\"et_pb_gallery_image landscape\" data-per_page=\"100\"><a href=\"https:\/\/www.tuecher-buecher.de\/wp-content\/uploads\/2026\/02\/6WhatsApp-Image-2026-02-14-at-08.23.15.jpeg\" title=\"Menno Kohn - fr\u00fcherer Inhaber des Internationaal Literatuur Bureau (Amsterdam)\"><img loading=\"lazy\" decoding=\"async\" width=\"400\" height=\"284\" src=\"https:\/\/www.tuecher-buecher.de\/wp-content\/uploads\/2026\/02\/6WhatsApp-Image-2026-02-14-at-08.23.15-400x284.jpeg\" alt=\"Menno Kohn - fr\u00fcherer Inhaber des Internationaal Literatuur Bureau (Amsterdam)\" class=\"wp-image-2310\" srcset=\"https:\/\/www.tuecher-buecher.de\/wp-content\/uploads\/2026\/02\/6WhatsApp-Image-2026-02-14-at-08.23.15.jpeg 479w, https:\/\/www.tuecher-buecher.de\/wp-content\/uploads\/2026\/02\/6WhatsApp-Image-2026-02-14-at-08.23.15-400x284.jpeg 480w\" sizes=\"(max-width:479px) 479px, 100vw\" \/><span class=\"et_overlay\" data-icon=\"\" data-icon-tablet=\"\" data-icon-phone=\"\"><\/span><\/a><\/div><\/div><div class=\"et_pb_gallery_item et_pb_grid_item et_pb_gallery_item_3_5\"><div class=\"et_pb_gallery_image landscape\" data-per_page=\"100\"><a href=\"https:\/\/www.tuecher-buecher.de\/wp-content\/uploads\/2026\/02\/7WhatsApp-Image-2026-02-14-at-08.23.15.jpeg\" title=\"7WhatsApp Image 2026-02-14 at 08.23.15\"><img loading=\"lazy\" decoding=\"async\" width=\"400\" height=\"284\" src=\"https:\/\/www.tuecher-buecher.de\/wp-content\/uploads\/2026\/02\/7WhatsApp-Image-2026-02-14-at-08.23.15-400x284.jpeg\" alt=\"\" class=\"wp-image-2311\" srcset=\"https:\/\/www.tuecher-buecher.de\/wp-content\/uploads\/2026\/02\/7WhatsApp-Image-2026-02-14-at-08.23.15.jpeg 479w, https:\/\/www.tuecher-buecher.de\/wp-content\/uploads\/2026\/02\/7WhatsApp-Image-2026-02-14-at-08.23.15-400x284.jpeg 480w\" sizes=\"(max-width:479px) 479px, 100vw\" \/><span class=\"et_overlay\" data-icon=\"\" data-icon-tablet=\"\" data-icon-phone=\"\"><\/span><\/a><\/div><\/div><div class=\"et_pb_gallery_item et_pb_grid_item et_pb_gallery_item_3_6\"><div class=\"et_pb_gallery_image landscape\" data-per_page=\"100\"><a href=\"https:\/\/www.tuecher-buecher.de\/wp-content\/uploads\/2026\/02\/8WhatsApp-Image-2026-02-14-at-08.23.15.jpeg\" title=\"Rupert Gr\u00fcbl, Direktor der Bayerischen Landeszentrale f\u00fcr politische Bildungsarbeit\"><img loading=\"lazy\" decoding=\"async\" width=\"400\" height=\"284\" src=\"https:\/\/www.tuecher-buecher.de\/wp-content\/uploads\/2026\/02\/8WhatsApp-Image-2026-02-14-at-08.23.15-400x284.jpeg\" alt=\"Rupert Gr\u00fcbl, Direktor der Bayerischen Landeszentrale f\u00fcr politische Bildungsarbeit\" class=\"wp-image-2312\" srcset=\"https:\/\/www.tuecher-buecher.de\/wp-content\/uploads\/2026\/02\/8WhatsApp-Image-2026-02-14-at-08.23.15.jpeg 479w, https:\/\/www.tuecher-buecher.de\/wp-content\/uploads\/2026\/02\/8WhatsApp-Image-2026-02-14-at-08.23.15-400x284.jpeg 480w\" sizes=\"(max-width:479px) 479px, 100vw\" \/><span class=\"et_overlay\" data-icon=\"\" data-icon-tablet=\"\" data-icon-phone=\"\"><\/span><\/a><\/div><\/div><div class=\"et_pb_gallery_item et_pb_grid_item et_pb_gallery_item_3_7\"><div class=\"et_pb_gallery_image landscape\" data-per_page=\"100\"><a href=\"https:\/\/www.tuecher-buecher.de\/wp-content\/uploads\/2026\/02\/9WhatsApp-Image-2026-02-14-at-08.23.15.jpeg\" title=\"von l. n. r. : Jack Weil, Dr. Ingvild Richardsen, Christoph Komposch, Menno Kohn\"><img loading=\"lazy\" decoding=\"async\" width=\"400\" height=\"284\" src=\"https:\/\/www.tuecher-buecher.de\/wp-content\/uploads\/2026\/02\/9WhatsApp-Image-2026-02-14-at-08.23.15-400x284.jpeg\" alt=\"von l. n. r. : Jack Weil, Dr. Ingvild Richardsen, Christoph Komposch, Menno Kohn\" class=\"wp-image-2313\" srcset=\"https:\/\/www.tuecher-buecher.de\/wp-content\/uploads\/2026\/02\/9WhatsApp-Image-2026-02-14-at-08.23.15.jpeg 479w, https:\/\/www.tuecher-buecher.de\/wp-content\/uploads\/2026\/02\/9WhatsApp-Image-2026-02-14-at-08.23.15-400x284.jpeg 480w\" sizes=\"(max-width:479px) 479px, 100vw\" \/><span class=\"et_overlay\" data-icon=\"\" data-icon-tablet=\"\" data-icon-phone=\"\"><\/span><\/a><\/div><\/div><div class=\"et_pb_gallery_item et_pb_grid_item et_pb_gallery_item_3_8\"><div class=\"et_pb_gallery_image landscape\" data-per_page=\"100\"><a href=\"https:\/\/www.tuecher-buecher.de\/wp-content\/uploads\/2026\/02\/10WhatsApp-Image-2026-02-14-at-08.23.15.jpeg\" title=\"Linda Kohn (Literaturagentin, Inhaberin des Internationaal Literatuur Bureau (Amsterdam)\"><img loading=\"lazy\" decoding=\"async\" width=\"400\" height=\"284\" src=\"https:\/\/www.tuecher-buecher.de\/wp-content\/uploads\/2026\/02\/10WhatsApp-Image-2026-02-14-at-08.23.15-400x284.jpeg\" alt=\"Linda Kohn (Literaturagentin, Inhaberin des Internationaal Literatuur Bureau (Amsterdam)\" class=\"wp-image-2314\" srcset=\"https:\/\/www.tuecher-buecher.de\/wp-content\/uploads\/2026\/02\/10WhatsApp-Image-2026-02-14-at-08.23.15.jpeg 479w, https:\/\/www.tuecher-buecher.de\/wp-content\/uploads\/2026\/02\/10WhatsApp-Image-2026-02-14-at-08.23.15-400x284.jpeg 480w\" sizes=\"(max-width:479px) 479px, 100vw\" \/><span class=\"et_overlay\" data-icon=\"\" data-icon-tablet=\"\" data-icon-phone=\"\"><\/span><\/a><\/div><\/div><\/div><\/div>\n<\/div>\n<\/div>\n<\/div>","protected":false},"excerpt":{"rendered":"<p>Hier sehen Sie Bilder der Vernissage am 12. Februar 2026 im Brechthaus in Augsburg.<\/p>\n","protected":false},"author":1,"featured_media":2289,"comment_status":"closed","ping_status":"closed","sticky":false,"template":"","format":"standard","meta":{"footnotes":""},"categories":[52,132],"tags":[],"class_list":["post-2369","post","type-post","status-publish","format-standard","has-post-thumbnail","hentry","category-aktuelles","category-galerie"],"yoast_head":"<!-- This site is optimized with the Yoast SEO plugin v27.4 - https:\/\/yoast.com\/product\/yoast-seo-wordpress\/ -->\n<title>Bilder der Vernissage am 12. Februar 2026 - T\u00fccher und B\u00fccher<\/title>\n<meta name=\"robots\" content=\"index, follow, max-snippet:-1, max-image-preview:large, max-video-preview:-1\" \/>\n<link rel=\"canonical\" href=\"https:\/\/www.tuecher-buecher.de\/index.php\/2026\/02\/19\/bilder-der-vernissage-am-12-februar-2026\/\" \/>\n<meta property=\"og:locale\" content=\"de_DE\" \/>\n<meta property=\"og:type\" content=\"article\" \/>\n<meta property=\"og:title\" content=\"Bilder der Vernissage am 12. Februar 2026 - T\u00fccher und B\u00fccher\" \/>\n<meta property=\"og:description\" content=\"Hier sehen Sie Bilder der Vernissage am 12. Februar 2026 im Brechthaus in Augsburg.\" \/>\n<meta property=\"og:url\" content=\"https:\/\/www.tuecher-buecher.de\/index.php\/2026\/02\/19\/bilder-der-vernissage-am-12-februar-2026\/\" \/>\n<meta property=\"og:site_name\" content=\"T\u00fccher und B\u00fccher\" \/>\n<meta property=\"article:published_time\" content=\"2026-02-19T07:19:56+00:00\" \/>\n<meta property=\"article:modified_time\" content=\"2026-04-15T11:22:38+00:00\" \/>\n<meta property=\"og:image\" content=\"https:\/\/www.tuecher-buecher.de\/wp-content\/uploads\/2026\/02\/Vernissage-12Febr2026-Tuecher_und_Buecher-00880.jpg\" \/>\n\t<meta property=\"og:image:width\" content=\"2000\" \/>\n\t<meta property=\"og:image:height\" content=\"1334\" \/>\n\t<meta property=\"og:image:type\" content=\"image\/jpeg\" \/>\n<meta name=\"author\" content=\"admin\" \/>\n<meta name=\"twitter:card\" content=\"summary_large_image\" \/>\n<meta name=\"twitter:label1\" content=\"Geschrieben von\" \/>\n\t<meta name=\"twitter:data1\" content=\"admin\" \/>\n\t<meta name=\"twitter:label2\" content=\"Gesch\u00e4tzte Lesezeit\" \/>\n\t<meta name=\"twitter:data2\" content=\"19\u00a0Minuten\" \/>\n<script type=\"application\/ld+json\" class=\"yoast-schema-graph\">{\"@context\":\"https:\\\/\\\/schema.org\",\"@graph\":[{\"@type\":\"Article\",\"@id\":\"https:\\\/\\\/www.tuecher-buecher.de\\\/index.php\\\/2026\\\/02\\\/19\\\/bilder-der-vernissage-am-12-februar-2026\\\/#article\",\"isPartOf\":{\"@id\":\"https:\\\/\\\/www.tuecher-buecher.de\\\/index.php\\\/2026\\\/02\\\/19\\\/bilder-der-vernissage-am-12-februar-2026\\\/\"},\"author\":{\"name\":\"admin\",\"@id\":\"https:\\\/\\\/www.tuecher-buecher.de\\\/#\\\/schema\\\/person\\\/9f0102919684cf0e9671aec8a68b883a\"},\"headline\":\"Bilder der Vernissage am 12. Februar 2026\",\"datePublished\":\"2026-02-19T07:19:56+00:00\",\"dateModified\":\"2026-04-15T11:22:38+00:00\",\"mainEntityOfPage\":{\"@id\":\"https:\\\/\\\/www.tuecher-buecher.de\\\/index.php\\\/2026\\\/02\\\/19\\\/bilder-der-vernissage-am-12-februar-2026\\\/\"},\"wordCount\":5,\"publisher\":{\"@id\":\"https:\\\/\\\/www.tuecher-buecher.de\\\/#organization\"},\"image\":{\"@id\":\"https:\\\/\\\/www.tuecher-buecher.de\\\/index.php\\\/2026\\\/02\\\/19\\\/bilder-der-vernissage-am-12-februar-2026\\\/#primaryimage\"},\"thumbnailUrl\":\"https:\\\/\\\/www.tuecher-buecher.de\\\/wp-content\\\/uploads\\\/2026\\\/02\\\/Vernissage-12Febr2026-Tuecher_und_Buecher-00880.jpg\",\"articleSection\":[\"Aktuelles\",\"Galerie\"],\"inLanguage\":\"de\"},{\"@type\":\"WebPage\",\"@id\":\"https:\\\/\\\/www.tuecher-buecher.de\\\/index.php\\\/2026\\\/02\\\/19\\\/bilder-der-vernissage-am-12-februar-2026\\\/\",\"url\":\"https:\\\/\\\/www.tuecher-buecher.de\\\/index.php\\\/2026\\\/02\\\/19\\\/bilder-der-vernissage-am-12-februar-2026\\\/\",\"name\":\"Bilder der Vernissage am 12. Februar 2026 - T\u00fccher und B\u00fccher\",\"isPartOf\":{\"@id\":\"https:\\\/\\\/www.tuecher-buecher.de\\\/#website\"},\"primaryImageOfPage\":{\"@id\":\"https:\\\/\\\/www.tuecher-buecher.de\\\/index.php\\\/2026\\\/02\\\/19\\\/bilder-der-vernissage-am-12-februar-2026\\\/#primaryimage\"},\"image\":{\"@id\":\"https:\\\/\\\/www.tuecher-buecher.de\\\/index.php\\\/2026\\\/02\\\/19\\\/bilder-der-vernissage-am-12-februar-2026\\\/#primaryimage\"},\"thumbnailUrl\":\"https:\\\/\\\/www.tuecher-buecher.de\\\/wp-content\\\/uploads\\\/2026\\\/02\\\/Vernissage-12Febr2026-Tuecher_und_Buecher-00880.jpg\",\"datePublished\":\"2026-02-19T07:19:56+00:00\",\"dateModified\":\"2026-04-15T11:22:38+00:00\",\"breadcrumb\":{\"@id\":\"https:\\\/\\\/www.tuecher-buecher.de\\\/index.php\\\/2026\\\/02\\\/19\\\/bilder-der-vernissage-am-12-februar-2026\\\/#breadcrumb\"},\"inLanguage\":\"de\",\"potentialAction\":[{\"@type\":\"ReadAction\",\"target\":[\"https:\\\/\\\/www.tuecher-buecher.de\\\/index.php\\\/2026\\\/02\\\/19\\\/bilder-der-vernissage-am-12-februar-2026\\\/\"]}]},{\"@type\":\"ImageObject\",\"inLanguage\":\"de\",\"@id\":\"https:\\\/\\\/www.tuecher-buecher.de\\\/index.php\\\/2026\\\/02\\\/19\\\/bilder-der-vernissage-am-12-februar-2026\\\/#primaryimage\",\"url\":\"https:\\\/\\\/www.tuecher-buecher.de\\\/wp-content\\\/uploads\\\/2026\\\/02\\\/Vernissage-12Febr2026-Tuecher_und_Buecher-00880.jpg\",\"contentUrl\":\"https:\\\/\\\/www.tuecher-buecher.de\\\/wp-content\\\/uploads\\\/2026\\\/02\\\/Vernissage-12Febr2026-Tuecher_und_Buecher-00880.jpg\",\"width\":2000,\"height\":1334},{\"@type\":\"BreadcrumbList\",\"@id\":\"https:\\\/\\\/www.tuecher-buecher.de\\\/index.php\\\/2026\\\/02\\\/19\\\/bilder-der-vernissage-am-12-februar-2026\\\/#breadcrumb\",\"itemListElement\":[{\"@type\":\"ListItem\",\"position\":1,\"name\":\"Home\",\"item\":\"https:\\\/\\\/www.tuecher-buecher.de\\\/\"},{\"@type\":\"ListItem\",\"position\":2,\"name\":\"Bilder der Vernissage am 12. Februar 2026\"}]},{\"@type\":\"WebSite\",\"@id\":\"https:\\\/\\\/www.tuecher-buecher.de\\\/#website\",\"url\":\"https:\\\/\\\/www.tuecher-buecher.de\\\/\",\"name\":\"T\u00fccher und B\u00fccher\",\"description\":\"Die Sonderausstellung im Brechthaus\",\"publisher\":{\"@id\":\"https:\\\/\\\/www.tuecher-buecher.de\\\/#organization\"},\"potentialAction\":[{\"@type\":\"SearchAction\",\"target\":{\"@type\":\"EntryPoint\",\"urlTemplate\":\"https:\\\/\\\/www.tuecher-buecher.de\\\/?s={search_term_string}\"},\"query-input\":{\"@type\":\"PropertyValueSpecification\",\"valueRequired\":true,\"valueName\":\"search_term_string\"}}],\"inLanguage\":\"de\"},{\"@type\":\"Organization\",\"@id\":\"https:\\\/\\\/www.tuecher-buecher.de\\\/#organization\",\"name\":\"T\u00fccher und B\u00fccher\",\"url\":\"https:\\\/\\\/www.tuecher-buecher.de\\\/\",\"logo\":{\"@type\":\"ImageObject\",\"inLanguage\":\"de\",\"@id\":\"https:\\\/\\\/www.tuecher-buecher.de\\\/#\\\/schema\\\/logo\\\/image\\\/\",\"url\":\"https:\\\/\\\/www.tuecher-buecher.de\\\/wp-content\\\/uploads\\\/2026\\\/02\\\/favicon-Tuecher-und-Buecher.jpg\",\"contentUrl\":\"https:\\\/\\\/www.tuecher-buecher.de\\\/wp-content\\\/uploads\\\/2026\\\/02\\\/favicon-Tuecher-und-Buecher.jpg\",\"width\":600,\"height\":600,\"caption\":\"T\u00fccher und B\u00fccher\"},\"image\":{\"@id\":\"https:\\\/\\\/www.tuecher-buecher.de\\\/#\\\/schema\\\/logo\\\/image\\\/\"}},{\"@type\":\"Person\",\"@id\":\"https:\\\/\\\/www.tuecher-buecher.de\\\/#\\\/schema\\\/person\\\/9f0102919684cf0e9671aec8a68b883a\",\"name\":\"admin\",\"image\":{\"@type\":\"ImageObject\",\"inLanguage\":\"de\",\"@id\":\"https:\\\/\\\/secure.gravatar.com\\\/avatar\\\/875e90aaa320b724ef55902dcb50b509c0dc0c544690207354b9f79c323ec36e?s=96&d=mm&r=g\",\"url\":\"https:\\\/\\\/secure.gravatar.com\\\/avatar\\\/875e90aaa320b724ef55902dcb50b509c0dc0c544690207354b9f79c323ec36e?s=96&d=mm&r=g\",\"contentUrl\":\"https:\\\/\\\/secure.gravatar.com\\\/avatar\\\/875e90aaa320b724ef55902dcb50b509c0dc0c544690207354b9f79c323ec36e?s=96&d=mm&r=g\",\"caption\":\"admin\"},\"url\":\"https:\\\/\\\/www.tuecher-buecher.de\\\/index.php\\\/author\\\/creativejam\\\/\"}]}<\/script>\n<!-- \/ Yoast SEO plugin. -->","yoast_head_json":{"title":"Bilder der Vernissage am 12. Februar 2026 - T\u00fccher und B\u00fccher","robots":{"index":"index","follow":"follow","max-snippet":"max-snippet:-1","max-image-preview":"max-image-preview:large","max-video-preview":"max-video-preview:-1"},"canonical":"https:\/\/www.tuecher-buecher.de\/index.php\/2026\/02\/19\/bilder-der-vernissage-am-12-februar-2026\/","og_locale":"de_DE","og_type":"article","og_title":"Bilder der Vernissage am 12. Februar 2026 - T\u00fccher und B\u00fccher","og_description":"Hier sehen Sie Bilder der Vernissage am 12. Februar 2026 im Brechthaus in Augsburg.","og_url":"https:\/\/www.tuecher-buecher.de\/index.php\/2026\/02\/19\/bilder-der-vernissage-am-12-februar-2026\/","og_site_name":"T\u00fccher und B\u00fccher","article_published_time":"2026-02-19T07:19:56+00:00","article_modified_time":"2026-04-15T11:22:38+00:00","og_image":[{"width":2000,"height":1334,"url":"https:\/\/www.tuecher-buecher.de\/wp-content\/uploads\/2026\/02\/Vernissage-12Febr2026-Tuecher_und_Buecher-00880.jpg","type":"image\/jpeg"}],"author":"admin","twitter_card":"summary_large_image","twitter_misc":{"Geschrieben von":"admin","Gesch\u00e4tzte Lesezeit":"19\u00a0Minuten"},"schema":{"@context":"https:\/\/schema.org","@graph":[{"@type":"Article","@id":"https:\/\/www.tuecher-buecher.de\/index.php\/2026\/02\/19\/bilder-der-vernissage-am-12-februar-2026\/#article","isPartOf":{"@id":"https:\/\/www.tuecher-buecher.de\/index.php\/2026\/02\/19\/bilder-der-vernissage-am-12-februar-2026\/"},"author":{"name":"admin","@id":"https:\/\/www.tuecher-buecher.de\/#\/schema\/person\/9f0102919684cf0e9671aec8a68b883a"},"headline":"Bilder der Vernissage am 12. Februar 2026","datePublished":"2026-02-19T07:19:56+00:00","dateModified":"2026-04-15T11:22:38+00:00","mainEntityOfPage":{"@id":"https:\/\/www.tuecher-buecher.de\/index.php\/2026\/02\/19\/bilder-der-vernissage-am-12-februar-2026\/"},"wordCount":5,"publisher":{"@id":"https:\/\/www.tuecher-buecher.de\/#organization"},"image":{"@id":"https:\/\/www.tuecher-buecher.de\/index.php\/2026\/02\/19\/bilder-der-vernissage-am-12-februar-2026\/#primaryimage"},"thumbnailUrl":"https:\/\/www.tuecher-buecher.de\/wp-content\/uploads\/2026\/02\/Vernissage-12Febr2026-Tuecher_und_Buecher-00880.jpg","articleSection":["Aktuelles","Galerie"],"inLanguage":"de"},{"@type":"WebPage","@id":"https:\/\/www.tuecher-buecher.de\/index.php\/2026\/02\/19\/bilder-der-vernissage-am-12-februar-2026\/","url":"https:\/\/www.tuecher-buecher.de\/index.php\/2026\/02\/19\/bilder-der-vernissage-am-12-februar-2026\/","name":"Bilder der Vernissage am 12. Februar 2026 - T\u00fccher und B\u00fccher","isPartOf":{"@id":"https:\/\/www.tuecher-buecher.de\/#website"},"primaryImageOfPage":{"@id":"https:\/\/www.tuecher-buecher.de\/index.php\/2026\/02\/19\/bilder-der-vernissage-am-12-februar-2026\/#primaryimage"},"image":{"@id":"https:\/\/www.tuecher-buecher.de\/index.php\/2026\/02\/19\/bilder-der-vernissage-am-12-februar-2026\/#primaryimage"},"thumbnailUrl":"https:\/\/www.tuecher-buecher.de\/wp-content\/uploads\/2026\/02\/Vernissage-12Febr2026-Tuecher_und_Buecher-00880.jpg","datePublished":"2026-02-19T07:19:56+00:00","dateModified":"2026-04-15T11:22:38+00:00","breadcrumb":{"@id":"https:\/\/www.tuecher-buecher.de\/index.php\/2026\/02\/19\/bilder-der-vernissage-am-12-februar-2026\/#breadcrumb"},"inLanguage":"de","potentialAction":[{"@type":"ReadAction","target":["https:\/\/www.tuecher-buecher.de\/index.php\/2026\/02\/19\/bilder-der-vernissage-am-12-februar-2026\/"]}]},{"@type":"ImageObject","inLanguage":"de","@id":"https:\/\/www.tuecher-buecher.de\/index.php\/2026\/02\/19\/bilder-der-vernissage-am-12-februar-2026\/#primaryimage","url":"https:\/\/www.tuecher-buecher.de\/wp-content\/uploads\/2026\/02\/Vernissage-12Febr2026-Tuecher_und_Buecher-00880.jpg","contentUrl":"https:\/\/www.tuecher-buecher.de\/wp-content\/uploads\/2026\/02\/Vernissage-12Febr2026-Tuecher_und_Buecher-00880.jpg","width":2000,"height":1334},{"@type":"BreadcrumbList","@id":"https:\/\/www.tuecher-buecher.de\/index.php\/2026\/02\/19\/bilder-der-vernissage-am-12-februar-2026\/#breadcrumb","itemListElement":[{"@type":"ListItem","position":1,"name":"Home","item":"https:\/\/www.tuecher-buecher.de\/"},{"@type":"ListItem","position":2,"name":"Bilder der Vernissage am 12. Februar 2026"}]},{"@type":"WebSite","@id":"https:\/\/www.tuecher-buecher.de\/#website","url":"https:\/\/www.tuecher-buecher.de\/","name":"T\u00fccher und B\u00fccher","description":"Die Sonderausstellung im Brechthaus","publisher":{"@id":"https:\/\/www.tuecher-buecher.de\/#organization"},"potentialAction":[{"@type":"SearchAction","target":{"@type":"EntryPoint","urlTemplate":"https:\/\/www.tuecher-buecher.de\/?s={search_term_string}"},"query-input":{"@type":"PropertyValueSpecification","valueRequired":true,"valueName":"search_term_string"}}],"inLanguage":"de"},{"@type":"Organization","@id":"https:\/\/www.tuecher-buecher.de\/#organization","name":"T\u00fccher und B\u00fccher","url":"https:\/\/www.tuecher-buecher.de\/","logo":{"@type":"ImageObject","inLanguage":"de","@id":"https:\/\/www.tuecher-buecher.de\/#\/schema\/logo\/image\/","url":"https:\/\/www.tuecher-buecher.de\/wp-content\/uploads\/2026\/02\/favicon-Tuecher-und-Buecher.jpg","contentUrl":"https:\/\/www.tuecher-buecher.de\/wp-content\/uploads\/2026\/02\/favicon-Tuecher-und-Buecher.jpg","width":600,"height":600,"caption":"T\u00fccher und B\u00fccher"},"image":{"@id":"https:\/\/www.tuecher-buecher.de\/#\/schema\/logo\/image\/"}},{"@type":"Person","@id":"https:\/\/www.tuecher-buecher.de\/#\/schema\/person\/9f0102919684cf0e9671aec8a68b883a","name":"admin","image":{"@type":"ImageObject","inLanguage":"de","@id":"https:\/\/secure.gravatar.com\/avatar\/875e90aaa320b724ef55902dcb50b509c0dc0c544690207354b9f79c323ec36e?s=96&d=mm&r=g","url":"https:\/\/secure.gravatar.com\/avatar\/875e90aaa320b724ef55902dcb50b509c0dc0c544690207354b9f79c323ec36e?s=96&d=mm&r=g","contentUrl":"https:\/\/secure.gravatar.com\/avatar\/875e90aaa320b724ef55902dcb50b509c0dc0c544690207354b9f79c323ec36e?s=96&d=mm&r=g","caption":"admin"},"url":"https:\/\/www.tuecher-buecher.de\/index.php\/author\/creativejam\/"}]}},"_links":{"self":[{"href":"https:\/\/www.tuecher-buecher.de\/index.php\/wp-json\/wp\/v2\/posts\/2369","targetHints":{"allow":["GET"]}}],"collection":[{"href":"https:\/\/www.tuecher-buecher.de\/index.php\/wp-json\/wp\/v2\/posts"}],"about":[{"href":"https:\/\/www.tuecher-buecher.de\/index.php\/wp-json\/wp\/v2\/types\/post"}],"author":[{"embeddable":true,"href":"https:\/\/www.tuecher-buecher.de\/index.php\/wp-json\/wp\/v2\/users\/1"}],"replies":[{"embeddable":true,"href":"https:\/\/www.tuecher-buecher.de\/index.php\/wp-json\/wp\/v2\/comments?post=2369"}],"version-history":[{"count":23,"href":"https:\/\/www.tuecher-buecher.de\/index.php\/wp-json\/wp\/v2\/posts\/2369\/revisions"}],"predecessor-version":[{"id":3031,"href":"https:\/\/www.tuecher-buecher.de\/index.php\/wp-json\/wp\/v2\/posts\/2369\/revisions\/3031"}],"wp:featuredmedia":[{"embeddable":true,"href":"https:\/\/www.tuecher-buecher.de\/index.php\/wp-json\/wp\/v2\/media\/2289"}],"wp:attachment":[{"href":"https:\/\/www.tuecher-buecher.de\/index.php\/wp-json\/wp\/v2\/media?parent=2369"}],"wp:term":[{"taxonomy":"category","embeddable":true,"href":"https:\/\/www.tuecher-buecher.de\/index.php\/wp-json\/wp\/v2\/categories?post=2369"},{"taxonomy":"post_tag","embeddable":true,"href":"https:\/\/www.tuecher-buecher.de\/index.php\/wp-json\/wp\/v2\/tags?post=2369"}],"curies":[{"name":"wp","href":"https:\/\/api.w.org\/{rel}","templated":true}]}}