{"id":2386,"date":"2026-02-17T11:20:10","date_gmt":"2026-02-17T11:20:10","guid":{"rendered":"https:\/\/www.tuecher-buecher.de\/?p=2386"},"modified":"2026-04-15T11:15:11","modified_gmt":"2026-04-15T11:15:11","slug":"bilder-der-matinee-am-15-februar-2026","status":"publish","type":"post","link":"https:\/\/www.tuecher-buecher.de\/index.php\/2026\/02\/17\/bilder-der-matinee-am-15-februar-2026\/","title":{"rendered":"Bilder der Matin\u00e8e am 15. Februar 2026"},"content":{"rendered":"<div class=\"et_pb_section_0 et_pb_section et_section_regular et_block_section\">\n<div class=\"et_pb_row_0 et_pb_row et_block_row\">\n<div class=\"et_pb_column_0 et_pb_column et_pb_column_4_4 et-last-child et_block_column et_pb_css_mix_blend_mode_passthrough\">\n<div class=\"et_pb_text_0 et_pb_text et_pb_bg_layout_light et_pb_module et_block_module\"><div class=\"et_pb_text_inner\"><h1 style=\"text-align: center;\">Bilder von der Matin\u00e8e am 15. Februar 2026<\/h1>\n<\/div><\/div>\n\n<div class=\"et_pb_text_1 et_pb_text et_pb_bg_layout_light et_pb_module et_block_module\"><div class=\"et_pb_text_inner\"><p style=\"text-align: center;\"><span style=\"color: #808080;\">Alle Fotos d\u00fcrfen ausdr\u00fccklich zu Zwecken der PR und Dokumentation unter Angabe der jeweiligen Copyrights heruntergeladen und verwendet werden.<\/span><\/p>\n<\/div><\/div>\n<\/div>\n<\/div>\n<\/div>\n\n<div class=\"et_pb_section_1 et_pb_section et_section_regular et_block_section\">\n<div class=\"et_pb_row_1 et_pb_row et_block_row\">\n<div class=\"et_pb_column_1 et_pb_column et_pb_column_4_4 et-last-child et_block_column et_pb_css_mix_blend_mode_passthrough\">\n<div class=\"et_pb_text_2 et_pb_text et_pb_bg_layout_light et_pb_module et_block_module\"><div class=\"et_pb_text_inner\"><p style=\"text-align: center;\">Bilder von Vanessa Jeurissen-Kohn:<\/p>\n<\/div><\/div>\n\n<div class=\"et_pb_gallery_0 et_pb_gallery et_pb_bg_layout_light et_pb_gallery_grid et_pb_module\" data-auto-rotate=\"off\" data-auto-rotate-speed=\"\"><div class=\"et_pb_gallery_items et_post_gallery clearfix et_grid_module\" data-per_page=\"100\"><div class=\"et_pb_gallery_item et_pb_grid_item et_pb_gallery_item_0_0\"><div class=\"et_pb_gallery_image landscape\" data-per_page=\"100\"><a href=\"https:\/\/www.tuecher-buecher.de\/wp-content\/uploads\/2026\/02\/WhatsApp-Image-2026-02-17-at-14.49.05-1.jpeg\" title=\"WhatsApp Image 2026-02-17 at 14.49.05 (1)\"><img loading=\"lazy\" decoding=\"async\" width=\"400\" height=\"284\" src=\"https:\/\/www.tuecher-buecher.de\/wp-content\/uploads\/2026\/02\/WhatsApp-Image-2026-02-17-at-14.49.05-1-400x284.jpeg\" alt=\"\" class=\"wp-image-2558\" srcset=\"https:\/\/www.tuecher-buecher.de\/wp-content\/uploads\/2026\/02\/WhatsApp-Image-2026-02-17-at-14.49.05-1.jpeg 479w, https:\/\/www.tuecher-buecher.de\/wp-content\/uploads\/2026\/02\/WhatsApp-Image-2026-02-17-at-14.49.05-1-400x284.jpeg 480w\" sizes=\"(max-width:479px) 479px, 100vw\" \/><span class=\"et_overlay\" data-icon=\"\" data-icon-tablet=\"\" data-icon-phone=\"\"><\/span><\/a><\/div><\/div><div class=\"et_pb_gallery_item et_pb_grid_item et_pb_gallery_item_0_1\"><div class=\"et_pb_gallery_image landscape\" data-per_page=\"100\"><a href=\"https:\/\/www.tuecher-buecher.de\/wp-content\/uploads\/2026\/02\/WhatsApp-Image-2026-02-17-at-14.49.05-2.jpeg\" title=\"WhatsApp Image 2026-02-17 at 14.49.05 (2)\"><img loading=\"lazy\" decoding=\"async\" width=\"400\" height=\"284\" src=\"https:\/\/www.tuecher-buecher.de\/wp-content\/uploads\/2026\/02\/WhatsApp-Image-2026-02-17-at-14.49.05-2-400x284.jpeg\" alt=\"\" class=\"wp-image-2559\" srcset=\"https:\/\/www.tuecher-buecher.de\/wp-content\/uploads\/2026\/02\/WhatsApp-Image-2026-02-17-at-14.49.05-2.jpeg 479w, https:\/\/www.tuecher-buecher.de\/wp-content\/uploads\/2026\/02\/WhatsApp-Image-2026-02-17-at-14.49.05-2-400x284.jpeg 480w\" sizes=\"(max-width:479px) 479px, 100vw\" \/><span class=\"et_overlay\" data-icon=\"\" data-icon-tablet=\"\" data-icon-phone=\"\"><\/span><\/a><\/div><\/div><div class=\"et_pb_gallery_item et_pb_grid_item et_pb_gallery_item_0_2\"><div class=\"et_pb_gallery_image landscape\" data-per_page=\"100\"><a href=\"https:\/\/www.tuecher-buecher.de\/wp-content\/uploads\/2026\/02\/WhatsApp-Image-2026-02-17-at-14.49.05-3.jpeg\" title=\"WhatsApp Image 2026-02-17 at 14.49.05 (3)\"><img loading=\"lazy\" decoding=\"async\" width=\"400\" height=\"284\" src=\"https:\/\/www.tuecher-buecher.de\/wp-content\/uploads\/2026\/02\/WhatsApp-Image-2026-02-17-at-14.49.05-3-400x284.jpeg\" alt=\"\" class=\"wp-image-2560\" srcset=\"https:\/\/www.tuecher-buecher.de\/wp-content\/uploads\/2026\/02\/WhatsApp-Image-2026-02-17-at-14.49.05-3.jpeg 479w, https:\/\/www.tuecher-buecher.de\/wp-content\/uploads\/2026\/02\/WhatsApp-Image-2026-02-17-at-14.49.05-3-400x284.jpeg 480w\" sizes=\"(max-width:479px) 479px, 100vw\" \/><span class=\"et_overlay\" data-icon=\"\" data-icon-tablet=\"\" data-icon-phone=\"\"><\/span><\/a><\/div><\/div><div class=\"et_pb_gallery_item et_pb_grid_item et_pb_gallery_item_0_3\"><div class=\"et_pb_gallery_image landscape\" data-per_page=\"100\"><a href=\"https:\/\/www.tuecher-buecher.de\/wp-content\/uploads\/2026\/02\/WhatsApp-Image-2026-02-17-at-14.49.05.jpeg\" title=\"WhatsApp Image 2026-02-17 at 14.49.05\"><img loading=\"lazy\" decoding=\"async\" width=\"400\" height=\"284\" src=\"https:\/\/www.tuecher-buecher.de\/wp-content\/uploads\/2026\/02\/WhatsApp-Image-2026-02-17-at-14.49.05-400x284.jpeg\" alt=\"\" class=\"wp-image-2561\" srcset=\"https:\/\/www.tuecher-buecher.de\/wp-content\/uploads\/2026\/02\/WhatsApp-Image-2026-02-17-at-14.49.05.jpeg 479w, https:\/\/www.tuecher-buecher.de\/wp-content\/uploads\/2026\/02\/WhatsApp-Image-2026-02-17-at-14.49.05-400x284.jpeg 480w\" sizes=\"(max-width:479px) 479px, 100vw\" \/><span class=\"et_overlay\" data-icon=\"\" data-icon-tablet=\"\" data-icon-phone=\"\"><\/span><\/a><\/div><\/div><\/div><\/div>\n<\/div>\n<\/div>\n\n<div class=\"et_pb_row_2 et_pb_row et_block_row\">\n<div class=\"et_pb_column_2 et_pb_column et_pb_column_4_4 et-last-child et_block_column et_pb_css_mix_blend_mode_passthrough\">\n<div class=\"et_pb_text_3 et_pb_text et_pb_bg_layout_light et_pb_module et_block_module\"><div class=\"et_pb_text_inner\"><p style=\"text-align: center;\">Bilder von Markus Komposch (creativeJAM GbR):<\/p>\n<\/div><\/div>\n\n<div class=\"et_pb_gallery_1 et_pb_gallery et_pb_bg_layout_light et_pb_gallery_grid et_pb_module\" data-auto-rotate=\"off\" data-auto-rotate-speed=\"\"><div class=\"et_pb_gallery_items et_post_gallery clearfix et_grid_module\" data-per_page=\"100\"><div class=\"et_pb_gallery_item et_pb_grid_item et_pb_gallery_item_1_0\"><div class=\"et_pb_gallery_image landscape\" data-per_page=\"100\"><a href=\"https:\/\/www.tuecher-buecher.de\/wp-content\/uploads\/2026\/02\/Matinee-Brechthaus-Tuecher-und-Buecher_15Febr26-01256.jpg\" title=\"Matinee-Brechthaus-Tuecher-und-Buecher_15Febr26-01256\"><img loading=\"lazy\" decoding=\"async\" width=\"400\" height=\"284\" src=\"https:\/\/www.tuecher-buecher.de\/wp-content\/uploads\/2026\/02\/Matinee-Brechthaus-Tuecher-und-Buecher_15Febr26-01256-400x284.jpg\" alt=\"\" class=\"wp-image-2491\" srcset=\"https:\/\/www.tuecher-buecher.de\/wp-content\/uploads\/2026\/02\/Matinee-Brechthaus-Tuecher-und-Buecher_15Febr26-01256.jpg 479w, https:\/\/www.tuecher-buecher.de\/wp-content\/uploads\/2026\/02\/Matinee-Brechthaus-Tuecher-und-Buecher_15Febr26-01256-400x284.jpg 480w\" sizes=\"(max-width:479px) 479px, 100vw\" \/><span class=\"et_overlay\" data-icon=\"\" data-icon-tablet=\"\" data-icon-phone=\"\"><\/span><\/a><\/div><\/div><div class=\"et_pb_gallery_item et_pb_grid_item et_pb_gallery_item_1_1\"><div class=\"et_pb_gallery_image landscape\" data-per_page=\"100\"><a href=\"https:\/\/www.tuecher-buecher.de\/wp-content\/uploads\/2026\/02\/Matinee-Brechthaus-Tuecher-und-Buecher_15Febr26-01154.jpg\" title=\"Matinee-Brechthaus-Tuecher-und-Buecher_15Febr26-01154\"><img loading=\"lazy\" decoding=\"async\" width=\"400\" height=\"284\" src=\"https:\/\/www.tuecher-buecher.de\/wp-content\/uploads\/2026\/02\/Matinee-Brechthaus-Tuecher-und-Buecher_15Febr26-01154-400x284.jpg\" alt=\"\" class=\"wp-image-2452\" srcset=\"https:\/\/www.tuecher-buecher.de\/wp-content\/uploads\/2026\/02\/Matinee-Brechthaus-Tuecher-und-Buecher_15Febr26-01154.jpg 479w, https:\/\/www.tuecher-buecher.de\/wp-content\/uploads\/2026\/02\/Matinee-Brechthaus-Tuecher-und-Buecher_15Febr26-01154-400x284.jpg 480w\" sizes=\"(max-width:479px) 479px, 100vw\" \/><span class=\"et_overlay\" data-icon=\"\" data-icon-tablet=\"\" data-icon-phone=\"\"><\/span><\/a><\/div><\/div><div class=\"et_pb_gallery_item et_pb_grid_item et_pb_gallery_item_1_2\"><div class=\"et_pb_gallery_image landscape\" data-per_page=\"100\"><a href=\"https:\/\/www.tuecher-buecher.de\/wp-content\/uploads\/2026\/02\/Matinee-Brechthaus-Tuecher-und-Buecher_15Febr26-00965.jpg\" title=\"Matinee-Brechthaus-Tuecher-und-Buecher_15Febr26-00965\"><img loading=\"lazy\" decoding=\"async\" width=\"400\" height=\"284\" src=\"https:\/\/www.tuecher-buecher.de\/wp-content\/uploads\/2026\/02\/Matinee-Brechthaus-Tuecher-und-Buecher_15Febr26-00965-400x284.jpg\" alt=\"\" class=\"wp-image-2406\" srcset=\"https:\/\/www.tuecher-buecher.de\/wp-content\/uploads\/2026\/02\/Matinee-Brechthaus-Tuecher-und-Buecher_15Febr26-00965.jpg 479w, https:\/\/www.tuecher-buecher.de\/wp-content\/uploads\/2026\/02\/Matinee-Brechthaus-Tuecher-und-Buecher_15Febr26-00965-400x284.jpg 480w\" sizes=\"(max-width:479px) 479px, 100vw\" \/><span class=\"et_overlay\" data-icon=\"\" data-icon-tablet=\"\" data-icon-phone=\"\"><\/span><\/a><\/div><\/div><div class=\"et_pb_gallery_item et_pb_grid_item et_pb_gallery_item_1_3\"><div class=\"et_pb_gallery_image landscape\" data-per_page=\"100\"><a href=\"https:\/\/www.tuecher-buecher.de\/wp-content\/uploads\/2026\/02\/Matinee-Brechthaus-Tuecher-und-Buecher_15Febr26-00966.jpg\" title=\"Matinee-Brechthaus-Tuecher-und-Buecher_15Febr26-00966\"><img loading=\"lazy\" decoding=\"async\" width=\"400\" height=\"284\" src=\"https:\/\/www.tuecher-buecher.de\/wp-content\/uploads\/2026\/02\/Matinee-Brechthaus-Tuecher-und-Buecher_15Febr26-00966-400x284.jpg\" alt=\"\" class=\"wp-image-2407\" srcset=\"https:\/\/www.tuecher-buecher.de\/wp-content\/uploads\/2026\/02\/Matinee-Brechthaus-Tuecher-und-Buecher_15Febr26-00966.jpg 479w, https:\/\/www.tuecher-buecher.de\/wp-content\/uploads\/2026\/02\/Matinee-Brechthaus-Tuecher-und-Buecher_15Febr26-00966-400x284.jpg 480w\" sizes=\"(max-width:479px) 479px, 100vw\" \/><span class=\"et_overlay\" data-icon=\"\" data-icon-tablet=\"\" data-icon-phone=\"\"><\/span><\/a><\/div><\/div><div class=\"et_pb_gallery_item et_pb_grid_item et_pb_gallery_item_1_4\"><div class=\"et_pb_gallery_image landscape\" data-per_page=\"100\"><a href=\"https:\/\/www.tuecher-buecher.de\/wp-content\/uploads\/2026\/02\/Matinee-Brechthaus-Tuecher-und-Buecher_15Febr26-00933.jpg\" title=\"Matinee-Brechthaus-Tuecher-und-Buecher_15Febr26-00933\"><img loading=\"lazy\" decoding=\"async\" width=\"400\" height=\"284\" src=\"https:\/\/www.tuecher-buecher.de\/wp-content\/uploads\/2026\/02\/Matinee-Brechthaus-Tuecher-und-Buecher_15Febr26-00933-400x284.jpg\" alt=\"\" class=\"wp-image-2390\" srcset=\"https:\/\/www.tuecher-buecher.de\/wp-content\/uploads\/2026\/02\/Matinee-Brechthaus-Tuecher-und-Buecher_15Febr26-00933.jpg 479w, https:\/\/www.tuecher-buecher.de\/wp-content\/uploads\/2026\/02\/Matinee-Brechthaus-Tuecher-und-Buecher_15Febr26-00933-400x284.jpg 480w\" sizes=\"(max-width:479px) 479px, 100vw\" \/><span class=\"et_overlay\" data-icon=\"\" data-icon-tablet=\"\" data-icon-phone=\"\"><\/span><\/a><\/div><\/div><div class=\"et_pb_gallery_item et_pb_grid_item et_pb_gallery_item_1_5\"><div class=\"et_pb_gallery_image landscape\" data-per_page=\"100\"><a href=\"https:\/\/www.tuecher-buecher.de\/wp-content\/uploads\/2026\/02\/Matinee-Brechthaus-Tuecher-und-Buecher_15Febr26-00934.jpg\" title=\"Matinee-Brechthaus-Tuecher-und-Buecher_15Febr26-00934\"><img loading=\"lazy\" decoding=\"async\" width=\"400\" height=\"284\" src=\"https:\/\/www.tuecher-buecher.de\/wp-content\/uploads\/2026\/02\/Matinee-Brechthaus-Tuecher-und-Buecher_15Febr26-00934-400x284.jpg\" alt=\"\" class=\"wp-image-2391\" srcset=\"https:\/\/www.tuecher-buecher.de\/wp-content\/uploads\/2026\/02\/Matinee-Brechthaus-Tuecher-und-Buecher_15Febr26-00934.jpg 479w, https:\/\/www.tuecher-buecher.de\/wp-content\/uploads\/2026\/02\/Matinee-Brechthaus-Tuecher-und-Buecher_15Febr26-00934-400x284.jpg 480w\" sizes=\"(max-width:479px) 479px, 100vw\" \/><span class=\"et_overlay\" data-icon=\"\" data-icon-tablet=\"\" data-icon-phone=\"\"><\/span><\/a><\/div><\/div><div class=\"et_pb_gallery_item et_pb_grid_item et_pb_gallery_item_1_6\"><div class=\"et_pb_gallery_image landscape\" data-per_page=\"100\"><a href=\"https:\/\/www.tuecher-buecher.de\/wp-content\/uploads\/2026\/02\/Matinee-Brechthaus-Tuecher-und-Buecher_15Febr26-00935.jpg\" title=\"Matinee-Brechthaus-Tuecher-und-Buecher_15Febr26-00935\"><img loading=\"lazy\" decoding=\"async\" width=\"400\" height=\"284\" src=\"https:\/\/www.tuecher-buecher.de\/wp-content\/uploads\/2026\/02\/Matinee-Brechthaus-Tuecher-und-Buecher_15Febr26-00935-400x284.jpg\" alt=\"\" class=\"wp-image-2392\" srcset=\"https:\/\/www.tuecher-buecher.de\/wp-content\/uploads\/2026\/02\/Matinee-Brechthaus-Tuecher-und-Buecher_15Febr26-00935.jpg 479w, https:\/\/www.tuecher-buecher.de\/wp-content\/uploads\/2026\/02\/Matinee-Brechthaus-Tuecher-und-Buecher_15Febr26-00935-400x284.jpg 480w\" sizes=\"(max-width:479px) 479px, 100vw\" \/><span class=\"et_overlay\" data-icon=\"\" data-icon-tablet=\"\" data-icon-phone=\"\"><\/span><\/a><\/div><\/div><div class=\"et_pb_gallery_item et_pb_grid_item et_pb_gallery_item_1_7\"><div class=\"et_pb_gallery_image landscape\" data-per_page=\"100\"><a href=\"https:\/\/www.tuecher-buecher.de\/wp-content\/uploads\/2026\/02\/Matinee-Brechthaus-Tuecher-und-Buecher_15Febr26-00945.jpg\" title=\"Matinee-Brechthaus-Tuecher-und-Buecher_15Febr26-00945\"><img loading=\"lazy\" decoding=\"async\" width=\"400\" height=\"284\" src=\"https:\/\/www.tuecher-buecher.de\/wp-content\/uploads\/2026\/02\/Matinee-Brechthaus-Tuecher-und-Buecher_15Febr26-00945-400x284.jpg\" alt=\"\" class=\"wp-image-2397\" srcset=\"https:\/\/www.tuecher-buecher.de\/wp-content\/uploads\/2026\/02\/Matinee-Brechthaus-Tuecher-und-Buecher_15Febr26-00945.jpg 479w, https:\/\/www.tuecher-buecher.de\/wp-content\/uploads\/2026\/02\/Matinee-Brechthaus-Tuecher-und-Buecher_15Febr26-00945-400x284.jpg 480w\" sizes=\"(max-width:479px) 479px, 100vw\" \/><span class=\"et_overlay\" data-icon=\"\" data-icon-tablet=\"\" data-icon-phone=\"\"><\/span><\/a><\/div><\/div><div class=\"et_pb_gallery_item et_pb_grid_item et_pb_gallery_item_1_8\"><div class=\"et_pb_gallery_image landscape\" data-per_page=\"100\"><a href=\"https:\/\/www.tuecher-buecher.de\/wp-content\/uploads\/2026\/02\/Matinee-Brechthaus-Tuecher-und-Buecher_15Febr26-00947.jpg\" title=\"Matinee-Brechthaus-Tuecher-und-Buecher_15Febr26-00947\"><img loading=\"lazy\" decoding=\"async\" width=\"400\" height=\"284\" src=\"https:\/\/www.tuecher-buecher.de\/wp-content\/uploads\/2026\/02\/Matinee-Brechthaus-Tuecher-und-Buecher_15Febr26-00947-400x284.jpg\" alt=\"\" class=\"wp-image-2398\" srcset=\"https:\/\/www.tuecher-buecher.de\/wp-content\/uploads\/2026\/02\/Matinee-Brechthaus-Tuecher-und-Buecher_15Febr26-00947.jpg 479w, https:\/\/www.tuecher-buecher.de\/wp-content\/uploads\/2026\/02\/Matinee-Brechthaus-Tuecher-und-Buecher_15Febr26-00947-400x284.jpg 480w\" sizes=\"(max-width:479px) 479px, 100vw\" \/><span class=\"et_overlay\" data-icon=\"\" data-icon-tablet=\"\" data-icon-phone=\"\"><\/span><\/a><\/div><\/div><div class=\"et_pb_gallery_item et_pb_grid_item et_pb_gallery_item_1_9\"><div class=\"et_pb_gallery_image landscape\" data-per_page=\"100\"><a href=\"https:\/\/www.tuecher-buecher.de\/wp-content\/uploads\/2026\/02\/Matinee-Brechthaus-Tuecher-und-Buecher_15Febr26-00961.jpg\" title=\"Autorin Liesse Ebengo\"><img loading=\"lazy\" decoding=\"async\" width=\"400\" height=\"284\" src=\"https:\/\/www.tuecher-buecher.de\/wp-content\/uploads\/2026\/02\/Matinee-Brechthaus-Tuecher-und-Buecher_15Febr26-00961-400x284.jpg\" alt=\"Autorin Liesse Ebengo\" class=\"wp-image-2405\" srcset=\"https:\/\/www.tuecher-buecher.de\/wp-content\/uploads\/2026\/02\/Matinee-Brechthaus-Tuecher-und-Buecher_15Febr26-00961.jpg 479w, https:\/\/www.tuecher-buecher.de\/wp-content\/uploads\/2026\/02\/Matinee-Brechthaus-Tuecher-und-Buecher_15Febr26-00961-400x284.jpg 480w\" sizes=\"(max-width:479px) 479px, 100vw\" \/><span class=\"et_overlay\" data-icon=\"\" data-icon-tablet=\"\" data-icon-phone=\"\"><\/span><\/a><\/div><\/div><div class=\"et_pb_gallery_item et_pb_grid_item et_pb_gallery_item_1_10\"><div class=\"et_pb_gallery_image landscape\" data-per_page=\"100\"><a href=\"https:\/\/www.tuecher-buecher.de\/wp-content\/uploads\/2026\/02\/Matinee-Brechthaus-Tuecher-und-Buecher_15Febr26-00948.jpg\" title=\"Drs. Linda Kohn vom &quot;ILB&quot; aus Amsterdam im Gespr\u00e4ch mit der Autorin Liesse Ebengo (liesse-ebengo.de)\"><img loading=\"lazy\" decoding=\"async\" width=\"400\" height=\"284\" src=\"https:\/\/www.tuecher-buecher.de\/wp-content\/uploads\/2026\/02\/Matinee-Brechthaus-Tuecher-und-Buecher_15Febr26-00948-400x284.jpg\" alt=\"Drs. Linda Kohn vom &quot;ILB&quot; aus Amsterdam im Gespr\u00e4ch mit der Autorin Liesse Ebengo (liesse-ebengo.de)\" class=\"wp-image-2399\" srcset=\"https:\/\/www.tuecher-buecher.de\/wp-content\/uploads\/2026\/02\/Matinee-Brechthaus-Tuecher-und-Buecher_15Febr26-00948.jpg 479w, https:\/\/www.tuecher-buecher.de\/wp-content\/uploads\/2026\/02\/Matinee-Brechthaus-Tuecher-und-Buecher_15Febr26-00948-400x284.jpg 480w\" sizes=\"(max-width:479px) 479px, 100vw\" \/><span class=\"et_overlay\" data-icon=\"\" data-icon-tablet=\"\" data-icon-phone=\"\"><\/span><\/a><\/div><\/div><div class=\"et_pb_gallery_item et_pb_grid_item et_pb_gallery_item_1_11\"><div class=\"et_pb_gallery_image landscape\" data-per_page=\"100\"><a href=\"https:\/\/www.tuecher-buecher.de\/wp-content\/uploads\/2026\/02\/Matinee-Brechthaus-Tuecher-und-Buecher_15Febr26-00949.jpg\" title=\"Drs. Linda Kohn vom &quot;ILB&quot;und die Autorin Liesse Ebengo\"><img loading=\"lazy\" decoding=\"async\" width=\"400\" height=\"284\" src=\"https:\/\/www.tuecher-buecher.de\/wp-content\/uploads\/2026\/02\/Matinee-Brechthaus-Tuecher-und-Buecher_15Febr26-00949-400x284.jpg\" alt=\"Drs. Linda Kohn vom &quot;ILB&quot;und die Autorin Liesse Ebengo\" class=\"wp-image-2400\" srcset=\"https:\/\/www.tuecher-buecher.de\/wp-content\/uploads\/2026\/02\/Matinee-Brechthaus-Tuecher-und-Buecher_15Febr26-00949.jpg 479w, https:\/\/www.tuecher-buecher.de\/wp-content\/uploads\/2026\/02\/Matinee-Brechthaus-Tuecher-und-Buecher_15Febr26-00949-400x284.jpg 480w\" sizes=\"(max-width:479px) 479px, 100vw\" \/><span class=\"et_overlay\" data-icon=\"\" data-icon-tablet=\"\" data-icon-phone=\"\"><\/span><\/a><\/div><\/div><div class=\"et_pb_gallery_item et_pb_grid_item et_pb_gallery_item_1_12\"><div class=\"et_pb_gallery_image landscape\" data-per_page=\"100\"><a href=\"https:\/\/www.tuecher-buecher.de\/wp-content\/uploads\/2026\/02\/Matinee-Brechthaus-Tuecher-und-Buecher_15Febr26-00951.jpg\" title=\"Drs. Linda Kohn vom &quot;ILB&quot; im Gespr\u00e4ch mit der Autorin Liesse Ebengo\"><img loading=\"lazy\" decoding=\"async\" width=\"400\" height=\"284\" src=\"https:\/\/www.tuecher-buecher.de\/wp-content\/uploads\/2026\/02\/Matinee-Brechthaus-Tuecher-und-Buecher_15Febr26-00951-400x284.jpg\" alt=\"Drs. Linda Kohn vom &quot;ILB&quot; im Gespr\u00e4ch mit der Autorin Liesse Ebengo\" class=\"wp-image-2401\" srcset=\"https:\/\/www.tuecher-buecher.de\/wp-content\/uploads\/2026\/02\/Matinee-Brechthaus-Tuecher-und-Buecher_15Febr26-00951.jpg 479w, https:\/\/www.tuecher-buecher.de\/wp-content\/uploads\/2026\/02\/Matinee-Brechthaus-Tuecher-und-Buecher_15Febr26-00951-400x284.jpg 480w\" sizes=\"(max-width:479px) 479px, 100vw\" \/><span class=\"et_overlay\" data-icon=\"\" data-icon-tablet=\"\" data-icon-phone=\"\"><\/span><\/a><\/div><\/div><div class=\"et_pb_gallery_item et_pb_grid_item et_pb_gallery_item_1_13\"><div class=\"et_pb_gallery_image landscape\" data-per_page=\"100\"><a href=\"https:\/\/www.tuecher-buecher.de\/wp-content\/uploads\/2026\/02\/Matinee-Brechthaus-Tuecher-und-Buecher_15Febr26-00955.jpg\" title=\"Matinee-Brechthaus-Tuecher-und-Buecher_15Febr26-00955\"><img loading=\"lazy\" decoding=\"async\" width=\"400\" height=\"284\" src=\"https:\/\/www.tuecher-buecher.de\/wp-content\/uploads\/2026\/02\/Matinee-Brechthaus-Tuecher-und-Buecher_15Febr26-00955-400x284.jpg\" alt=\"\" class=\"wp-image-2403\" srcset=\"https:\/\/www.tuecher-buecher.de\/wp-content\/uploads\/2026\/02\/Matinee-Brechthaus-Tuecher-und-Buecher_15Febr26-00955.jpg 479w, https:\/\/www.tuecher-buecher.de\/wp-content\/uploads\/2026\/02\/Matinee-Brechthaus-Tuecher-und-Buecher_15Febr26-00955-400x284.jpg 480w\" sizes=\"(max-width:479px) 479px, 100vw\" \/><span class=\"et_overlay\" data-icon=\"\" data-icon-tablet=\"\" data-icon-phone=\"\"><\/span><\/a><\/div><\/div><div class=\"et_pb_gallery_item et_pb_grid_item et_pb_gallery_item_1_14\"><div class=\"et_pb_gallery_image landscape\" data-per_page=\"100\"><a href=\"https:\/\/www.tuecher-buecher.de\/wp-content\/uploads\/2026\/02\/Matinee-Brechthaus-Tuecher-und-Buecher_15Febr26-00957.jpg\" title=\"Matinee-Brechthaus-Tuecher-und-Buecher_15Febr26-00957\"><img loading=\"lazy\" decoding=\"async\" width=\"400\" height=\"284\" src=\"https:\/\/www.tuecher-buecher.de\/wp-content\/uploads\/2026\/02\/Matinee-Brechthaus-Tuecher-und-Buecher_15Febr26-00957-400x284.jpg\" alt=\"\" class=\"wp-image-2404\" srcset=\"https:\/\/www.tuecher-buecher.de\/wp-content\/uploads\/2026\/02\/Matinee-Brechthaus-Tuecher-und-Buecher_15Febr26-00957.jpg 479w, https:\/\/www.tuecher-buecher.de\/wp-content\/uploads\/2026\/02\/Matinee-Brechthaus-Tuecher-und-Buecher_15Febr26-00957-400x284.jpg 480w\" sizes=\"(max-width:479px) 479px, 100vw\" \/><span class=\"et_overlay\" data-icon=\"\" data-icon-tablet=\"\" data-icon-phone=\"\"><\/span><\/a><\/div><\/div><div class=\"et_pb_gallery_item et_pb_grid_item et_pb_gallery_item_1_15\"><div class=\"et_pb_gallery_image landscape\" data-per_page=\"100\"><a href=\"https:\/\/www.tuecher-buecher.de\/wp-content\/uploads\/2026\/02\/Matinee-Brechthaus-Tuecher-und-Buecher_15Febr26-01243.jpg\" title=\"Matinee-Brechthaus-Tuecher-und-Buecher_15Febr26-01243\"><img loading=\"lazy\" decoding=\"async\" width=\"400\" height=\"284\" src=\"https:\/\/www.tuecher-buecher.de\/wp-content\/uploads\/2026\/02\/Matinee-Brechthaus-Tuecher-und-Buecher_15Febr26-01243-400x284.jpg\" alt=\"\" class=\"wp-image-2485\" srcset=\"https:\/\/www.tuecher-buecher.de\/wp-content\/uploads\/2026\/02\/Matinee-Brechthaus-Tuecher-und-Buecher_15Febr26-01243.jpg 479w, https:\/\/www.tuecher-buecher.de\/wp-content\/uploads\/2026\/02\/Matinee-Brechthaus-Tuecher-und-Buecher_15Febr26-01243-400x284.jpg 480w\" sizes=\"(max-width:479px) 479px, 100vw\" \/><span class=\"et_overlay\" data-icon=\"\" data-icon-tablet=\"\" data-icon-phone=\"\"><\/span><\/a><\/div><\/div><div class=\"et_pb_gallery_item et_pb_grid_item et_pb_gallery_item_1_16\"><div class=\"et_pb_gallery_image landscape\" data-per_page=\"100\"><a href=\"https:\/\/www.tuecher-buecher.de\/wp-content\/uploads\/2026\/02\/Matinee-Brechthaus-Tuecher-und-Buecher_15Febr26-01246.jpg\" title=\"Matinee-Brechthaus-Tuecher-und-Buecher_15Febr26-01246\"><img loading=\"lazy\" decoding=\"async\" width=\"400\" height=\"284\" src=\"https:\/\/www.tuecher-buecher.de\/wp-content\/uploads\/2026\/02\/Matinee-Brechthaus-Tuecher-und-Buecher_15Febr26-01246-400x284.jpg\" alt=\"\" class=\"wp-image-2487\" srcset=\"https:\/\/www.tuecher-buecher.de\/wp-content\/uploads\/2026\/02\/Matinee-Brechthaus-Tuecher-und-Buecher_15Febr26-01246.jpg 479w, https:\/\/www.tuecher-buecher.de\/wp-content\/uploads\/2026\/02\/Matinee-Brechthaus-Tuecher-und-Buecher_15Febr26-01246-400x284.jpg 480w\" sizes=\"(max-width:479px) 479px, 100vw\" \/><span class=\"et_overlay\" data-icon=\"\" data-icon-tablet=\"\" data-icon-phone=\"\"><\/span><\/a><\/div><\/div><div class=\"et_pb_gallery_item et_pb_grid_item et_pb_gallery_item_1_17\"><div class=\"et_pb_gallery_image landscape\" data-per_page=\"100\"><a href=\"https:\/\/www.tuecher-buecher.de\/wp-content\/uploads\/2026\/02\/Matinee-Brechthaus-Tuecher-und-Buecher_15Febr26-00936.jpg\" title=\"Matinee-Brechthaus-Tuecher-und-Buecher_15Febr26-00936\"><img loading=\"lazy\" decoding=\"async\" width=\"400\" height=\"284\" src=\"https:\/\/www.tuecher-buecher.de\/wp-content\/uploads\/2026\/02\/Matinee-Brechthaus-Tuecher-und-Buecher_15Febr26-00936-400x284.jpg\" alt=\"\" class=\"wp-image-2393\" srcset=\"https:\/\/www.tuecher-buecher.de\/wp-content\/uploads\/2026\/02\/Matinee-Brechthaus-Tuecher-und-Buecher_15Febr26-00936.jpg 479w, https:\/\/www.tuecher-buecher.de\/wp-content\/uploads\/2026\/02\/Matinee-Brechthaus-Tuecher-und-Buecher_15Febr26-00936-400x284.jpg 480w\" sizes=\"(max-width:479px) 479px, 100vw\" \/><span class=\"et_overlay\" data-icon=\"\" data-icon-tablet=\"\" data-icon-phone=\"\"><\/span><\/a><\/div><\/div><div class=\"et_pb_gallery_item et_pb_grid_item et_pb_gallery_item_1_18\"><div class=\"et_pb_gallery_image landscape\" data-per_page=\"100\"><a href=\"https:\/\/www.tuecher-buecher.de\/wp-content\/uploads\/2026\/02\/Matinee-Brechthaus-Tuecher-und-Buecher_15Febr26-00992.jpg\" title=\"Matinee-Brechthaus-Tuecher-und-Buecher_15Febr26-00992\"><img loading=\"lazy\" decoding=\"async\" width=\"400\" height=\"284\" src=\"https:\/\/www.tuecher-buecher.de\/wp-content\/uploads\/2026\/02\/Matinee-Brechthaus-Tuecher-und-Buecher_15Febr26-00992-400x284.jpg\" alt=\"\" class=\"wp-image-2413\" srcset=\"https:\/\/www.tuecher-buecher.de\/wp-content\/uploads\/2026\/02\/Matinee-Brechthaus-Tuecher-und-Buecher_15Febr26-00992.jpg 479w, https:\/\/www.tuecher-buecher.de\/wp-content\/uploads\/2026\/02\/Matinee-Brechthaus-Tuecher-und-Buecher_15Febr26-00992-400x284.jpg 480w\" sizes=\"(max-width:479px) 479px, 100vw\" \/><span class=\"et_overlay\" data-icon=\"\" data-icon-tablet=\"\" data-icon-phone=\"\"><\/span><\/a><\/div><\/div><div class=\"et_pb_gallery_item et_pb_grid_item et_pb_gallery_item_1_19\"><div class=\"et_pb_gallery_image landscape\" data-per_page=\"100\"><a href=\"https:\/\/www.tuecher-buecher.de\/wp-content\/uploads\/2026\/02\/Matinee-Brechthaus-Tuecher-und-Buecher_15Febr26-00943.jpg\" title=\"Matinee-Brechthaus-Tuecher-und-Buecher_15Febr26-00943\"><img loading=\"lazy\" decoding=\"async\" width=\"400\" height=\"284\" src=\"https:\/\/www.tuecher-buecher.de\/wp-content\/uploads\/2026\/02\/Matinee-Brechthaus-Tuecher-und-Buecher_15Febr26-00943-400x284.jpg\" alt=\"\" class=\"wp-image-2396\" srcset=\"https:\/\/www.tuecher-buecher.de\/wp-content\/uploads\/2026\/02\/Matinee-Brechthaus-Tuecher-und-Buecher_15Febr26-00943.jpg 479w, https:\/\/www.tuecher-buecher.de\/wp-content\/uploads\/2026\/02\/Matinee-Brechthaus-Tuecher-und-Buecher_15Febr26-00943-400x284.jpg 480w\" sizes=\"(max-width:479px) 479px, 100vw\" \/><span class=\"et_overlay\" data-icon=\"\" data-icon-tablet=\"\" data-icon-phone=\"\"><\/span><\/a><\/div><\/div><div class=\"et_pb_gallery_item et_pb_grid_item et_pb_gallery_item_1_20\"><div class=\"et_pb_gallery_image landscape\" data-per_page=\"100\"><a href=\"https:\/\/www.tuecher-buecher.de\/wp-content\/uploads\/2026\/02\/Matinee-Brechthaus-Tuecher-und-Buecher_15Febr26-00985.jpg\" title=\"Matinee-Brechthaus-Tuecher-und-Buecher_15Febr26-00985\"><img loading=\"lazy\" decoding=\"async\" width=\"400\" height=\"284\" src=\"https:\/\/www.tuecher-buecher.de\/wp-content\/uploads\/2026\/02\/Matinee-Brechthaus-Tuecher-und-Buecher_15Febr26-00985-400x284.jpg\" alt=\"\" class=\"wp-image-2411\" srcset=\"https:\/\/www.tuecher-buecher.de\/wp-content\/uploads\/2026\/02\/Matinee-Brechthaus-Tuecher-und-Buecher_15Febr26-00985.jpg 479w, https:\/\/www.tuecher-buecher.de\/wp-content\/uploads\/2026\/02\/Matinee-Brechthaus-Tuecher-und-Buecher_15Febr26-00985-400x284.jpg 480w\" sizes=\"(max-width:479px) 479px, 100vw\" \/><span class=\"et_overlay\" data-icon=\"\" data-icon-tablet=\"\" data-icon-phone=\"\"><\/span><\/a><\/div><\/div><div class=\"et_pb_gallery_item et_pb_grid_item et_pb_gallery_item_1_21\"><div class=\"et_pb_gallery_image landscape\" data-per_page=\"100\"><a href=\"https:\/\/www.tuecher-buecher.de\/wp-content\/uploads\/2026\/02\/Matinee-Brechthaus-Tuecher-und-Buecher_15Febr26-00987.jpg\" title=\"Matinee-Brechthaus-Tuecher-und-Buecher_15Febr26-00987\"><img loading=\"lazy\" decoding=\"async\" width=\"400\" height=\"284\" src=\"https:\/\/www.tuecher-buecher.de\/wp-content\/uploads\/2026\/02\/Matinee-Brechthaus-Tuecher-und-Buecher_15Febr26-00987-400x284.jpg\" alt=\"\" class=\"wp-image-2412\" srcset=\"https:\/\/www.tuecher-buecher.de\/wp-content\/uploads\/2026\/02\/Matinee-Brechthaus-Tuecher-und-Buecher_15Febr26-00987.jpg 479w, https:\/\/www.tuecher-buecher.de\/wp-content\/uploads\/2026\/02\/Matinee-Brechthaus-Tuecher-und-Buecher_15Febr26-00987-400x284.jpg 480w\" sizes=\"(max-width:479px) 479px, 100vw\" \/><span class=\"et_overlay\" data-icon=\"\" data-icon-tablet=\"\" data-icon-phone=\"\"><\/span><\/a><\/div><\/div><div class=\"et_pb_gallery_item et_pb_grid_item et_pb_gallery_item_1_22\"><div class=\"et_pb_gallery_image landscape\" data-per_page=\"100\"><a href=\"https:\/\/www.tuecher-buecher.de\/wp-content\/uploads\/2026\/02\/Matinee-Brechthaus-Tuecher-und-Buecher_15Febr26-00971.jpg\" title=\"Matinee-Brechthaus-Tuecher-und-Buecher_15Febr26-00971\"><img loading=\"lazy\" decoding=\"async\" width=\"400\" height=\"284\" src=\"https:\/\/www.tuecher-buecher.de\/wp-content\/uploads\/2026\/02\/Matinee-Brechthaus-Tuecher-und-Buecher_15Febr26-00971-400x284.jpg\" alt=\"\" class=\"wp-image-2408\" srcset=\"https:\/\/www.tuecher-buecher.de\/wp-content\/uploads\/2026\/02\/Matinee-Brechthaus-Tuecher-und-Buecher_15Febr26-00971.jpg 479w, https:\/\/www.tuecher-buecher.de\/wp-content\/uploads\/2026\/02\/Matinee-Brechthaus-Tuecher-und-Buecher_15Febr26-00971-400x284.jpg 480w\" sizes=\"(max-width:479px) 479px, 100vw\" \/><span class=\"et_overlay\" data-icon=\"\" data-icon-tablet=\"\" data-icon-phone=\"\"><\/span><\/a><\/div><\/div><div class=\"et_pb_gallery_item et_pb_grid_item et_pb_gallery_item_1_23\"><div class=\"et_pb_gallery_image landscape\" data-per_page=\"100\"><a href=\"https:\/\/www.tuecher-buecher.de\/wp-content\/uploads\/2026\/02\/Matinee-Brechthaus-Tuecher-und-Buecher_15Febr26-00981.jpg\" title=\"Matinee-Brechthaus-Tuecher-und-Buecher_15Febr26-00981\"><img loading=\"lazy\" decoding=\"async\" width=\"400\" height=\"284\" src=\"https:\/\/www.tuecher-buecher.de\/wp-content\/uploads\/2026\/02\/Matinee-Brechthaus-Tuecher-und-Buecher_15Febr26-00981-400x284.jpg\" alt=\"\" class=\"wp-image-2409\" srcset=\"https:\/\/www.tuecher-buecher.de\/wp-content\/uploads\/2026\/02\/Matinee-Brechthaus-Tuecher-und-Buecher_15Febr26-00981.jpg 479w, https:\/\/www.tuecher-buecher.de\/wp-content\/uploads\/2026\/02\/Matinee-Brechthaus-Tuecher-und-Buecher_15Febr26-00981-400x284.jpg 480w\" sizes=\"(max-width:479px) 479px, 100vw\" \/><span class=\"et_overlay\" data-icon=\"\" data-icon-tablet=\"\" data-icon-phone=\"\"><\/span><\/a><\/div><\/div><div class=\"et_pb_gallery_item et_pb_grid_item et_pb_gallery_item_1_24\"><div class=\"et_pb_gallery_image landscape\" data-per_page=\"100\"><a href=\"https:\/\/www.tuecher-buecher.de\/wp-content\/uploads\/2026\/02\/Matinee-Brechthaus-Tuecher-und-Buecher_15Febr26-00984.jpg\" title=\"Matinee-Brechthaus-Tuecher-und-Buecher_15Febr26-00984\"><img loading=\"lazy\" decoding=\"async\" width=\"400\" height=\"284\" src=\"https:\/\/www.tuecher-buecher.de\/wp-content\/uploads\/2026\/02\/Matinee-Brechthaus-Tuecher-und-Buecher_15Febr26-00984-400x284.jpg\" alt=\"\" class=\"wp-image-2410\" srcset=\"https:\/\/www.tuecher-buecher.de\/wp-content\/uploads\/2026\/02\/Matinee-Brechthaus-Tuecher-und-Buecher_15Febr26-00984.jpg 479w, https:\/\/www.tuecher-buecher.de\/wp-content\/uploads\/2026\/02\/Matinee-Brechthaus-Tuecher-und-Buecher_15Febr26-00984-400x284.jpg 480w\" sizes=\"(max-width:479px) 479px, 100vw\" \/><span class=\"et_overlay\" data-icon=\"\" data-icon-tablet=\"\" data-icon-phone=\"\"><\/span><\/a><\/div><\/div><div class=\"et_pb_gallery_item et_pb_grid_item et_pb_gallery_item_1_25\"><div class=\"et_pb_gallery_image landscape\" data-per_page=\"100\"><a href=\"https:\/\/www.tuecher-buecher.de\/wp-content\/uploads\/2026\/02\/Matinee-Brechthaus-Tuecher-und-Buecher_15Febr26-01011.jpg\" title=\"Matinee-Brechthaus-Tuecher-und-Buecher_15Febr26-01011\"><img loading=\"lazy\" decoding=\"async\" width=\"400\" height=\"284\" src=\"https:\/\/www.tuecher-buecher.de\/wp-content\/uploads\/2026\/02\/Matinee-Brechthaus-Tuecher-und-Buecher_15Febr26-01011-400x284.jpg\" alt=\"\" class=\"wp-image-2415\" srcset=\"https:\/\/www.tuecher-buecher.de\/wp-content\/uploads\/2026\/02\/Matinee-Brechthaus-Tuecher-und-Buecher_15Febr26-01011.jpg 479w, https:\/\/www.tuecher-buecher.de\/wp-content\/uploads\/2026\/02\/Matinee-Brechthaus-Tuecher-und-Buecher_15Febr26-01011-400x284.jpg 480w\" sizes=\"(max-width:479px) 479px, 100vw\" \/><span class=\"et_overlay\" data-icon=\"\" data-icon-tablet=\"\" data-icon-phone=\"\"><\/span><\/a><\/div><\/div><div class=\"et_pb_gallery_item et_pb_grid_item et_pb_gallery_item_1_26\"><div class=\"et_pb_gallery_image landscape\" data-per_page=\"100\"><a href=\"https:\/\/www.tuecher-buecher.de\/wp-content\/uploads\/2026\/02\/Matinee-Brechthaus-Tuecher-und-Buecher_15Febr26-01013.jpg\" title=\"Matinee-Brechthaus-Tuecher-und-Buecher_15Febr26-01013\"><img loading=\"lazy\" decoding=\"async\" width=\"400\" height=\"284\" src=\"https:\/\/www.tuecher-buecher.de\/wp-content\/uploads\/2026\/02\/Matinee-Brechthaus-Tuecher-und-Buecher_15Febr26-01013-400x284.jpg\" alt=\"\" class=\"wp-image-2416\" srcset=\"https:\/\/www.tuecher-buecher.de\/wp-content\/uploads\/2026\/02\/Matinee-Brechthaus-Tuecher-und-Buecher_15Febr26-01013.jpg 479w, https:\/\/www.tuecher-buecher.de\/wp-content\/uploads\/2026\/02\/Matinee-Brechthaus-Tuecher-und-Buecher_15Febr26-01013-400x284.jpg 480w\" sizes=\"(max-width:479px) 479px, 100vw\" \/><span class=\"et_overlay\" data-icon=\"\" data-icon-tablet=\"\" data-icon-phone=\"\"><\/span><\/a><\/div><\/div><div class=\"et_pb_gallery_item et_pb_grid_item et_pb_gallery_item_1_27\"><div class=\"et_pb_gallery_image landscape\" data-per_page=\"100\"><a href=\"https:\/\/www.tuecher-buecher.de\/wp-content\/uploads\/2026\/02\/Matinee-Brechthaus-Tuecher-und-Buecher_15Febr26-01015.jpg\" title=\"Matinee-Brechthaus-Tuecher-und-Buecher_15Febr26-01015\"><img loading=\"lazy\" decoding=\"async\" width=\"400\" height=\"284\" src=\"https:\/\/www.tuecher-buecher.de\/wp-content\/uploads\/2026\/02\/Matinee-Brechthaus-Tuecher-und-Buecher_15Febr26-01015-400x284.jpg\" alt=\"\" class=\"wp-image-2417\" srcset=\"https:\/\/www.tuecher-buecher.de\/wp-content\/uploads\/2026\/02\/Matinee-Brechthaus-Tuecher-und-Buecher_15Febr26-01015.jpg 479w, https:\/\/www.tuecher-buecher.de\/wp-content\/uploads\/2026\/02\/Matinee-Brechthaus-Tuecher-und-Buecher_15Febr26-01015-400x284.jpg 480w\" sizes=\"(max-width:479px) 479px, 100vw\" \/><span class=\"et_overlay\" data-icon=\"\" data-icon-tablet=\"\" data-icon-phone=\"\"><\/span><\/a><\/div><\/div><div class=\"et_pb_gallery_item et_pb_grid_item et_pb_gallery_item_1_28\"><div class=\"et_pb_gallery_image landscape\" data-per_page=\"100\"><a href=\"https:\/\/www.tuecher-buecher.de\/wp-content\/uploads\/2026\/02\/Matinee-Brechthaus-Tuecher-und-Buecher_15Febr26-01025.jpg\" title=\"Matinee-Brechthaus-Tuecher-und-Buecher_15Febr26-01025\"><img loading=\"lazy\" decoding=\"async\" width=\"400\" height=\"284\" src=\"https:\/\/www.tuecher-buecher.de\/wp-content\/uploads\/2026\/02\/Matinee-Brechthaus-Tuecher-und-Buecher_15Febr26-01025-400x284.jpg\" alt=\"\" class=\"wp-image-2420\" srcset=\"https:\/\/www.tuecher-buecher.de\/wp-content\/uploads\/2026\/02\/Matinee-Brechthaus-Tuecher-und-Buecher_15Febr26-01025.jpg 479w, https:\/\/www.tuecher-buecher.de\/wp-content\/uploads\/2026\/02\/Matinee-Brechthaus-Tuecher-und-Buecher_15Febr26-01025-400x284.jpg 480w\" sizes=\"(max-width:479px) 479px, 100vw\" \/><span class=\"et_overlay\" data-icon=\"\" data-icon-tablet=\"\" data-icon-phone=\"\"><\/span><\/a><\/div><\/div><div class=\"et_pb_gallery_item et_pb_grid_item et_pb_gallery_item_1_29\"><div class=\"et_pb_gallery_image landscape\" data-per_page=\"100\"><a href=\"https:\/\/www.tuecher-buecher.de\/wp-content\/uploads\/2026\/02\/Matinee-Brechthaus-Tuecher-und-Buecher_15Febr26-01029.jpg\" title=\"Matinee-Brechthaus-Tuecher-und-Buecher_15Febr26-01029\"><img loading=\"lazy\" decoding=\"async\" width=\"400\" height=\"284\" src=\"https:\/\/www.tuecher-buecher.de\/wp-content\/uploads\/2026\/02\/Matinee-Brechthaus-Tuecher-und-Buecher_15Febr26-01029-400x284.jpg\" alt=\"\" class=\"wp-image-2421\" srcset=\"https:\/\/www.tuecher-buecher.de\/wp-content\/uploads\/2026\/02\/Matinee-Brechthaus-Tuecher-und-Buecher_15Febr26-01029.jpg 479w, https:\/\/www.tuecher-buecher.de\/wp-content\/uploads\/2026\/02\/Matinee-Brechthaus-Tuecher-und-Buecher_15Febr26-01029-400x284.jpg 480w\" sizes=\"(max-width:479px) 479px, 100vw\" \/><span class=\"et_overlay\" data-icon=\"\" data-icon-tablet=\"\" data-icon-phone=\"\"><\/span><\/a><\/div><\/div><div class=\"et_pb_gallery_item et_pb_grid_item et_pb_gallery_item_1_30\"><div class=\"et_pb_gallery_image landscape\" data-per_page=\"100\"><a href=\"https:\/\/www.tuecher-buecher.de\/wp-content\/uploads\/2026\/02\/Matinee-Brechthaus-Tuecher-und-Buecher_15Febr26-01032.jpg\" title=\"Matinee-Brechthaus-Tuecher-und-Buecher_15Febr26-01032\"><img loading=\"lazy\" decoding=\"async\" width=\"400\" height=\"284\" src=\"https:\/\/www.tuecher-buecher.de\/wp-content\/uploads\/2026\/02\/Matinee-Brechthaus-Tuecher-und-Buecher_15Febr26-01032-400x284.jpg\" alt=\"\" class=\"wp-image-2422\" srcset=\"https:\/\/www.tuecher-buecher.de\/wp-content\/uploads\/2026\/02\/Matinee-Brechthaus-Tuecher-und-Buecher_15Febr26-01032.jpg 479w, https:\/\/www.tuecher-buecher.de\/wp-content\/uploads\/2026\/02\/Matinee-Brechthaus-Tuecher-und-Buecher_15Febr26-01032-400x284.jpg 480w\" sizes=\"(max-width:479px) 479px, 100vw\" \/><span class=\"et_overlay\" data-icon=\"\" data-icon-tablet=\"\" data-icon-phone=\"\"><\/span><\/a><\/div><\/div><div class=\"et_pb_gallery_item et_pb_grid_item et_pb_gallery_item_1_31\"><div class=\"et_pb_gallery_image landscape\" data-per_page=\"100\"><a href=\"https:\/\/www.tuecher-buecher.de\/wp-content\/uploads\/2026\/02\/Matinee-Brechthaus-Tuecher-und-Buecher_15Febr26-01036-1.jpg\" title=\"Matinee-Brechthaus-Tuecher-und-Buecher_15Febr26-01036\"><img loading=\"lazy\" decoding=\"async\" width=\"400\" height=\"284\" src=\"https:\/\/www.tuecher-buecher.de\/wp-content\/uploads\/2026\/02\/Matinee-Brechthaus-Tuecher-und-Buecher_15Febr26-01036-1-400x284.jpg\" alt=\"\" class=\"wp-image-2424\" srcset=\"https:\/\/www.tuecher-buecher.de\/wp-content\/uploads\/2026\/02\/Matinee-Brechthaus-Tuecher-und-Buecher_15Febr26-01036-1.jpg 479w, https:\/\/www.tuecher-buecher.de\/wp-content\/uploads\/2026\/02\/Matinee-Brechthaus-Tuecher-und-Buecher_15Febr26-01036-1-400x284.jpg 480w\" sizes=\"(max-width:479px) 479px, 100vw\" \/><span class=\"et_overlay\" data-icon=\"\" data-icon-tablet=\"\" data-icon-phone=\"\"><\/span><\/a><\/div><\/div><div class=\"et_pb_gallery_item et_pb_grid_item et_pb_gallery_item_1_32\"><div class=\"et_pb_gallery_image landscape\" data-per_page=\"100\"><a href=\"https:\/\/www.tuecher-buecher.de\/wp-content\/uploads\/2026\/02\/Matinee-Brechthaus-Tuecher-und-Buecher_15Febr26-01059.jpg\" title=\"Matinee-Brechthaus-Tuecher-und-Buecher_15Febr26-01059\"><img loading=\"lazy\" decoding=\"async\" width=\"400\" height=\"284\" src=\"https:\/\/www.tuecher-buecher.de\/wp-content\/uploads\/2026\/02\/Matinee-Brechthaus-Tuecher-und-Buecher_15Febr26-01059-400x284.jpg\" alt=\"\" class=\"wp-image-2428\" srcset=\"https:\/\/www.tuecher-buecher.de\/wp-content\/uploads\/2026\/02\/Matinee-Brechthaus-Tuecher-und-Buecher_15Febr26-01059.jpg 479w, https:\/\/www.tuecher-buecher.de\/wp-content\/uploads\/2026\/02\/Matinee-Brechthaus-Tuecher-und-Buecher_15Febr26-01059-400x284.jpg 480w\" sizes=\"(max-width:479px) 479px, 100vw\" \/><span class=\"et_overlay\" data-icon=\"\" data-icon-tablet=\"\" data-icon-phone=\"\"><\/span><\/a><\/div><\/div><div class=\"et_pb_gallery_item et_pb_grid_item et_pb_gallery_item_1_33\"><div class=\"et_pb_gallery_image landscape\" data-per_page=\"100\"><a href=\"https:\/\/www.tuecher-buecher.de\/wp-content\/uploads\/2026\/02\/Matinee-Brechthaus-Tuecher-und-Buecher_15Febr26-01080.jpg\" title=\"Matinee-Brechthaus-Tuecher-und-Buecher_15Febr26-01080\"><img loading=\"lazy\" decoding=\"async\" width=\"400\" height=\"284\" src=\"https:\/\/www.tuecher-buecher.de\/wp-content\/uploads\/2026\/02\/Matinee-Brechthaus-Tuecher-und-Buecher_15Febr26-01080-400x284.jpg\" alt=\"\" class=\"wp-image-2432\" srcset=\"https:\/\/www.tuecher-buecher.de\/wp-content\/uploads\/2026\/02\/Matinee-Brechthaus-Tuecher-und-Buecher_15Febr26-01080.jpg 479w, https:\/\/www.tuecher-buecher.de\/wp-content\/uploads\/2026\/02\/Matinee-Brechthaus-Tuecher-und-Buecher_15Febr26-01080-400x284.jpg 480w\" sizes=\"(max-width:479px) 479px, 100vw\" \/><span class=\"et_overlay\" data-icon=\"\" data-icon-tablet=\"\" data-icon-phone=\"\"><\/span><\/a><\/div><\/div><div class=\"et_pb_gallery_item et_pb_grid_item et_pb_gallery_item_1_34\"><div class=\"et_pb_gallery_image landscape\" data-per_page=\"100\"><a href=\"https:\/\/www.tuecher-buecher.de\/wp-content\/uploads\/2026\/02\/Matinee-Brechthaus-Tuecher-und-Buecher_15Febr26-01082.jpg\" title=\"Matinee-Brechthaus-Tuecher-und-Buecher_15Febr26-01082\"><img loading=\"lazy\" decoding=\"async\" width=\"400\" height=\"284\" src=\"https:\/\/www.tuecher-buecher.de\/wp-content\/uploads\/2026\/02\/Matinee-Brechthaus-Tuecher-und-Buecher_15Febr26-01082-400x284.jpg\" alt=\"\" class=\"wp-image-2434\" srcset=\"https:\/\/www.tuecher-buecher.de\/wp-content\/uploads\/2026\/02\/Matinee-Brechthaus-Tuecher-und-Buecher_15Febr26-01082.jpg 479w, https:\/\/www.tuecher-buecher.de\/wp-content\/uploads\/2026\/02\/Matinee-Brechthaus-Tuecher-und-Buecher_15Febr26-01082-400x284.jpg 480w\" sizes=\"(max-width:479px) 479px, 100vw\" \/><span class=\"et_overlay\" data-icon=\"\" data-icon-tablet=\"\" data-icon-phone=\"\"><\/span><\/a><\/div><\/div><div class=\"et_pb_gallery_item et_pb_grid_item et_pb_gallery_item_1_35\"><div class=\"et_pb_gallery_image landscape\" data-per_page=\"100\"><a href=\"https:\/\/www.tuecher-buecher.de\/wp-content\/uploads\/2026\/02\/Matinee-Brechthaus-Tuecher-und-Buecher_15Febr26-01086.jpg\" title=\"Matinee-Brechthaus-Tuecher-und-Buecher_15Febr26-01086\"><img loading=\"lazy\" decoding=\"async\" width=\"400\" height=\"284\" src=\"https:\/\/www.tuecher-buecher.de\/wp-content\/uploads\/2026\/02\/Matinee-Brechthaus-Tuecher-und-Buecher_15Febr26-01086-400x284.jpg\" alt=\"\" class=\"wp-image-2435\" srcset=\"https:\/\/www.tuecher-buecher.de\/wp-content\/uploads\/2026\/02\/Matinee-Brechthaus-Tuecher-und-Buecher_15Febr26-01086.jpg 479w, https:\/\/www.tuecher-buecher.de\/wp-content\/uploads\/2026\/02\/Matinee-Brechthaus-Tuecher-und-Buecher_15Febr26-01086-400x284.jpg 480w\" sizes=\"(max-width:479px) 479px, 100vw\" \/><span class=\"et_overlay\" data-icon=\"\" data-icon-tablet=\"\" data-icon-phone=\"\"><\/span><\/a><\/div><\/div><div class=\"et_pb_gallery_item et_pb_grid_item et_pb_gallery_item_1_36\"><div class=\"et_pb_gallery_image landscape\" data-per_page=\"100\"><a href=\"https:\/\/www.tuecher-buecher.de\/wp-content\/uploads\/2026\/02\/Matinee-Brechthaus-Tuecher-und-Buecher_15Febr26-01093.jpg\" title=\"Matinee-Brechthaus-Tuecher-und-Buecher_15Febr26-01093\"><img loading=\"lazy\" decoding=\"async\" width=\"400\" height=\"284\" src=\"https:\/\/www.tuecher-buecher.de\/wp-content\/uploads\/2026\/02\/Matinee-Brechthaus-Tuecher-und-Buecher_15Febr26-01093-400x284.jpg\" alt=\"\" class=\"wp-image-2437\" srcset=\"https:\/\/www.tuecher-buecher.de\/wp-content\/uploads\/2026\/02\/Matinee-Brechthaus-Tuecher-und-Buecher_15Febr26-01093.jpg 479w, https:\/\/www.tuecher-buecher.de\/wp-content\/uploads\/2026\/02\/Matinee-Brechthaus-Tuecher-und-Buecher_15Febr26-01093-400x284.jpg 480w\" sizes=\"(max-width:479px) 479px, 100vw\" \/><span class=\"et_overlay\" data-icon=\"\" data-icon-tablet=\"\" data-icon-phone=\"\"><\/span><\/a><\/div><\/div><div class=\"et_pb_gallery_item et_pb_grid_item et_pb_gallery_item_1_37\"><div class=\"et_pb_gallery_image landscape\" data-per_page=\"100\"><a href=\"https:\/\/www.tuecher-buecher.de\/wp-content\/uploads\/2026\/02\/Matinee-Brechthaus-Tuecher-und-Buecher_15Febr26-01090.jpg\" title=\"Matinee-Brechthaus-Tuecher-und-Buecher_15Febr26-01090\"><img loading=\"lazy\" decoding=\"async\" width=\"400\" height=\"284\" src=\"https:\/\/www.tuecher-buecher.de\/wp-content\/uploads\/2026\/02\/Matinee-Brechthaus-Tuecher-und-Buecher_15Febr26-01090-400x284.jpg\" alt=\"\" class=\"wp-image-2436\" srcset=\"https:\/\/www.tuecher-buecher.de\/wp-content\/uploads\/2026\/02\/Matinee-Brechthaus-Tuecher-und-Buecher_15Febr26-01090.jpg 479w, https:\/\/www.tuecher-buecher.de\/wp-content\/uploads\/2026\/02\/Matinee-Brechthaus-Tuecher-und-Buecher_15Febr26-01090-400x284.jpg 480w\" sizes=\"(max-width:479px) 479px, 100vw\" \/><span class=\"et_overlay\" data-icon=\"\" data-icon-tablet=\"\" data-icon-phone=\"\"><\/span><\/a><\/div><\/div><div class=\"et_pb_gallery_item et_pb_grid_item et_pb_gallery_item_1_38\"><div class=\"et_pb_gallery_image landscape\" data-per_page=\"100\"><a href=\"https:\/\/www.tuecher-buecher.de\/wp-content\/uploads\/2026\/02\/Matinee-Brechthaus-Tuecher-und-Buecher_15Febr26-01099.jpg\" title=\"Matinee-Brechthaus-Tuecher-und-Buecher_15Febr26-01099\"><img loading=\"lazy\" decoding=\"async\" width=\"400\" height=\"284\" src=\"https:\/\/www.tuecher-buecher.de\/wp-content\/uploads\/2026\/02\/Matinee-Brechthaus-Tuecher-und-Buecher_15Febr26-01099-400x284.jpg\" alt=\"\" class=\"wp-image-2440\" srcset=\"https:\/\/www.tuecher-buecher.de\/wp-content\/uploads\/2026\/02\/Matinee-Brechthaus-Tuecher-und-Buecher_15Febr26-01099.jpg 479w, https:\/\/www.tuecher-buecher.de\/wp-content\/uploads\/2026\/02\/Matinee-Brechthaus-Tuecher-und-Buecher_15Febr26-01099-400x284.jpg 480w\" sizes=\"(max-width:479px) 479px, 100vw\" \/><span class=\"et_overlay\" data-icon=\"\" data-icon-tablet=\"\" data-icon-phone=\"\"><\/span><\/a><\/div><\/div><div class=\"et_pb_gallery_item et_pb_grid_item et_pb_gallery_item_1_39\"><div class=\"et_pb_gallery_image landscape\" data-per_page=\"100\"><a href=\"https:\/\/www.tuecher-buecher.de\/wp-content\/uploads\/2026\/02\/Matinee-Brechthaus-Tuecher-und-Buecher_15Febr26-01100.jpg\" title=\"Matinee-Brechthaus-Tuecher-und-Buecher_15Febr26-01100\"><img loading=\"lazy\" decoding=\"async\" width=\"400\" height=\"284\" src=\"https:\/\/www.tuecher-buecher.de\/wp-content\/uploads\/2026\/02\/Matinee-Brechthaus-Tuecher-und-Buecher_15Febr26-01100-400x284.jpg\" alt=\"\" class=\"wp-image-2441\" srcset=\"https:\/\/www.tuecher-buecher.de\/wp-content\/uploads\/2026\/02\/Matinee-Brechthaus-Tuecher-und-Buecher_15Febr26-01100.jpg 479w, https:\/\/www.tuecher-buecher.de\/wp-content\/uploads\/2026\/02\/Matinee-Brechthaus-Tuecher-und-Buecher_15Febr26-01100-400x284.jpg 480w\" sizes=\"(max-width:479px) 479px, 100vw\" \/><span class=\"et_overlay\" data-icon=\"\" data-icon-tablet=\"\" data-icon-phone=\"\"><\/span><\/a><\/div><\/div><div class=\"et_pb_gallery_item et_pb_grid_item et_pb_gallery_item_1_40\"><div class=\"et_pb_gallery_image landscape\" data-per_page=\"100\"><a href=\"https:\/\/www.tuecher-buecher.de\/wp-content\/uploads\/2026\/02\/Matinee-Brechthaus-Tuecher-und-Buecher_15Febr26-01114.jpg\" title=\"Matinee-Brechthaus-Tuecher-und-Buecher_15Febr26-01114\"><img loading=\"lazy\" decoding=\"async\" width=\"400\" height=\"284\" src=\"https:\/\/www.tuecher-buecher.de\/wp-content\/uploads\/2026\/02\/Matinee-Brechthaus-Tuecher-und-Buecher_15Febr26-01114-400x284.jpg\" alt=\"\" class=\"wp-image-2442\" srcset=\"https:\/\/www.tuecher-buecher.de\/wp-content\/uploads\/2026\/02\/Matinee-Brechthaus-Tuecher-und-Buecher_15Febr26-01114.jpg 479w, https:\/\/www.tuecher-buecher.de\/wp-content\/uploads\/2026\/02\/Matinee-Brechthaus-Tuecher-und-Buecher_15Febr26-01114-400x284.jpg 480w\" sizes=\"(max-width:479px) 479px, 100vw\" \/><span class=\"et_overlay\" data-icon=\"\" data-icon-tablet=\"\" data-icon-phone=\"\"><\/span><\/a><\/div><\/div><div class=\"et_pb_gallery_item et_pb_grid_item et_pb_gallery_item_1_41\"><div class=\"et_pb_gallery_image landscape\" data-per_page=\"100\"><a href=\"https:\/\/www.tuecher-buecher.de\/wp-content\/uploads\/2026\/02\/Matinee-Brechthaus-Tuecher-und-Buecher_15Febr26-01123.jpg\" title=\"Matinee-Brechthaus-Tuecher-und-Buecher_15Febr26-01123\"><img loading=\"lazy\" decoding=\"async\" width=\"400\" height=\"284\" src=\"https:\/\/www.tuecher-buecher.de\/wp-content\/uploads\/2026\/02\/Matinee-Brechthaus-Tuecher-und-Buecher_15Febr26-01123-400x284.jpg\" alt=\"\" class=\"wp-image-2443\" srcset=\"https:\/\/www.tuecher-buecher.de\/wp-content\/uploads\/2026\/02\/Matinee-Brechthaus-Tuecher-und-Buecher_15Febr26-01123.jpg 479w, https:\/\/www.tuecher-buecher.de\/wp-content\/uploads\/2026\/02\/Matinee-Brechthaus-Tuecher-und-Buecher_15Febr26-01123-400x284.jpg 480w\" sizes=\"(max-width:479px) 479px, 100vw\" \/><span class=\"et_overlay\" data-icon=\"\" data-icon-tablet=\"\" data-icon-phone=\"\"><\/span><\/a><\/div><\/div><div class=\"et_pb_gallery_item et_pb_grid_item et_pb_gallery_item_1_42\"><div class=\"et_pb_gallery_image landscape\" data-per_page=\"100\"><a href=\"https:\/\/www.tuecher-buecher.de\/wp-content\/uploads\/2026\/02\/Matinee-Brechthaus-Tuecher-und-Buecher_15Febr26-01133.jpg\" title=\"Matinee-Brechthaus-Tuecher-und-Buecher_15Febr26-01133\"><img loading=\"lazy\" decoding=\"async\" width=\"400\" height=\"284\" src=\"https:\/\/www.tuecher-buecher.de\/wp-content\/uploads\/2026\/02\/Matinee-Brechthaus-Tuecher-und-Buecher_15Febr26-01133-400x284.jpg\" alt=\"\" class=\"wp-image-2446\" srcset=\"https:\/\/www.tuecher-buecher.de\/wp-content\/uploads\/2026\/02\/Matinee-Brechthaus-Tuecher-und-Buecher_15Febr26-01133.jpg 479w, https:\/\/www.tuecher-buecher.de\/wp-content\/uploads\/2026\/02\/Matinee-Brechthaus-Tuecher-und-Buecher_15Febr26-01133-400x284.jpg 480w\" sizes=\"(max-width:479px) 479px, 100vw\" \/><span class=\"et_overlay\" data-icon=\"\" data-icon-tablet=\"\" data-icon-phone=\"\"><\/span><\/a><\/div><\/div><div class=\"et_pb_gallery_item et_pb_grid_item et_pb_gallery_item_1_43\"><div class=\"et_pb_gallery_image landscape\" data-per_page=\"100\"><a href=\"https:\/\/www.tuecher-buecher.de\/wp-content\/uploads\/2026\/02\/Matinee-Brechthaus-Tuecher-und-Buecher_15Febr26-01134.jpg\" title=\"Matinee-Brechthaus-Tuecher-und-Buecher_15Febr26-01134\"><img loading=\"lazy\" decoding=\"async\" width=\"400\" height=\"284\" src=\"https:\/\/www.tuecher-buecher.de\/wp-content\/uploads\/2026\/02\/Matinee-Brechthaus-Tuecher-und-Buecher_15Febr26-01134-400x284.jpg\" alt=\"\" class=\"wp-image-2447\" srcset=\"https:\/\/www.tuecher-buecher.de\/wp-content\/uploads\/2026\/02\/Matinee-Brechthaus-Tuecher-und-Buecher_15Febr26-01134.jpg 479w, https:\/\/www.tuecher-buecher.de\/wp-content\/uploads\/2026\/02\/Matinee-Brechthaus-Tuecher-und-Buecher_15Febr26-01134-400x284.jpg 480w\" sizes=\"(max-width:479px) 479px, 100vw\" \/><span class=\"et_overlay\" data-icon=\"\" data-icon-tablet=\"\" data-icon-phone=\"\"><\/span><\/a><\/div><\/div><div class=\"et_pb_gallery_item et_pb_grid_item et_pb_gallery_item_1_44\"><div class=\"et_pb_gallery_image landscape\" data-per_page=\"100\"><a href=\"https:\/\/www.tuecher-buecher.de\/wp-content\/uploads\/2026\/02\/Matinee-Brechthaus-Tuecher-und-Buecher_15Febr26-01137.jpg\" title=\"Matinee-Brechthaus-Tuecher-und-Buecher_15Febr26-01137\"><img loading=\"lazy\" decoding=\"async\" width=\"400\" height=\"284\" src=\"https:\/\/www.tuecher-buecher.de\/wp-content\/uploads\/2026\/02\/Matinee-Brechthaus-Tuecher-und-Buecher_15Febr26-01137-400x284.jpg\" alt=\"\" class=\"wp-image-2448\" srcset=\"https:\/\/www.tuecher-buecher.de\/wp-content\/uploads\/2026\/02\/Matinee-Brechthaus-Tuecher-und-Buecher_15Febr26-01137.jpg 479w, https:\/\/www.tuecher-buecher.de\/wp-content\/uploads\/2026\/02\/Matinee-Brechthaus-Tuecher-und-Buecher_15Febr26-01137-400x284.jpg 480w\" sizes=\"(max-width:479px) 479px, 100vw\" \/><span class=\"et_overlay\" data-icon=\"\" data-icon-tablet=\"\" data-icon-phone=\"\"><\/span><\/a><\/div><\/div><div class=\"et_pb_gallery_item et_pb_grid_item et_pb_gallery_item_1_45\"><div class=\"et_pb_gallery_image landscape\" data-per_page=\"100\"><a href=\"https:\/\/www.tuecher-buecher.de\/wp-content\/uploads\/2026\/02\/Matinee-Brechthaus-Tuecher-und-Buecher_15Febr26-01141.jpg\" title=\"Matinee-Brechthaus-Tuecher-und-Buecher_15Febr26-01141\"><img loading=\"lazy\" decoding=\"async\" width=\"400\" height=\"284\" src=\"https:\/\/www.tuecher-buecher.de\/wp-content\/uploads\/2026\/02\/Matinee-Brechthaus-Tuecher-und-Buecher_15Febr26-01141-400x284.jpg\" alt=\"\" class=\"wp-image-2449\" srcset=\"https:\/\/www.tuecher-buecher.de\/wp-content\/uploads\/2026\/02\/Matinee-Brechthaus-Tuecher-und-Buecher_15Febr26-01141.jpg 479w, https:\/\/www.tuecher-buecher.de\/wp-content\/uploads\/2026\/02\/Matinee-Brechthaus-Tuecher-und-Buecher_15Febr26-01141-400x284.jpg 480w\" sizes=\"(max-width:479px) 479px, 100vw\" \/><span class=\"et_overlay\" data-icon=\"\" data-icon-tablet=\"\" data-icon-phone=\"\"><\/span><\/a><\/div><\/div><div class=\"et_pb_gallery_item et_pb_grid_item et_pb_gallery_item_1_46\"><div class=\"et_pb_gallery_image landscape\" data-per_page=\"100\"><a href=\"https:\/\/www.tuecher-buecher.de\/wp-content\/uploads\/2026\/02\/Matinee-Brechthaus-Tuecher-und-Buecher_15Febr26-01152.jpg\" title=\"Matinee-Brechthaus-Tuecher-und-Buecher_15Febr26-01152\"><img loading=\"lazy\" decoding=\"async\" width=\"400\" height=\"284\" src=\"https:\/\/www.tuecher-buecher.de\/wp-content\/uploads\/2026\/02\/Matinee-Brechthaus-Tuecher-und-Buecher_15Febr26-01152-400x284.jpg\" alt=\"\" class=\"wp-image-2451\" srcset=\"https:\/\/www.tuecher-buecher.de\/wp-content\/uploads\/2026\/02\/Matinee-Brechthaus-Tuecher-und-Buecher_15Febr26-01152.jpg 479w, https:\/\/www.tuecher-buecher.de\/wp-content\/uploads\/2026\/02\/Matinee-Brechthaus-Tuecher-und-Buecher_15Febr26-01152-400x284.jpg 480w\" sizes=\"(max-width:479px) 479px, 100vw\" \/><span class=\"et_overlay\" data-icon=\"\" data-icon-tablet=\"\" data-icon-phone=\"\"><\/span><\/a><\/div><\/div><div class=\"et_pb_gallery_item et_pb_grid_item et_pb_gallery_item_1_47\"><div class=\"et_pb_gallery_image landscape\" data-per_page=\"100\"><a href=\"https:\/\/www.tuecher-buecher.de\/wp-content\/uploads\/2026\/02\/Matinee-Brechthaus-Tuecher-und-Buecher_15Febr26-01155.jpg\" title=\"Matinee-Brechthaus-Tuecher-und-Buecher_15Febr26-01155\"><img loading=\"lazy\" decoding=\"async\" width=\"400\" height=\"284\" src=\"https:\/\/www.tuecher-buecher.de\/wp-content\/uploads\/2026\/02\/Matinee-Brechthaus-Tuecher-und-Buecher_15Febr26-01155-400x284.jpg\" alt=\"\" class=\"wp-image-2453\" srcset=\"https:\/\/www.tuecher-buecher.de\/wp-content\/uploads\/2026\/02\/Matinee-Brechthaus-Tuecher-und-Buecher_15Febr26-01155.jpg 479w, https:\/\/www.tuecher-buecher.de\/wp-content\/uploads\/2026\/02\/Matinee-Brechthaus-Tuecher-und-Buecher_15Febr26-01155-400x284.jpg 480w\" sizes=\"(max-width:479px) 479px, 100vw\" \/><span class=\"et_overlay\" data-icon=\"\" data-icon-tablet=\"\" data-icon-phone=\"\"><\/span><\/a><\/div><\/div><div class=\"et_pb_gallery_item et_pb_grid_item et_pb_gallery_item_1_48\"><div class=\"et_pb_gallery_image landscape\" data-per_page=\"100\"><a href=\"https:\/\/www.tuecher-buecher.de\/wp-content\/uploads\/2026\/02\/Matinee-Brechthaus-Tuecher-und-Buecher_15Febr26-01159.jpg\" title=\"Matinee-Brechthaus-Tuecher-und-Buecher_15Febr26-01159\"><img loading=\"lazy\" decoding=\"async\" width=\"400\" height=\"284\" src=\"https:\/\/www.tuecher-buecher.de\/wp-content\/uploads\/2026\/02\/Matinee-Brechthaus-Tuecher-und-Buecher_15Febr26-01159-400x284.jpg\" alt=\"\" class=\"wp-image-2454\" srcset=\"https:\/\/www.tuecher-buecher.de\/wp-content\/uploads\/2026\/02\/Matinee-Brechthaus-Tuecher-und-Buecher_15Febr26-01159.jpg 479w, https:\/\/www.tuecher-buecher.de\/wp-content\/uploads\/2026\/02\/Matinee-Brechthaus-Tuecher-und-Buecher_15Febr26-01159-400x284.jpg 480w\" sizes=\"(max-width:479px) 479px, 100vw\" \/><span class=\"et_overlay\" data-icon=\"\" data-icon-tablet=\"\" data-icon-phone=\"\"><\/span><\/a><\/div><\/div><div class=\"et_pb_gallery_item et_pb_grid_item et_pb_gallery_item_1_49\"><div class=\"et_pb_gallery_image landscape\" data-per_page=\"100\"><a href=\"https:\/\/www.tuecher-buecher.de\/wp-content\/uploads\/2026\/02\/Matinee-Brechthaus-Tuecher-und-Buecher_15Febr26-01165.jpg\" title=\"Matinee-Brechthaus-Tuecher-und-Buecher_15Febr26-01165\"><img loading=\"lazy\" decoding=\"async\" width=\"400\" height=\"284\" src=\"https:\/\/www.tuecher-buecher.de\/wp-content\/uploads\/2026\/02\/Matinee-Brechthaus-Tuecher-und-Buecher_15Febr26-01165-400x284.jpg\" alt=\"\" class=\"wp-image-2455\" srcset=\"https:\/\/www.tuecher-buecher.de\/wp-content\/uploads\/2026\/02\/Matinee-Brechthaus-Tuecher-und-Buecher_15Febr26-01165.jpg 479w, https:\/\/www.tuecher-buecher.de\/wp-content\/uploads\/2026\/02\/Matinee-Brechthaus-Tuecher-und-Buecher_15Febr26-01165-400x284.jpg 480w\" sizes=\"(max-width:479px) 479px, 100vw\" \/><span class=\"et_overlay\" data-icon=\"\" data-icon-tablet=\"\" data-icon-phone=\"\"><\/span><\/a><\/div><\/div><div class=\"et_pb_gallery_item et_pb_grid_item et_pb_gallery_item_1_50\"><div class=\"et_pb_gallery_image landscape\" data-per_page=\"100\"><a href=\"https:\/\/www.tuecher-buecher.de\/wp-content\/uploads\/2026\/02\/Matinee-Brechthaus-Tuecher-und-Buecher_15Febr26-01178.jpg\" title=\"Matinee-Brechthaus-Tuecher-und-Buecher_15Febr26-01178\"><img loading=\"lazy\" decoding=\"async\" width=\"400\" height=\"284\" src=\"https:\/\/www.tuecher-buecher.de\/wp-content\/uploads\/2026\/02\/Matinee-Brechthaus-Tuecher-und-Buecher_15Febr26-01178-400x284.jpg\" alt=\"\" class=\"wp-image-2461\" srcset=\"https:\/\/www.tuecher-buecher.de\/wp-content\/uploads\/2026\/02\/Matinee-Brechthaus-Tuecher-und-Buecher_15Febr26-01178.jpg 479w, https:\/\/www.tuecher-buecher.de\/wp-content\/uploads\/2026\/02\/Matinee-Brechthaus-Tuecher-und-Buecher_15Febr26-01178-400x284.jpg 480w\" sizes=\"(max-width:479px) 479px, 100vw\" \/><span class=\"et_overlay\" data-icon=\"\" data-icon-tablet=\"\" data-icon-phone=\"\"><\/span><\/a><\/div><\/div><div class=\"et_pb_gallery_item et_pb_grid_item et_pb_gallery_item_1_51\"><div class=\"et_pb_gallery_image landscape\" data-per_page=\"100\"><a href=\"https:\/\/www.tuecher-buecher.de\/wp-content\/uploads\/2026\/02\/Matinee-Brechthaus-Tuecher-und-Buecher_15Febr26-01180.jpg\" title=\"Matinee-Brechthaus-Tuecher-und-Buecher_15Febr26-01180\"><img loading=\"lazy\" decoding=\"async\" width=\"400\" height=\"284\" src=\"https:\/\/www.tuecher-buecher.de\/wp-content\/uploads\/2026\/02\/Matinee-Brechthaus-Tuecher-und-Buecher_15Febr26-01180-400x284.jpg\" alt=\"\" class=\"wp-image-2463\" srcset=\"https:\/\/www.tuecher-buecher.de\/wp-content\/uploads\/2026\/02\/Matinee-Brechthaus-Tuecher-und-Buecher_15Febr26-01180.jpg 479w, https:\/\/www.tuecher-buecher.de\/wp-content\/uploads\/2026\/02\/Matinee-Brechthaus-Tuecher-und-Buecher_15Febr26-01180-400x284.jpg 480w\" sizes=\"(max-width:479px) 479px, 100vw\" \/><span class=\"et_overlay\" data-icon=\"\" data-icon-tablet=\"\" data-icon-phone=\"\"><\/span><\/a><\/div><\/div><div class=\"et_pb_gallery_item et_pb_grid_item et_pb_gallery_item_1_52\"><div class=\"et_pb_gallery_image landscape\" data-per_page=\"100\"><a href=\"https:\/\/www.tuecher-buecher.de\/wp-content\/uploads\/2026\/02\/Matinee-Brechthaus-Tuecher-und-Buecher_15Febr26-01181.jpg\" title=\"Matinee-Brechthaus-Tuecher-und-Buecher_15Febr26-01181\"><img loading=\"lazy\" decoding=\"async\" width=\"400\" height=\"284\" src=\"https:\/\/www.tuecher-buecher.de\/wp-content\/uploads\/2026\/02\/Matinee-Brechthaus-Tuecher-und-Buecher_15Febr26-01181-400x284.jpg\" alt=\"\" class=\"wp-image-2464\" srcset=\"https:\/\/www.tuecher-buecher.de\/wp-content\/uploads\/2026\/02\/Matinee-Brechthaus-Tuecher-und-Buecher_15Febr26-01181.jpg 479w, https:\/\/www.tuecher-buecher.de\/wp-content\/uploads\/2026\/02\/Matinee-Brechthaus-Tuecher-und-Buecher_15Febr26-01181-400x284.jpg 480w\" sizes=\"(max-width:479px) 479px, 100vw\" \/><span class=\"et_overlay\" data-icon=\"\" data-icon-tablet=\"\" data-icon-phone=\"\"><\/span><\/a><\/div><\/div><div class=\"et_pb_gallery_item et_pb_grid_item et_pb_gallery_item_1_53\"><div class=\"et_pb_gallery_image landscape\" data-per_page=\"100\"><a href=\"https:\/\/www.tuecher-buecher.de\/wp-content\/uploads\/2026\/02\/Matinee-Brechthaus-Tuecher-und-Buecher_15Febr26-01184.jpg\" title=\"Matinee-Brechthaus-Tuecher-und-Buecher_15Febr26-01184\"><img loading=\"lazy\" decoding=\"async\" width=\"400\" height=\"284\" src=\"https:\/\/www.tuecher-buecher.de\/wp-content\/uploads\/2026\/02\/Matinee-Brechthaus-Tuecher-und-Buecher_15Febr26-01184-400x284.jpg\" alt=\"\" class=\"wp-image-2466\" srcset=\"https:\/\/www.tuecher-buecher.de\/wp-content\/uploads\/2026\/02\/Matinee-Brechthaus-Tuecher-und-Buecher_15Febr26-01184.jpg 479w, https:\/\/www.tuecher-buecher.de\/wp-content\/uploads\/2026\/02\/Matinee-Brechthaus-Tuecher-und-Buecher_15Febr26-01184-400x284.jpg 480w\" sizes=\"(max-width:479px) 479px, 100vw\" \/><span class=\"et_overlay\" data-icon=\"\" data-icon-tablet=\"\" data-icon-phone=\"\"><\/span><\/a><\/div><\/div><div class=\"et_pb_gallery_item et_pb_grid_item et_pb_gallery_item_1_54\"><div class=\"et_pb_gallery_image landscape\" data-per_page=\"100\"><a href=\"https:\/\/www.tuecher-buecher.de\/wp-content\/uploads\/2026\/02\/Matinee-Brechthaus-Tuecher-und-Buecher_15Febr26-01189.jpg\" title=\"Matinee-Brechthaus-Tuecher-und-Buecher_15Febr26-01189\"><img loading=\"lazy\" decoding=\"async\" width=\"400\" height=\"284\" src=\"https:\/\/www.tuecher-buecher.de\/wp-content\/uploads\/2026\/02\/Matinee-Brechthaus-Tuecher-und-Buecher_15Febr26-01189-400x284.jpg\" alt=\"\" class=\"wp-image-2468\" srcset=\"https:\/\/www.tuecher-buecher.de\/wp-content\/uploads\/2026\/02\/Matinee-Brechthaus-Tuecher-und-Buecher_15Febr26-01189.jpg 479w, https:\/\/www.tuecher-buecher.de\/wp-content\/uploads\/2026\/02\/Matinee-Brechthaus-Tuecher-und-Buecher_15Febr26-01189-400x284.jpg 480w\" sizes=\"(max-width:479px) 479px, 100vw\" \/><span class=\"et_overlay\" data-icon=\"\" data-icon-tablet=\"\" data-icon-phone=\"\"><\/span><\/a><\/div><\/div><div class=\"et_pb_gallery_item et_pb_grid_item et_pb_gallery_item_1_55\"><div class=\"et_pb_gallery_image landscape\" data-per_page=\"100\"><a href=\"https:\/\/www.tuecher-buecher.de\/wp-content\/uploads\/2026\/02\/Matinee-Brechthaus-Tuecher-und-Buecher_15Febr26-01190.jpg\" title=\"Matinee-Brechthaus-Tuecher-und-Buecher_15Febr26-01190\"><img loading=\"lazy\" decoding=\"async\" width=\"400\" height=\"284\" src=\"https:\/\/www.tuecher-buecher.de\/wp-content\/uploads\/2026\/02\/Matinee-Brechthaus-Tuecher-und-Buecher_15Febr26-01190-400x284.jpg\" alt=\"\" class=\"wp-image-2469\" srcset=\"https:\/\/www.tuecher-buecher.de\/wp-content\/uploads\/2026\/02\/Matinee-Brechthaus-Tuecher-und-Buecher_15Febr26-01190.jpg 479w, https:\/\/www.tuecher-buecher.de\/wp-content\/uploads\/2026\/02\/Matinee-Brechthaus-Tuecher-und-Buecher_15Febr26-01190-400x284.jpg 480w\" sizes=\"(max-width:479px) 479px, 100vw\" \/><span class=\"et_overlay\" data-icon=\"\" data-icon-tablet=\"\" data-icon-phone=\"\"><\/span><\/a><\/div><\/div><div class=\"et_pb_gallery_item et_pb_grid_item et_pb_gallery_item_1_56\"><div class=\"et_pb_gallery_image landscape\" data-per_page=\"100\"><a href=\"https:\/\/www.tuecher-buecher.de\/wp-content\/uploads\/2026\/02\/Matinee-Brechthaus-Tuecher-und-Buecher_15Febr26-01194.jpg\" title=\"Matinee-Brechthaus-Tuecher-und-Buecher_15Febr26-01194\"><img loading=\"lazy\" decoding=\"async\" width=\"400\" height=\"284\" src=\"https:\/\/www.tuecher-buecher.de\/wp-content\/uploads\/2026\/02\/Matinee-Brechthaus-Tuecher-und-Buecher_15Febr26-01194-400x284.jpg\" alt=\"\" class=\"wp-image-2470\" srcset=\"https:\/\/www.tuecher-buecher.de\/wp-content\/uploads\/2026\/02\/Matinee-Brechthaus-Tuecher-und-Buecher_15Febr26-01194.jpg 479w, https:\/\/www.tuecher-buecher.de\/wp-content\/uploads\/2026\/02\/Matinee-Brechthaus-Tuecher-und-Buecher_15Febr26-01194-400x284.jpg 480w\" sizes=\"(max-width:479px) 479px, 100vw\" \/><span class=\"et_overlay\" data-icon=\"\" data-icon-tablet=\"\" data-icon-phone=\"\"><\/span><\/a><\/div><\/div><div class=\"et_pb_gallery_item et_pb_grid_item et_pb_gallery_item_1_57\"><div class=\"et_pb_gallery_image landscape\" data-per_page=\"100\"><a href=\"https:\/\/www.tuecher-buecher.de\/wp-content\/uploads\/2026\/02\/Matinee-Brechthaus-Tuecher-und-Buecher_15Febr26-01198.jpg\" title=\"Matinee-Brechthaus-Tuecher-und-Buecher_15Febr26-01198\"><img loading=\"lazy\" decoding=\"async\" width=\"400\" height=\"284\" src=\"https:\/\/www.tuecher-buecher.de\/wp-content\/uploads\/2026\/02\/Matinee-Brechthaus-Tuecher-und-Buecher_15Febr26-01198-400x284.jpg\" alt=\"\" class=\"wp-image-2471\" srcset=\"https:\/\/www.tuecher-buecher.de\/wp-content\/uploads\/2026\/02\/Matinee-Brechthaus-Tuecher-und-Buecher_15Febr26-01198.jpg 479w, https:\/\/www.tuecher-buecher.de\/wp-content\/uploads\/2026\/02\/Matinee-Brechthaus-Tuecher-und-Buecher_15Febr26-01198-400x284.jpg 480w\" sizes=\"(max-width:479px) 479px, 100vw\" \/><span class=\"et_overlay\" data-icon=\"\" data-icon-tablet=\"\" data-icon-phone=\"\"><\/span><\/a><\/div><\/div><div class=\"et_pb_gallery_item et_pb_grid_item et_pb_gallery_item_1_58\"><div class=\"et_pb_gallery_image landscape\" data-per_page=\"100\"><a href=\"https:\/\/www.tuecher-buecher.de\/wp-content\/uploads\/2026\/02\/Matinee-Brechthaus-Tuecher-und-Buecher_15Febr26-01204.jpg\" title=\"Matinee-Brechthaus-Tuecher-und-Buecher_15Febr26-01204\"><img loading=\"lazy\" decoding=\"async\" width=\"400\" height=\"284\" src=\"https:\/\/www.tuecher-buecher.de\/wp-content\/uploads\/2026\/02\/Matinee-Brechthaus-Tuecher-und-Buecher_15Febr26-01204-400x284.jpg\" alt=\"\" class=\"wp-image-2472\" srcset=\"https:\/\/www.tuecher-buecher.de\/wp-content\/uploads\/2026\/02\/Matinee-Brechthaus-Tuecher-und-Buecher_15Febr26-01204.jpg 479w, https:\/\/www.tuecher-buecher.de\/wp-content\/uploads\/2026\/02\/Matinee-Brechthaus-Tuecher-und-Buecher_15Febr26-01204-400x284.jpg 480w\" sizes=\"(max-width:479px) 479px, 100vw\" \/><span class=\"et_overlay\" data-icon=\"\" data-icon-tablet=\"\" data-icon-phone=\"\"><\/span><\/a><\/div><\/div><div class=\"et_pb_gallery_item et_pb_grid_item et_pb_gallery_item_1_59\"><div class=\"et_pb_gallery_image landscape\" data-per_page=\"100\"><a href=\"https:\/\/www.tuecher-buecher.de\/wp-content\/uploads\/2026\/02\/Matinee-Brechthaus-Tuecher-und-Buecher_15Febr26-01210.jpg\" title=\"Matinee-Brechthaus-Tuecher-und-Buecher_15Febr26-01210\"><img loading=\"lazy\" decoding=\"async\" width=\"400\" height=\"284\" src=\"https:\/\/www.tuecher-buecher.de\/wp-content\/uploads\/2026\/02\/Matinee-Brechthaus-Tuecher-und-Buecher_15Febr26-01210-400x284.jpg\" alt=\"\" class=\"wp-image-2473\" srcset=\"https:\/\/www.tuecher-buecher.de\/wp-content\/uploads\/2026\/02\/Matinee-Brechthaus-Tuecher-und-Buecher_15Febr26-01210.jpg 479w, https:\/\/www.tuecher-buecher.de\/wp-content\/uploads\/2026\/02\/Matinee-Brechthaus-Tuecher-und-Buecher_15Febr26-01210-400x284.jpg 480w\" sizes=\"(max-width:479px) 479px, 100vw\" \/><span class=\"et_overlay\" data-icon=\"\" data-icon-tablet=\"\" data-icon-phone=\"\"><\/span><\/a><\/div><\/div><div class=\"et_pb_gallery_item et_pb_grid_item et_pb_gallery_item_1_60\"><div class=\"et_pb_gallery_image landscape\" data-per_page=\"100\"><a href=\"https:\/\/www.tuecher-buecher.de\/wp-content\/uploads\/2026\/02\/Matinee-Brechthaus-Tuecher-und-Buecher_15Febr26-01214.jpg\" title=\"Matinee-Brechthaus-Tuecher-und-Buecher_15Febr26-01214\"><img loading=\"lazy\" decoding=\"async\" width=\"400\" height=\"284\" src=\"https:\/\/www.tuecher-buecher.de\/wp-content\/uploads\/2026\/02\/Matinee-Brechthaus-Tuecher-und-Buecher_15Febr26-01214-400x284.jpg\" alt=\"\" class=\"wp-image-2475\" srcset=\"https:\/\/www.tuecher-buecher.de\/wp-content\/uploads\/2026\/02\/Matinee-Brechthaus-Tuecher-und-Buecher_15Febr26-01214.jpg 479w, https:\/\/www.tuecher-buecher.de\/wp-content\/uploads\/2026\/02\/Matinee-Brechthaus-Tuecher-und-Buecher_15Febr26-01214-400x284.jpg 480w\" sizes=\"(max-width:479px) 479px, 100vw\" \/><span class=\"et_overlay\" data-icon=\"\" data-icon-tablet=\"\" data-icon-phone=\"\"><\/span><\/a><\/div><\/div><div class=\"et_pb_gallery_item et_pb_grid_item et_pb_gallery_item_1_61\"><div class=\"et_pb_gallery_image landscape\" data-per_page=\"100\"><a href=\"https:\/\/www.tuecher-buecher.de\/wp-content\/uploads\/2026\/02\/Matinee-Brechthaus-Tuecher-und-Buecher_15Febr26-01129.jpg\" title=\"Matinee-Brechthaus-Tuecher-und-Buecher_15Febr26-01129\"><img loading=\"lazy\" decoding=\"async\" width=\"400\" height=\"284\" src=\"https:\/\/www.tuecher-buecher.de\/wp-content\/uploads\/2026\/02\/Matinee-Brechthaus-Tuecher-und-Buecher_15Febr26-01129-400x284.jpg\" alt=\"\" class=\"wp-image-2445\" srcset=\"https:\/\/www.tuecher-buecher.de\/wp-content\/uploads\/2026\/02\/Matinee-Brechthaus-Tuecher-und-Buecher_15Febr26-01129.jpg 479w, https:\/\/www.tuecher-buecher.de\/wp-content\/uploads\/2026\/02\/Matinee-Brechthaus-Tuecher-und-Buecher_15Febr26-01129-400x284.jpg 480w\" sizes=\"(max-width:479px) 479px, 100vw\" \/><span class=\"et_overlay\" data-icon=\"\" data-icon-tablet=\"\" data-icon-phone=\"\"><\/span><\/a><\/div><\/div><div class=\"et_pb_gallery_item et_pb_grid_item et_pb_gallery_item_1_62\"><div class=\"et_pb_gallery_image landscape\" data-per_page=\"100\"><a href=\"https:\/\/www.tuecher-buecher.de\/wp-content\/uploads\/2026\/02\/Matinee-Brechthaus-Tuecher-und-Buecher_15Febr26-01217.jpg\" title=\"Matinee-Brechthaus-Tuecher-und-Buecher_15Febr26-01217\"><img loading=\"lazy\" decoding=\"async\" width=\"400\" height=\"284\" src=\"https:\/\/www.tuecher-buecher.de\/wp-content\/uploads\/2026\/02\/Matinee-Brechthaus-Tuecher-und-Buecher_15Febr26-01217-400x284.jpg\" alt=\"\" class=\"wp-image-2476\" srcset=\"https:\/\/www.tuecher-buecher.de\/wp-content\/uploads\/2026\/02\/Matinee-Brechthaus-Tuecher-und-Buecher_15Febr26-01217.jpg 479w, https:\/\/www.tuecher-buecher.de\/wp-content\/uploads\/2026\/02\/Matinee-Brechthaus-Tuecher-und-Buecher_15Febr26-01217-400x284.jpg 480w\" sizes=\"(max-width:479px) 479px, 100vw\" \/><span class=\"et_overlay\" data-icon=\"\" data-icon-tablet=\"\" data-icon-phone=\"\"><\/span><\/a><\/div><\/div><div class=\"et_pb_gallery_item et_pb_grid_item et_pb_gallery_item_1_63\"><div class=\"et_pb_gallery_image landscape\" data-per_page=\"100\"><a href=\"https:\/\/www.tuecher-buecher.de\/wp-content\/uploads\/2026\/02\/Matinee-Brechthaus-Tuecher-und-Buecher_15Febr26-01224.jpg\" title=\"Matinee-Brechthaus-Tuecher-und-Buecher_15Febr26-01224\"><img loading=\"lazy\" decoding=\"async\" width=\"400\" height=\"284\" src=\"https:\/\/www.tuecher-buecher.de\/wp-content\/uploads\/2026\/02\/Matinee-Brechthaus-Tuecher-und-Buecher_15Febr26-01224-400x284.jpg\" alt=\"\" class=\"wp-image-2478\" srcset=\"https:\/\/www.tuecher-buecher.de\/wp-content\/uploads\/2026\/02\/Matinee-Brechthaus-Tuecher-und-Buecher_15Febr26-01224.jpg 479w, https:\/\/www.tuecher-buecher.de\/wp-content\/uploads\/2026\/02\/Matinee-Brechthaus-Tuecher-und-Buecher_15Febr26-01224-400x284.jpg 480w\" sizes=\"(max-width:479px) 479px, 100vw\" \/><span class=\"et_overlay\" data-icon=\"\" data-icon-tablet=\"\" data-icon-phone=\"\"><\/span><\/a><\/div><\/div><div class=\"et_pb_gallery_item et_pb_grid_item et_pb_gallery_item_1_64\"><div class=\"et_pb_gallery_image landscape\" data-per_page=\"100\"><a href=\"https:\/\/www.tuecher-buecher.de\/wp-content\/uploads\/2026\/02\/Matinee-Brechthaus-Tuecher-und-Buecher_15Febr26-01169.jpg\" title=\"Matinee-Brechthaus-Tuecher-und-Buecher_15Febr26-01169\"><img loading=\"lazy\" decoding=\"async\" width=\"400\" height=\"284\" src=\"https:\/\/www.tuecher-buecher.de\/wp-content\/uploads\/2026\/02\/Matinee-Brechthaus-Tuecher-und-Buecher_15Febr26-01169-400x284.jpg\" alt=\"\" class=\"wp-image-2458\" srcset=\"https:\/\/www.tuecher-buecher.de\/wp-content\/uploads\/2026\/02\/Matinee-Brechthaus-Tuecher-und-Buecher_15Febr26-01169.jpg 479w, https:\/\/www.tuecher-buecher.de\/wp-content\/uploads\/2026\/02\/Matinee-Brechthaus-Tuecher-und-Buecher_15Febr26-01169-400x284.jpg 480w\" sizes=\"(max-width:479px) 479px, 100vw\" \/><span class=\"et_overlay\" data-icon=\"\" data-icon-tablet=\"\" data-icon-phone=\"\"><\/span><\/a><\/div><\/div><div class=\"et_pb_gallery_item et_pb_grid_item et_pb_gallery_item_1_65\"><div class=\"et_pb_gallery_image landscape\" data-per_page=\"100\"><a href=\"https:\/\/www.tuecher-buecher.de\/wp-content\/uploads\/2026\/02\/Matinee-Brechthaus-Tuecher-und-Buecher_15Febr26-01233.jpg\" title=\"Drs. Linda Kohn (Literaturagentin, Inhaberin des Internationaal Literatuur Bureau (Amsterdam) und Liesse Ebengo (Autorin)\"><img loading=\"lazy\" decoding=\"async\" width=\"400\" height=\"284\" src=\"https:\/\/www.tuecher-buecher.de\/wp-content\/uploads\/2026\/02\/Matinee-Brechthaus-Tuecher-und-Buecher_15Febr26-01233-400x284.jpg\" alt=\"Drs. Linda Kohn (Literaturagentin, Inhaberin des Internationaal Literatuur Bureau (Amsterdam) und Liesse Ebengo (Autorin)\" class=\"wp-image-2480\" srcset=\"https:\/\/www.tuecher-buecher.de\/wp-content\/uploads\/2026\/02\/Matinee-Brechthaus-Tuecher-und-Buecher_15Febr26-01233.jpg 479w, https:\/\/www.tuecher-buecher.de\/wp-content\/uploads\/2026\/02\/Matinee-Brechthaus-Tuecher-und-Buecher_15Febr26-01233-400x284.jpg 480w\" sizes=\"(max-width:479px) 479px, 100vw\" \/><span class=\"et_overlay\" data-icon=\"\" data-icon-tablet=\"\" data-icon-phone=\"\"><\/span><\/a><\/div><\/div><div class=\"et_pb_gallery_item et_pb_grid_item et_pb_gallery_item_1_66\"><div class=\"et_pb_gallery_image landscape\" data-per_page=\"100\"><a href=\"https:\/\/www.tuecher-buecher.de\/wp-content\/uploads\/2026\/02\/Matinee-Brechthaus-Tuecher-und-Buecher_15Febr26-01237.jpg\" title=\"Drs. Linda Kohn vom &quot;ILB&quot; im Gespr\u00e4ch mit der Autorin Liesse Ebengo (liesse-ebengo.de)\"><img loading=\"lazy\" decoding=\"async\" width=\"400\" height=\"284\" src=\"https:\/\/www.tuecher-buecher.de\/wp-content\/uploads\/2026\/02\/Matinee-Brechthaus-Tuecher-und-Buecher_15Febr26-01237-400x284.jpg\" alt=\"Drs. Linda Kohn vom &quot;ILB&quot; im Gespr\u00e4ch mit der Autorin Liesse Ebengo (liesse-ebengo.de)\" class=\"wp-image-2482\" srcset=\"https:\/\/www.tuecher-buecher.de\/wp-content\/uploads\/2026\/02\/Matinee-Brechthaus-Tuecher-und-Buecher_15Febr26-01237.jpg 479w, https:\/\/www.tuecher-buecher.de\/wp-content\/uploads\/2026\/02\/Matinee-Brechthaus-Tuecher-und-Buecher_15Febr26-01237-400x284.jpg 480w\" sizes=\"(max-width:479px) 479px, 100vw\" \/><span class=\"et_overlay\" data-icon=\"\" data-icon-tablet=\"\" data-icon-phone=\"\"><\/span><\/a><\/div><\/div><div class=\"et_pb_gallery_item et_pb_grid_item et_pb_gallery_item_1_67\"><div class=\"et_pb_gallery_image landscape\" data-per_page=\"100\"><a href=\"https:\/\/www.tuecher-buecher.de\/wp-content\/uploads\/2026\/02\/Matinee-Brechthaus-Tuecher-und-Buecher_15Febr26-01240.jpg\" title=\"Matinee-Brechthaus-Tuecher-und-Buecher_15Febr26-01240\"><img loading=\"lazy\" decoding=\"async\" width=\"400\" height=\"284\" src=\"https:\/\/www.tuecher-buecher.de\/wp-content\/uploads\/2026\/02\/Matinee-Brechthaus-Tuecher-und-Buecher_15Febr26-01240-400x284.jpg\" alt=\"\" class=\"wp-image-2484\" srcset=\"https:\/\/www.tuecher-buecher.de\/wp-content\/uploads\/2026\/02\/Matinee-Brechthaus-Tuecher-und-Buecher_15Febr26-01240.jpg 479w, https:\/\/www.tuecher-buecher.de\/wp-content\/uploads\/2026\/02\/Matinee-Brechthaus-Tuecher-und-Buecher_15Febr26-01240-400x284.jpg 480w\" sizes=\"(max-width:479px) 479px, 100vw\" \/><span class=\"et_overlay\" data-icon=\"\" data-icon-tablet=\"\" data-icon-phone=\"\"><\/span><\/a><\/div><\/div><div class=\"et_pb_gallery_item et_pb_grid_item et_pb_gallery_item_1_68\"><div class=\"et_pb_gallery_image landscape\" data-per_page=\"100\"><a href=\"https:\/\/www.tuecher-buecher.de\/wp-content\/uploads\/2026\/02\/Matinee-Brechthaus-Tuecher-und-Buecher_15Febr26-01251.jpg\" title=\"Matinee-Brechthaus-Tuecher-und-Buecher_15Febr26-01251\"><img loading=\"lazy\" decoding=\"async\" width=\"400\" height=\"284\" src=\"https:\/\/www.tuecher-buecher.de\/wp-content\/uploads\/2026\/02\/Matinee-Brechthaus-Tuecher-und-Buecher_15Febr26-01251-400x284.jpg\" alt=\"\" class=\"wp-image-2489\" srcset=\"https:\/\/www.tuecher-buecher.de\/wp-content\/uploads\/2026\/02\/Matinee-Brechthaus-Tuecher-und-Buecher_15Febr26-01251.jpg 479w, https:\/\/www.tuecher-buecher.de\/wp-content\/uploads\/2026\/02\/Matinee-Brechthaus-Tuecher-und-Buecher_15Febr26-01251-400x284.jpg 480w\" sizes=\"(max-width:479px) 479px, 100vw\" \/><span class=\"et_overlay\" data-icon=\"\" data-icon-tablet=\"\" data-icon-phone=\"\"><\/span><\/a><\/div><\/div><div class=\"et_pb_gallery_item et_pb_grid_item et_pb_gallery_item_1_69\"><div class=\"et_pb_gallery_image landscape\" data-per_page=\"100\"><a href=\"https:\/\/www.tuecher-buecher.de\/wp-content\/uploads\/2026\/02\/Matinee-Brechthaus-Tuecher-und-Buecher_15Febr26-01255.jpg\" title=\"Matinee-Brechthaus-Tuecher-und-Buecher_15Febr26-01255\"><img loading=\"lazy\" decoding=\"async\" width=\"400\" height=\"284\" src=\"https:\/\/www.tuecher-buecher.de\/wp-content\/uploads\/2026\/02\/Matinee-Brechthaus-Tuecher-und-Buecher_15Febr26-01255-400x284.jpg\" alt=\"\" class=\"wp-image-2490\" srcset=\"https:\/\/www.tuecher-buecher.de\/wp-content\/uploads\/2026\/02\/Matinee-Brechthaus-Tuecher-und-Buecher_15Febr26-01255.jpg 479w, https:\/\/www.tuecher-buecher.de\/wp-content\/uploads\/2026\/02\/Matinee-Brechthaus-Tuecher-und-Buecher_15Febr26-01255-400x284.jpg 480w\" sizes=\"(max-width:479px) 479px, 100vw\" \/><span class=\"et_overlay\" data-icon=\"\" data-icon-tablet=\"\" data-icon-phone=\"\"><\/span><\/a><\/div><\/div><div class=\"et_pb_gallery_item et_pb_grid_item et_pb_gallery_item_1_70\"><div class=\"et_pb_gallery_image landscape\" data-per_page=\"100\"><a href=\"https:\/\/www.tuecher-buecher.de\/wp-content\/uploads\/2026\/02\/Matinee-Brechthaus-Tuecher-und-Buecher_15Febr26-00940.jpg\" title=\"Florian St\u00fctzer und Dr. Ingvild Richardsen\"><img loading=\"lazy\" decoding=\"async\" width=\"400\" height=\"284\" src=\"https:\/\/www.tuecher-buecher.de\/wp-content\/uploads\/2026\/02\/Matinee-Brechthaus-Tuecher-und-Buecher_15Febr26-00940-400x284.jpg\" alt=\"Florian St\u00fctzer und Dr. Ingvild Richardsen\" class=\"wp-image-2395\" srcset=\"https:\/\/www.tuecher-buecher.de\/wp-content\/uploads\/2026\/02\/Matinee-Brechthaus-Tuecher-und-Buecher_15Febr26-00940.jpg 479w, https:\/\/www.tuecher-buecher.de\/wp-content\/uploads\/2026\/02\/Matinee-Brechthaus-Tuecher-und-Buecher_15Febr26-00940-400x284.jpg 480w\" sizes=\"(max-width:479px) 479px, 100vw\" \/><span class=\"et_overlay\" data-icon=\"\" data-icon-tablet=\"\" data-icon-phone=\"\"><\/span><\/a><\/div><\/div><\/div><\/div>\n<\/div>\n<\/div>\n<\/div>","protected":false},"excerpt":{"rendered":"<p>Hier sehen Sie Fotos von der Matin\u00e8e mit Menno Kohn und Linda Kohn vom &#8222;ILB&#8220;. Moderation: Dr. Ingvild Richardsen (Kuratorin) und Uta L\u00f6hrer (BLZ).<\/p>\n","protected":false},"author":1,"featured_media":2559,"comment_status":"closed","ping_status":"closed","sticky":false,"template":"","format":"standard","meta":{"footnotes":""},"categories":[52,132],"tags":[],"class_list":["post-2386","post","type-post","status-publish","format-standard","has-post-thumbnail","hentry","category-aktuelles","category-galerie"],"yoast_head":"<!-- This site is optimized with the Yoast SEO plugin v27.4 - https:\/\/yoast.com\/product\/yoast-seo-wordpress\/ -->\n<title>Bilder der Matin\u00e8e am 15. Februar 2026 - T\u00fccher und B\u00fccher<\/title>\n<meta name=\"robots\" content=\"index, follow, max-snippet:-1, max-image-preview:large, max-video-preview:-1\" \/>\n<link rel=\"canonical\" href=\"https:\/\/www.tuecher-buecher.de\/index.php\/2026\/02\/17\/bilder-der-matinee-am-15-februar-2026\/\" \/>\n<meta property=\"og:locale\" content=\"de_DE\" \/>\n<meta property=\"og:type\" content=\"article\" \/>\n<meta property=\"og:title\" content=\"Bilder der Matin\u00e8e am 15. Februar 2026 - T\u00fccher und B\u00fccher\" \/>\n<meta property=\"og:description\" content=\"Hier sehen Sie Fotos von der Matin\u00e8e mit Menno Kohn und Linda Kohn vom &quot;ILB&quot;. Moderation: Dr. Ingvild Richardsen (Kuratorin) und Uta L\u00f6hrer (BLZ).\" \/>\n<meta property=\"og:url\" content=\"https:\/\/www.tuecher-buecher.de\/index.php\/2026\/02\/17\/bilder-der-matinee-am-15-februar-2026\/\" \/>\n<meta property=\"og:site_name\" content=\"T\u00fccher und B\u00fccher\" \/>\n<meta property=\"article:published_time\" content=\"2026-02-17T11:20:10+00:00\" \/>\n<meta property=\"article:modified_time\" content=\"2026-04-15T11:15:11+00:00\" \/>\n<meta property=\"og:image\" content=\"https:\/\/www.tuecher-buecher.de\/wp-content\/uploads\/2026\/02\/WhatsApp-Image-2026-02-17-at-14.49.05-2.jpeg\" \/>\n\t<meta property=\"og:image:width\" content=\"1600\" \/>\n\t<meta property=\"og:image:height\" content=\"1588\" \/>\n\t<meta property=\"og:image:type\" content=\"image\/jpeg\" \/>\n<meta name=\"author\" content=\"admin\" \/>\n<meta name=\"twitter:card\" content=\"summary_large_image\" \/>\n<meta name=\"twitter:label1\" content=\"Geschrieben von\" \/>\n\t<meta name=\"twitter:data1\" content=\"admin\" \/>\n\t<meta name=\"twitter:label2\" content=\"Gesch\u00e4tzte Lesezeit\" \/>\n\t<meta name=\"twitter:data2\" content=\"16\u00a0Minuten\" \/>\n<script type=\"application\/ld+json\" class=\"yoast-schema-graph\">{\"@context\":\"https:\\\/\\\/schema.org\",\"@graph\":[{\"@type\":\"Article\",\"@id\":\"https:\\\/\\\/www.tuecher-buecher.de\\\/index.php\\\/2026\\\/02\\\/17\\\/bilder-der-matinee-am-15-februar-2026\\\/#article\",\"isPartOf\":{\"@id\":\"https:\\\/\\\/www.tuecher-buecher.de\\\/index.php\\\/2026\\\/02\\\/17\\\/bilder-der-matinee-am-15-februar-2026\\\/\"},\"author\":{\"name\":\"admin\",\"@id\":\"https:\\\/\\\/www.tuecher-buecher.de\\\/#\\\/schema\\\/person\\\/9f0102919684cf0e9671aec8a68b883a\"},\"headline\":\"Bilder der Matin\u00e8e am 15. Februar 2026\",\"datePublished\":\"2026-02-17T11:20:10+00:00\",\"dateModified\":\"2026-04-15T11:15:11+00:00\",\"mainEntityOfPage\":{\"@id\":\"https:\\\/\\\/www.tuecher-buecher.de\\\/index.php\\\/2026\\\/02\\\/17\\\/bilder-der-matinee-am-15-februar-2026\\\/\"},\"wordCount\":6,\"publisher\":{\"@id\":\"https:\\\/\\\/www.tuecher-buecher.de\\\/#organization\"},\"image\":{\"@id\":\"https:\\\/\\\/www.tuecher-buecher.de\\\/index.php\\\/2026\\\/02\\\/17\\\/bilder-der-matinee-am-15-februar-2026\\\/#primaryimage\"},\"thumbnailUrl\":\"https:\\\/\\\/www.tuecher-buecher.de\\\/wp-content\\\/uploads\\\/2026\\\/02\\\/WhatsApp-Image-2026-02-17-at-14.49.05-2.jpeg\",\"articleSection\":[\"Aktuelles\",\"Galerie\"],\"inLanguage\":\"de\"},{\"@type\":\"WebPage\",\"@id\":\"https:\\\/\\\/www.tuecher-buecher.de\\\/index.php\\\/2026\\\/02\\\/17\\\/bilder-der-matinee-am-15-februar-2026\\\/\",\"url\":\"https:\\\/\\\/www.tuecher-buecher.de\\\/index.php\\\/2026\\\/02\\\/17\\\/bilder-der-matinee-am-15-februar-2026\\\/\",\"name\":\"Bilder der Matin\u00e8e am 15. Februar 2026 - T\u00fccher und B\u00fccher\",\"isPartOf\":{\"@id\":\"https:\\\/\\\/www.tuecher-buecher.de\\\/#website\"},\"primaryImageOfPage\":{\"@id\":\"https:\\\/\\\/www.tuecher-buecher.de\\\/index.php\\\/2026\\\/02\\\/17\\\/bilder-der-matinee-am-15-februar-2026\\\/#primaryimage\"},\"image\":{\"@id\":\"https:\\\/\\\/www.tuecher-buecher.de\\\/index.php\\\/2026\\\/02\\\/17\\\/bilder-der-matinee-am-15-februar-2026\\\/#primaryimage\"},\"thumbnailUrl\":\"https:\\\/\\\/www.tuecher-buecher.de\\\/wp-content\\\/uploads\\\/2026\\\/02\\\/WhatsApp-Image-2026-02-17-at-14.49.05-2.jpeg\",\"datePublished\":\"2026-02-17T11:20:10+00:00\",\"dateModified\":\"2026-04-15T11:15:11+00:00\",\"breadcrumb\":{\"@id\":\"https:\\\/\\\/www.tuecher-buecher.de\\\/index.php\\\/2026\\\/02\\\/17\\\/bilder-der-matinee-am-15-februar-2026\\\/#breadcrumb\"},\"inLanguage\":\"de\",\"potentialAction\":[{\"@type\":\"ReadAction\",\"target\":[\"https:\\\/\\\/www.tuecher-buecher.de\\\/index.php\\\/2026\\\/02\\\/17\\\/bilder-der-matinee-am-15-februar-2026\\\/\"]}]},{\"@type\":\"ImageObject\",\"inLanguage\":\"de\",\"@id\":\"https:\\\/\\\/www.tuecher-buecher.de\\\/index.php\\\/2026\\\/02\\\/17\\\/bilder-der-matinee-am-15-februar-2026\\\/#primaryimage\",\"url\":\"https:\\\/\\\/www.tuecher-buecher.de\\\/wp-content\\\/uploads\\\/2026\\\/02\\\/WhatsApp-Image-2026-02-17-at-14.49.05-2.jpeg\",\"contentUrl\":\"https:\\\/\\\/www.tuecher-buecher.de\\\/wp-content\\\/uploads\\\/2026\\\/02\\\/WhatsApp-Image-2026-02-17-at-14.49.05-2.jpeg\",\"width\":1600,\"height\":1588},{\"@type\":\"BreadcrumbList\",\"@id\":\"https:\\\/\\\/www.tuecher-buecher.de\\\/index.php\\\/2026\\\/02\\\/17\\\/bilder-der-matinee-am-15-februar-2026\\\/#breadcrumb\",\"itemListElement\":[{\"@type\":\"ListItem\",\"position\":1,\"name\":\"Home\",\"item\":\"https:\\\/\\\/www.tuecher-buecher.de\\\/\"},{\"@type\":\"ListItem\",\"position\":2,\"name\":\"Bilder der Matin\u00e8e am 15. Februar 2026\"}]},{\"@type\":\"WebSite\",\"@id\":\"https:\\\/\\\/www.tuecher-buecher.de\\\/#website\",\"url\":\"https:\\\/\\\/www.tuecher-buecher.de\\\/\",\"name\":\"T\u00fccher und B\u00fccher\",\"description\":\"Die Sonderausstellung im Brechthaus\",\"publisher\":{\"@id\":\"https:\\\/\\\/www.tuecher-buecher.de\\\/#organization\"},\"potentialAction\":[{\"@type\":\"SearchAction\",\"target\":{\"@type\":\"EntryPoint\",\"urlTemplate\":\"https:\\\/\\\/www.tuecher-buecher.de\\\/?s={search_term_string}\"},\"query-input\":{\"@type\":\"PropertyValueSpecification\",\"valueRequired\":true,\"valueName\":\"search_term_string\"}}],\"inLanguage\":\"de\"},{\"@type\":\"Organization\",\"@id\":\"https:\\\/\\\/www.tuecher-buecher.de\\\/#organization\",\"name\":\"T\u00fccher und B\u00fccher\",\"url\":\"https:\\\/\\\/www.tuecher-buecher.de\\\/\",\"logo\":{\"@type\":\"ImageObject\",\"inLanguage\":\"de\",\"@id\":\"https:\\\/\\\/www.tuecher-buecher.de\\\/#\\\/schema\\\/logo\\\/image\\\/\",\"url\":\"https:\\\/\\\/www.tuecher-buecher.de\\\/wp-content\\\/uploads\\\/2026\\\/02\\\/favicon-Tuecher-und-Buecher.jpg\",\"contentUrl\":\"https:\\\/\\\/www.tuecher-buecher.de\\\/wp-content\\\/uploads\\\/2026\\\/02\\\/favicon-Tuecher-und-Buecher.jpg\",\"width\":600,\"height\":600,\"caption\":\"T\u00fccher und B\u00fccher\"},\"image\":{\"@id\":\"https:\\\/\\\/www.tuecher-buecher.de\\\/#\\\/schema\\\/logo\\\/image\\\/\"}},{\"@type\":\"Person\",\"@id\":\"https:\\\/\\\/www.tuecher-buecher.de\\\/#\\\/schema\\\/person\\\/9f0102919684cf0e9671aec8a68b883a\",\"name\":\"admin\",\"image\":{\"@type\":\"ImageObject\",\"inLanguage\":\"de\",\"@id\":\"https:\\\/\\\/secure.gravatar.com\\\/avatar\\\/875e90aaa320b724ef55902dcb50b509c0dc0c544690207354b9f79c323ec36e?s=96&d=mm&r=g\",\"url\":\"https:\\\/\\\/secure.gravatar.com\\\/avatar\\\/875e90aaa320b724ef55902dcb50b509c0dc0c544690207354b9f79c323ec36e?s=96&d=mm&r=g\",\"contentUrl\":\"https:\\\/\\\/secure.gravatar.com\\\/avatar\\\/875e90aaa320b724ef55902dcb50b509c0dc0c544690207354b9f79c323ec36e?s=96&d=mm&r=g\",\"caption\":\"admin\"},\"url\":\"https:\\\/\\\/www.tuecher-buecher.de\\\/index.php\\\/author\\\/creativejam\\\/\"}]}<\/script>\n<!-- \/ Yoast SEO plugin. -->","yoast_head_json":{"title":"Bilder der Matin\u00e8e am 15. Februar 2026 - T\u00fccher und B\u00fccher","robots":{"index":"index","follow":"follow","max-snippet":"max-snippet:-1","max-image-preview":"max-image-preview:large","max-video-preview":"max-video-preview:-1"},"canonical":"https:\/\/www.tuecher-buecher.de\/index.php\/2026\/02\/17\/bilder-der-matinee-am-15-februar-2026\/","og_locale":"de_DE","og_type":"article","og_title":"Bilder der Matin\u00e8e am 15. Februar 2026 - T\u00fccher und B\u00fccher","og_description":"Hier sehen Sie Fotos von der Matin\u00e8e mit Menno Kohn und Linda Kohn vom \"ILB\". Moderation: Dr. Ingvild Richardsen (Kuratorin) und Uta L\u00f6hrer (BLZ).","og_url":"https:\/\/www.tuecher-buecher.de\/index.php\/2026\/02\/17\/bilder-der-matinee-am-15-februar-2026\/","og_site_name":"T\u00fccher und B\u00fccher","article_published_time":"2026-02-17T11:20:10+00:00","article_modified_time":"2026-04-15T11:15:11+00:00","og_image":[{"width":1600,"height":1588,"url":"https:\/\/www.tuecher-buecher.de\/wp-content\/uploads\/2026\/02\/WhatsApp-Image-2026-02-17-at-14.49.05-2.jpeg","type":"image\/jpeg"}],"author":"admin","twitter_card":"summary_large_image","twitter_misc":{"Geschrieben von":"admin","Gesch\u00e4tzte Lesezeit":"16\u00a0Minuten"},"schema":{"@context":"https:\/\/schema.org","@graph":[{"@type":"Article","@id":"https:\/\/www.tuecher-buecher.de\/index.php\/2026\/02\/17\/bilder-der-matinee-am-15-februar-2026\/#article","isPartOf":{"@id":"https:\/\/www.tuecher-buecher.de\/index.php\/2026\/02\/17\/bilder-der-matinee-am-15-februar-2026\/"},"author":{"name":"admin","@id":"https:\/\/www.tuecher-buecher.de\/#\/schema\/person\/9f0102919684cf0e9671aec8a68b883a"},"headline":"Bilder der Matin\u00e8e am 15. Februar 2026","datePublished":"2026-02-17T11:20:10+00:00","dateModified":"2026-04-15T11:15:11+00:00","mainEntityOfPage":{"@id":"https:\/\/www.tuecher-buecher.de\/index.php\/2026\/02\/17\/bilder-der-matinee-am-15-februar-2026\/"},"wordCount":6,"publisher":{"@id":"https:\/\/www.tuecher-buecher.de\/#organization"},"image":{"@id":"https:\/\/www.tuecher-buecher.de\/index.php\/2026\/02\/17\/bilder-der-matinee-am-15-februar-2026\/#primaryimage"},"thumbnailUrl":"https:\/\/www.tuecher-buecher.de\/wp-content\/uploads\/2026\/02\/WhatsApp-Image-2026-02-17-at-14.49.05-2.jpeg","articleSection":["Aktuelles","Galerie"],"inLanguage":"de"},{"@type":"WebPage","@id":"https:\/\/www.tuecher-buecher.de\/index.php\/2026\/02\/17\/bilder-der-matinee-am-15-februar-2026\/","url":"https:\/\/www.tuecher-buecher.de\/index.php\/2026\/02\/17\/bilder-der-matinee-am-15-februar-2026\/","name":"Bilder der Matin\u00e8e am 15. Februar 2026 - T\u00fccher und B\u00fccher","isPartOf":{"@id":"https:\/\/www.tuecher-buecher.de\/#website"},"primaryImageOfPage":{"@id":"https:\/\/www.tuecher-buecher.de\/index.php\/2026\/02\/17\/bilder-der-matinee-am-15-februar-2026\/#primaryimage"},"image":{"@id":"https:\/\/www.tuecher-buecher.de\/index.php\/2026\/02\/17\/bilder-der-matinee-am-15-februar-2026\/#primaryimage"},"thumbnailUrl":"https:\/\/www.tuecher-buecher.de\/wp-content\/uploads\/2026\/02\/WhatsApp-Image-2026-02-17-at-14.49.05-2.jpeg","datePublished":"2026-02-17T11:20:10+00:00","dateModified":"2026-04-15T11:15:11+00:00","breadcrumb":{"@id":"https:\/\/www.tuecher-buecher.de\/index.php\/2026\/02\/17\/bilder-der-matinee-am-15-februar-2026\/#breadcrumb"},"inLanguage":"de","potentialAction":[{"@type":"ReadAction","target":["https:\/\/www.tuecher-buecher.de\/index.php\/2026\/02\/17\/bilder-der-matinee-am-15-februar-2026\/"]}]},{"@type":"ImageObject","inLanguage":"de","@id":"https:\/\/www.tuecher-buecher.de\/index.php\/2026\/02\/17\/bilder-der-matinee-am-15-februar-2026\/#primaryimage","url":"https:\/\/www.tuecher-buecher.de\/wp-content\/uploads\/2026\/02\/WhatsApp-Image-2026-02-17-at-14.49.05-2.jpeg","contentUrl":"https:\/\/www.tuecher-buecher.de\/wp-content\/uploads\/2026\/02\/WhatsApp-Image-2026-02-17-at-14.49.05-2.jpeg","width":1600,"height":1588},{"@type":"BreadcrumbList","@id":"https:\/\/www.tuecher-buecher.de\/index.php\/2026\/02\/17\/bilder-der-matinee-am-15-februar-2026\/#breadcrumb","itemListElement":[{"@type":"ListItem","position":1,"name":"Home","item":"https:\/\/www.tuecher-buecher.de\/"},{"@type":"ListItem","position":2,"name":"Bilder der Matin\u00e8e am 15. Februar 2026"}]},{"@type":"WebSite","@id":"https:\/\/www.tuecher-buecher.de\/#website","url":"https:\/\/www.tuecher-buecher.de\/","name":"T\u00fccher und B\u00fccher","description":"Die Sonderausstellung im Brechthaus","publisher":{"@id":"https:\/\/www.tuecher-buecher.de\/#organization"},"potentialAction":[{"@type":"SearchAction","target":{"@type":"EntryPoint","urlTemplate":"https:\/\/www.tuecher-buecher.de\/?s={search_term_string}"},"query-input":{"@type":"PropertyValueSpecification","valueRequired":true,"valueName":"search_term_string"}}],"inLanguage":"de"},{"@type":"Organization","@id":"https:\/\/www.tuecher-buecher.de\/#organization","name":"T\u00fccher und B\u00fccher","url":"https:\/\/www.tuecher-buecher.de\/","logo":{"@type":"ImageObject","inLanguage":"de","@id":"https:\/\/www.tuecher-buecher.de\/#\/schema\/logo\/image\/","url":"https:\/\/www.tuecher-buecher.de\/wp-content\/uploads\/2026\/02\/favicon-Tuecher-und-Buecher.jpg","contentUrl":"https:\/\/www.tuecher-buecher.de\/wp-content\/uploads\/2026\/02\/favicon-Tuecher-und-Buecher.jpg","width":600,"height":600,"caption":"T\u00fccher und B\u00fccher"},"image":{"@id":"https:\/\/www.tuecher-buecher.de\/#\/schema\/logo\/image\/"}},{"@type":"Person","@id":"https:\/\/www.tuecher-buecher.de\/#\/schema\/person\/9f0102919684cf0e9671aec8a68b883a","name":"admin","image":{"@type":"ImageObject","inLanguage":"de","@id":"https:\/\/secure.gravatar.com\/avatar\/875e90aaa320b724ef55902dcb50b509c0dc0c544690207354b9f79c323ec36e?s=96&d=mm&r=g","url":"https:\/\/secure.gravatar.com\/avatar\/875e90aaa320b724ef55902dcb50b509c0dc0c544690207354b9f79c323ec36e?s=96&d=mm&r=g","contentUrl":"https:\/\/secure.gravatar.com\/avatar\/875e90aaa320b724ef55902dcb50b509c0dc0c544690207354b9f79c323ec36e?s=96&d=mm&r=g","caption":"admin"},"url":"https:\/\/www.tuecher-buecher.de\/index.php\/author\/creativejam\/"}]}},"_links":{"self":[{"href":"https:\/\/www.tuecher-buecher.de\/index.php\/wp-json\/wp\/v2\/posts\/2386","targetHints":{"allow":["GET"]}}],"collection":[{"href":"https:\/\/www.tuecher-buecher.de\/index.php\/wp-json\/wp\/v2\/posts"}],"about":[{"href":"https:\/\/www.tuecher-buecher.de\/index.php\/wp-json\/wp\/v2\/types\/post"}],"author":[{"embeddable":true,"href":"https:\/\/www.tuecher-buecher.de\/index.php\/wp-json\/wp\/v2\/users\/1"}],"replies":[{"embeddable":true,"href":"https:\/\/www.tuecher-buecher.de\/index.php\/wp-json\/wp\/v2\/comments?post=2386"}],"version-history":[{"count":17,"href":"https:\/\/www.tuecher-buecher.de\/index.php\/wp-json\/wp\/v2\/posts\/2386\/revisions"}],"predecessor-version":[{"id":3027,"href":"https:\/\/www.tuecher-buecher.de\/index.php\/wp-json\/wp\/v2\/posts\/2386\/revisions\/3027"}],"wp:featuredmedia":[{"embeddable":true,"href":"https:\/\/www.tuecher-buecher.de\/index.php\/wp-json\/wp\/v2\/media\/2559"}],"wp:attachment":[{"href":"https:\/\/www.tuecher-buecher.de\/index.php\/wp-json\/wp\/v2\/media?parent=2386"}],"wp:term":[{"taxonomy":"category","embeddable":true,"href":"https:\/\/www.tuecher-buecher.de\/index.php\/wp-json\/wp\/v2\/categories?post=2386"},{"taxonomy":"post_tag","embeddable":true,"href":"https:\/\/www.tuecher-buecher.de\/index.php\/wp-json\/wp\/v2\/tags?post=2386"}],"curies":[{"name":"wp","href":"https:\/\/api.w.org\/{rel}","templated":true}]}}