{"id":2791,"date":"2026-02-21T11:56:54","date_gmt":"2026-02-21T11:56:54","guid":{"rendered":"https:\/\/www.tuecher-buecher.de\/?p=2791"},"modified":"2026-04-15T10:54:28","modified_gmt":"2026-04-15T10:54:28","slug":"so-12-april-11-uhr-auf-den-spuren-von-brechts-solidaritaetslied-1933-1934-hein-kohn-und-ernst-busch-matinee-zur-sonderausstellung","status":"publish","type":"post","link":"https:\/\/www.tuecher-buecher.de\/index.php\/2026\/02\/21\/so-12-april-11-uhr-auf-den-spuren-von-brechts-solidaritaetslied-1933-1934-hein-kohn-und-ernst-busch-matinee-zur-sonderausstellung\/","title":{"rendered":"So., 12. April, 11 Uhr Auf den Spuren von Brechts \u201eSolidarit\u00e4tslied\u201c \u2013 1933\/1934: Hein Kohn und Ernst Busch MATINEE ZUR SONDERAUSSTELLUNG"},"content":{"rendered":"\n<div class=\"et_pb_section_0 et_pb_section et_section_regular et_block_section\"><div class=\"et_pb_row_0 et_pb_row et_pb_row_3-4_1-4 et_block_row et_block_row_3-4_1-4\"><div class=\"et_pb_column_0 et_pb_column et_pb_column_3_4 et_block_column et_pb_css_mix_blend_mode_passthrough\"><div class=\"et_pb_text_0 et_pb_text et_pb_bg_layout_light et_pb_module et_block_module\"><div class=\"et_pb_text_inner\"><p class=\"p1\">Die Matinee widmet sich der\u00a0 Kraft von Brechts \u201eSolidarit\u00e4tslied\u201c.<\/p>\n<p class=\"p1\">Seit Ende 1933 pr\u00e4sentierten Hein Kohn und der Schauspieler und S\u00e4nger Ernst Busch, die beide 1933 vor den Nationalsozialisten in die Niederlande gefl\u00fcchtet waren, auf vielen Veranstaltungen im ganzen Land Brechts \u201eSolidarit\u00e4tslied\u201c. Zwischen Kunst und politischer Haltung er\u00f6ffnet die Veranstaltung einen Raum, in dem Brechts Ruf nach Gemeinschaft neu erklingt.<\/p>\n<p class=\"p1\">Musikalische Impulse und Interpretation von und mit Karla Andr\u00e4 beleuchten die Aktualit\u00e4t des Liedes, das einst f\u00fcr Zusammenhalt in schwierigen Zeiten stand.<\/p>\n<p class=\"p1\">Die Matinee l\u00e4dt dazu ein, \u00fcber gesellschaftliche Verantwortung nachzudenken und die verbindende Wirkung von Kunst und Engagement zu erleben.<\/p>\n<p class=\"p1\"><span style=\"text-decoration: underline;\"><br \/>Mitwirkende des Gespr\u00e4chs:<\/span><\/p>\n<p>Dr. phil. Ingvild Richardsen (Ausstellungskuratorin, Moderation)<br \/>Uta L\u00f6hrer (Bayerische Landeszentrale f\u00fcr politische Bildungsarbeit, Moderation)<br \/>Karla Andr\u00e4 (musikalische Begleitung)<br \/>Josef Holzhauser (musikalische Begleitung)<\/p>\n<p class=\"p1\">Termin: 12.04.2026<br \/>Eintritt: frei<br \/>Anmeldung: Telefon 0821 45098231<\/p>\n<p class=\"p1\"><span style=\"text-decoration: underline;\"><\/span><\/p>\n<p class=\"p1\"><span style=\"text-decoration: underline;\">Text-Zitat aus der Broch\u00fcre:<\/span><br \/>\"Veranstaltungen im Brechthaus Augsburg<br \/>Das Programm im Jahr 2026\"<\/p>\n<p>Regio Augsburg Tourismus GmbH<br \/>Brechthaus<br \/>Auf dem Rain 7<br \/>86152 Augsburg<br \/>Telefon 0821 45098231<br \/><a href=\"mailto:brechthaus@regio-augsburg.de\">brechthaus@regio-augsburg.de<\/a><br \/>www.augsburg-tourismus.de<\/p>\n<\/div><\/div><\/div><div class=\"et_pb_column_1 et_pb_column et_pb_column_1_4 et-last-child et_block_column et_pb_css_mix_blend_mode_passthrough\"><div class=\"et_pb_image_0 et_pb_image et_pb_module et_block_module\"><a href=\"https:\/\/www.tuecher-buecher.de\/wp-content\/uploads\/2026\/02\/Bildschirmfoto-2026-02-21-um-12.41.15.png\" class=\"et_pb_lightbox_image\"><span class=\"et_pb_image_wrap\"><img loading=\"lazy\" decoding=\"async\" src=\"https:\/\/www.tuecher-buecher.de\/wp-content\/uploads\/2026\/02\/Bildschirmfoto-2026-02-21-um-12.41.15.png\" title=\"Bildschirmfoto 2026-02-21 um 12.41.15\" width=\"374\" height=\"400\" srcset=\"https:\/\/www.tuecher-buecher.de\/wp-content\/uploads\/2026\/02\/Bildschirmfoto-2026-02-21-um-12.41.15.png 374w, https:\/\/www.tuecher-buecher.de\/wp-content\/uploads\/2026\/02\/Bildschirmfoto-2026-02-21-um-12.41.15-281x300.png 281w\" sizes=\"(max-width: 374px) 100vw, 374px\" class=\"wp-image-2792\" \/><\/span><\/a><\/div><\/div><\/div><\/div><div class=\"et_pb_section_1 et_pb_section et_section_regular et_block_section\"><div class=\"et_pb_row_1 et_pb_row et_block_row\"><div class=\"et_pb_column_2 et_pb_column et_pb_column_4_4 et-last-child et_block_column et_pb_css_mix_blend_mode_passthrough\"><div class=\"et_pb_text_1 et_pb_text et_pb_bg_layout_light et_pb_module et_block_module\"><div class=\"et_pb_text_inner\"><p style=\"text-align: center;\"><span style=\"color: #808080;\">Alle Fotos d\u00fcrfen ausdr\u00fccklich zu Zwecken der PR und Dokumentation unter Angabe der jeweiligen Copyrights heruntergeladen und verwendet werden.<br \/>\nBilder: Markus Komposch von creativeJAM GbR.<\/span><\/p>\n<\/div><\/div><\/div><\/div><div class=\"et_pb_row_2 et_pb_row et_block_row\"><div class=\"et_pb_column_3 et_pb_column et_pb_column_1_2 et_block_column et_pb_css_mix_blend_mode_passthrough\"><div class=\"et_pb_image_1 et_pb_image et_pb_module et_block_module\"><a href=\"https:\/\/www.tuecher-buecher.de\/wp-content\/uploads\/2026\/02\/Vernissage-12Febr2026-Tuecher_und_Buecher-00711.jpg\" class=\"et_pb_lightbox_image\" alt=\"Karla Andr\u00e4 (S\u00e4ngerin), J\u00fcrgen K. Enniniger (Kulturreferent der Stadt Augsburg), Uta L\u00f6hrer (Bayerische Landeszentrale f\u00fcr politische Bildungsarbeit)\"><span class=\"et_pb_image_wrap\"><img loading=\"lazy\" decoding=\"async\" src=\"https:\/\/www.tuecher-buecher.de\/wp-content\/uploads\/2026\/02\/Vernissage-12Febr2026-Tuecher_und_Buecher-00711.jpg\" width=\"2000\" height=\"1334\" srcset=\"https:\/\/www.tuecher-buecher.de\/wp-content\/uploads\/2026\/02\/Vernissage-12Febr2026-Tuecher_und_Buecher-00711.jpg 2000w, https:\/\/www.tuecher-buecher.de\/wp-content\/uploads\/2026\/02\/Vernissage-12Febr2026-Tuecher_und_Buecher-00711-1280x854.jpg 1280w, https:\/\/www.tuecher-buecher.de\/wp-content\/uploads\/2026\/02\/Vernissage-12Febr2026-Tuecher_und_Buecher-00711-980x654.jpg 980w, https:\/\/www.tuecher-buecher.de\/wp-content\/uploads\/2026\/02\/Vernissage-12Febr2026-Tuecher_und_Buecher-00711-480x320.jpg 480w\" sizes=\"(min-width: 0px) and (max-width: 480px) 480px, (min-width: 481px) and (max-width: 980px) 980px, (min-width: 981px) and (max-width: 1280px) 1280px, (min-width: 1281px) 2000px, 100vw\" class=\"wp-image-2225\" title=\"Karla Andr\u00e4 (S\u00e4ngerin), J\u00fcrgen K. Enniniger (Kulturreferent der Stadt Augsburg), Uta L\u00f6hrer (Bayerische Landeszentrale f\u00fcr politische Bildungsarbeit)\" alt=\"Karla Andr\u00e4 (S\u00e4ngerin), J\u00fcrgen K. Enniniger (Kulturreferent der Stadt Augsburg), Uta L\u00f6hrer (Bayerische Landeszentrale f\u00fcr politische Bildungsarbeit)\" \/><\/span><\/a><\/div><\/div><div class=\"et_pb_column_4 et_pb_column et_pb_column_1_2 et-last-child et_block_column et_pb_css_mix_blend_mode_passthrough\"><div class=\"et_pb_image_2 et_pb_image et_pb_module et_block_module\"><a href=\"https:\/\/www.tuecher-buecher.de\/wp-content\/uploads\/2026\/02\/Vernissage-12Febr2026-Tuecher_und_Buecher-00697.jpg\" class=\"et_pb_lightbox_image\" alt=\"Dr. Stephan Bachter, Karla Andr\u00e4 (S\u00e4ngerin, Schauspielerin)\"><span class=\"et_pb_image_wrap\"><img loading=\"lazy\" decoding=\"async\" src=\"https:\/\/www.tuecher-buecher.de\/wp-content\/uploads\/2026\/02\/Vernissage-12Febr2026-Tuecher_und_Buecher-00697.jpg\" width=\"2000\" height=\"1334\" srcset=\"https:\/\/www.tuecher-buecher.de\/wp-content\/uploads\/2026\/02\/Vernissage-12Febr2026-Tuecher_und_Buecher-00697.jpg 2000w, https:\/\/www.tuecher-buecher.de\/wp-content\/uploads\/2026\/02\/Vernissage-12Febr2026-Tuecher_und_Buecher-00697-1280x854.jpg 1280w, https:\/\/www.tuecher-buecher.de\/wp-content\/uploads\/2026\/02\/Vernissage-12Febr2026-Tuecher_und_Buecher-00697-980x654.jpg 980w, https:\/\/www.tuecher-buecher.de\/wp-content\/uploads\/2026\/02\/Vernissage-12Febr2026-Tuecher_und_Buecher-00697-480x320.jpg 480w\" sizes=\"(min-width: 0px) and (max-width: 480px) 480px, (min-width: 481px) and (max-width: 980px) 980px, (min-width: 981px) and (max-width: 1280px) 1280px, (min-width: 1281px) 2000px, 100vw\" class=\"wp-image-2215\" title=\"Dr. Stephan Bachter, Karla Andr\u00e4 (S\u00e4ngerin, Schauspielerin)\" alt=\"Dr. Stephan Bachter, Karla Andr\u00e4 (S\u00e4ngerin, Schauspielerin)\" \/><\/span><\/a><\/div><\/div><\/div><\/div>\n","protected":false},"excerpt":{"rendered":"<p>Die Matinee widmet sich der\u00a0 Kraft von Brechts \u201eSolidarit\u00e4tslied\u201c. Der Eintritt ist frei!<\/p>\n","protected":false},"author":1,"featured_media":2792,"comment_status":"closed","ping_status":"closed","sticky":false,"template":"","format":"standard","meta":{"footnotes":""},"categories":[52,133],"tags":[],"class_list":["post-2791","post","type-post","status-publish","format-standard","has-post-thumbnail","hentry","category-aktuelles","category-veranstaltungen"],"yoast_head":"<!-- This site is optimized with the Yoast SEO plugin v27.4 - https:\/\/yoast.com\/product\/yoast-seo-wordpress\/ -->\n<title>So., 12. April, 11 Uhr Auf den Spuren von Brechts \u201eSolidarit\u00e4tslied\u201c \u2013 1933\/1934: Hein Kohn und Ernst Busch MATINEE ZUR SONDERAUSSTELLUNG - T\u00fccher und B\u00fccher<\/title>\n<meta name=\"description\" content=\"Die Matinee widmet sich der\u00a0 Kraft von Brechts \u201eSolidarit\u00e4tslied\u201c. Der Eintritt ist frei!\" \/>\n<meta name=\"robots\" content=\"index, follow, max-snippet:-1, max-image-preview:large, max-video-preview:-1\" \/>\n<link rel=\"canonical\" href=\"https:\/\/www.tuecher-buecher.de\/index.php\/2026\/02\/21\/so-12-april-11-uhr-auf-den-spuren-von-brechts-solidaritaetslied-1933-1934-hein-kohn-und-ernst-busch-matinee-zur-sonderausstellung\/\" \/>\n<meta property=\"og:locale\" content=\"de_DE\" \/>\n<meta property=\"og:type\" content=\"article\" \/>\n<meta property=\"og:title\" content=\"So., 12. April, 11 Uhr Auf den Spuren von Brechts \u201eSolidarit\u00e4tslied\u201c \u2013 1933\/1934: Hein Kohn und Ernst Busch MATINEE ZUR SONDERAUSSTELLUNG - T\u00fccher und B\u00fccher\" \/>\n<meta property=\"og:description\" content=\"Die Matinee widmet sich der\u00a0 Kraft von Brechts \u201eSolidarit\u00e4tslied\u201c. Der Eintritt ist frei!\" \/>\n<meta property=\"og:url\" content=\"https:\/\/www.tuecher-buecher.de\/index.php\/2026\/02\/21\/so-12-april-11-uhr-auf-den-spuren-von-brechts-solidaritaetslied-1933-1934-hein-kohn-und-ernst-busch-matinee-zur-sonderausstellung\/\" \/>\n<meta property=\"og:site_name\" content=\"T\u00fccher und B\u00fccher\" \/>\n<meta property=\"article:published_time\" content=\"2026-02-21T11:56:54+00:00\" \/>\n<meta property=\"article:modified_time\" content=\"2026-04-15T10:54:28+00:00\" \/>\n<meta property=\"og:image\" content=\"https:\/\/www.tuecher-buecher.de\/wp-content\/uploads\/2026\/02\/Bildschirmfoto-2026-02-21-um-12.41.15.png\" \/>\n\t<meta property=\"og:image:width\" content=\"374\" \/>\n\t<meta property=\"og:image:height\" content=\"400\" \/>\n\t<meta property=\"og:image:type\" content=\"image\/png\" \/>\n<meta name=\"author\" content=\"admin\" \/>\n<meta name=\"twitter:card\" content=\"summary_large_image\" \/>\n<meta name=\"twitter:label1\" content=\"Geschrieben von\" \/>\n\t<meta name=\"twitter:data1\" content=\"admin\" \/>\n\t<meta name=\"twitter:label2\" content=\"Gesch\u00e4tzte Lesezeit\" \/>\n\t<meta name=\"twitter:data2\" content=\"2\u00a0Minuten\" \/>\n<script type=\"application\/ld+json\" class=\"yoast-schema-graph\">{\"@context\":\"https:\\\/\\\/schema.org\",\"@graph\":[{\"@type\":\"Article\",\"@id\":\"https:\\\/\\\/www.tuecher-buecher.de\\\/index.php\\\/2026\\\/02\\\/21\\\/so-12-april-11-uhr-auf-den-spuren-von-brechts-solidaritaetslied-1933-1934-hein-kohn-und-ernst-busch-matinee-zur-sonderausstellung\\\/#article\",\"isPartOf\":{\"@id\":\"https:\\\/\\\/www.tuecher-buecher.de\\\/index.php\\\/2026\\\/02\\\/21\\\/so-12-april-11-uhr-auf-den-spuren-von-brechts-solidaritaetslied-1933-1934-hein-kohn-und-ernst-busch-matinee-zur-sonderausstellung\\\/\"},\"author\":{\"name\":\"admin\",\"@id\":\"https:\\\/\\\/www.tuecher-buecher.de\\\/#\\\/schema\\\/person\\\/9f0102919684cf0e9671aec8a68b883a\"},\"headline\":\"So., 12. April, 11 Uhr Auf den Spuren von Brechts \u201eSolidarit\u00e4tslied\u201c \u2013 1933\\\/1934: Hein Kohn und Ernst Busch MATINEE ZUR SONDERAUSSTELLUNG\",\"datePublished\":\"2026-02-21T11:56:54+00:00\",\"dateModified\":\"2026-04-15T10:54:28+00:00\",\"mainEntityOfPage\":{\"@id\":\"https:\\\/\\\/www.tuecher-buecher.de\\\/index.php\\\/2026\\\/02\\\/21\\\/so-12-april-11-uhr-auf-den-spuren-von-brechts-solidaritaetslied-1933-1934-hein-kohn-und-ernst-busch-matinee-zur-sonderausstellung\\\/\"},\"wordCount\":18,\"publisher\":{\"@id\":\"https:\\\/\\\/www.tuecher-buecher.de\\\/#organization\"},\"image\":{\"@id\":\"https:\\\/\\\/www.tuecher-buecher.de\\\/index.php\\\/2026\\\/02\\\/21\\\/so-12-april-11-uhr-auf-den-spuren-von-brechts-solidaritaetslied-1933-1934-hein-kohn-und-ernst-busch-matinee-zur-sonderausstellung\\\/#primaryimage\"},\"thumbnailUrl\":\"https:\\\/\\\/www.tuecher-buecher.de\\\/wp-content\\\/uploads\\\/2026\\\/02\\\/Bildschirmfoto-2026-02-21-um-12.41.15.png\",\"articleSection\":[\"Aktuelles\",\"Veranstaltungen\"],\"inLanguage\":\"de\"},{\"@type\":\"WebPage\",\"@id\":\"https:\\\/\\\/www.tuecher-buecher.de\\\/index.php\\\/2026\\\/02\\\/21\\\/so-12-april-11-uhr-auf-den-spuren-von-brechts-solidaritaetslied-1933-1934-hein-kohn-und-ernst-busch-matinee-zur-sonderausstellung\\\/\",\"url\":\"https:\\\/\\\/www.tuecher-buecher.de\\\/index.php\\\/2026\\\/02\\\/21\\\/so-12-april-11-uhr-auf-den-spuren-von-brechts-solidaritaetslied-1933-1934-hein-kohn-und-ernst-busch-matinee-zur-sonderausstellung\\\/\",\"name\":\"So., 12. April, 11 Uhr Auf den Spuren von Brechts \u201eSolidarit\u00e4tslied\u201c \u2013 1933\\\/1934: Hein Kohn und Ernst Busch MATINEE ZUR SONDERAUSSTELLUNG - T\u00fccher und B\u00fccher\",\"isPartOf\":{\"@id\":\"https:\\\/\\\/www.tuecher-buecher.de\\\/#website\"},\"primaryImageOfPage\":{\"@id\":\"https:\\\/\\\/www.tuecher-buecher.de\\\/index.php\\\/2026\\\/02\\\/21\\\/so-12-april-11-uhr-auf-den-spuren-von-brechts-solidaritaetslied-1933-1934-hein-kohn-und-ernst-busch-matinee-zur-sonderausstellung\\\/#primaryimage\"},\"image\":{\"@id\":\"https:\\\/\\\/www.tuecher-buecher.de\\\/index.php\\\/2026\\\/02\\\/21\\\/so-12-april-11-uhr-auf-den-spuren-von-brechts-solidaritaetslied-1933-1934-hein-kohn-und-ernst-busch-matinee-zur-sonderausstellung\\\/#primaryimage\"},\"thumbnailUrl\":\"https:\\\/\\\/www.tuecher-buecher.de\\\/wp-content\\\/uploads\\\/2026\\\/02\\\/Bildschirmfoto-2026-02-21-um-12.41.15.png\",\"datePublished\":\"2026-02-21T11:56:54+00:00\",\"dateModified\":\"2026-04-15T10:54:28+00:00\",\"description\":\"Die Matinee widmet sich der\u00a0 Kraft von Brechts \u201eSolidarit\u00e4tslied\u201c. Der Eintritt ist frei!\",\"breadcrumb\":{\"@id\":\"https:\\\/\\\/www.tuecher-buecher.de\\\/index.php\\\/2026\\\/02\\\/21\\\/so-12-april-11-uhr-auf-den-spuren-von-brechts-solidaritaetslied-1933-1934-hein-kohn-und-ernst-busch-matinee-zur-sonderausstellung\\\/#breadcrumb\"},\"inLanguage\":\"de\",\"potentialAction\":[{\"@type\":\"ReadAction\",\"target\":[\"https:\\\/\\\/www.tuecher-buecher.de\\\/index.php\\\/2026\\\/02\\\/21\\\/so-12-april-11-uhr-auf-den-spuren-von-brechts-solidaritaetslied-1933-1934-hein-kohn-und-ernst-busch-matinee-zur-sonderausstellung\\\/\"]}]},{\"@type\":\"ImageObject\",\"inLanguage\":\"de\",\"@id\":\"https:\\\/\\\/www.tuecher-buecher.de\\\/index.php\\\/2026\\\/02\\\/21\\\/so-12-april-11-uhr-auf-den-spuren-von-brechts-solidaritaetslied-1933-1934-hein-kohn-und-ernst-busch-matinee-zur-sonderausstellung\\\/#primaryimage\",\"url\":\"https:\\\/\\\/www.tuecher-buecher.de\\\/wp-content\\\/uploads\\\/2026\\\/02\\\/Bildschirmfoto-2026-02-21-um-12.41.15.png\",\"contentUrl\":\"https:\\\/\\\/www.tuecher-buecher.de\\\/wp-content\\\/uploads\\\/2026\\\/02\\\/Bildschirmfoto-2026-02-21-um-12.41.15.png\",\"width\":374,\"height\":400},{\"@type\":\"BreadcrumbList\",\"@id\":\"https:\\\/\\\/www.tuecher-buecher.de\\\/index.php\\\/2026\\\/02\\\/21\\\/so-12-april-11-uhr-auf-den-spuren-von-brechts-solidaritaetslied-1933-1934-hein-kohn-und-ernst-busch-matinee-zur-sonderausstellung\\\/#breadcrumb\",\"itemListElement\":[{\"@type\":\"ListItem\",\"position\":1,\"name\":\"Home\",\"item\":\"https:\\\/\\\/www.tuecher-buecher.de\\\/\"},{\"@type\":\"ListItem\",\"position\":2,\"name\":\"So., 12. April, 11 Uhr Auf den Spuren von Brechts \u201eSolidarit\u00e4tslied\u201c \u2013 1933\\\/1934: Hein Kohn und Ernst Busch MATINEE ZUR SONDERAUSSTELLUNG\"}]},{\"@type\":\"WebSite\",\"@id\":\"https:\\\/\\\/www.tuecher-buecher.de\\\/#website\",\"url\":\"https:\\\/\\\/www.tuecher-buecher.de\\\/\",\"name\":\"T\u00fccher und B\u00fccher\",\"description\":\"Die Sonderausstellung im Brechthaus\",\"publisher\":{\"@id\":\"https:\\\/\\\/www.tuecher-buecher.de\\\/#organization\"},\"potentialAction\":[{\"@type\":\"SearchAction\",\"target\":{\"@type\":\"EntryPoint\",\"urlTemplate\":\"https:\\\/\\\/www.tuecher-buecher.de\\\/?s={search_term_string}\"},\"query-input\":{\"@type\":\"PropertyValueSpecification\",\"valueRequired\":true,\"valueName\":\"search_term_string\"}}],\"inLanguage\":\"de\"},{\"@type\":\"Organization\",\"@id\":\"https:\\\/\\\/www.tuecher-buecher.de\\\/#organization\",\"name\":\"T\u00fccher und B\u00fccher\",\"url\":\"https:\\\/\\\/www.tuecher-buecher.de\\\/\",\"logo\":{\"@type\":\"ImageObject\",\"inLanguage\":\"de\",\"@id\":\"https:\\\/\\\/www.tuecher-buecher.de\\\/#\\\/schema\\\/logo\\\/image\\\/\",\"url\":\"https:\\\/\\\/www.tuecher-buecher.de\\\/wp-content\\\/uploads\\\/2026\\\/02\\\/favicon-Tuecher-und-Buecher.jpg\",\"contentUrl\":\"https:\\\/\\\/www.tuecher-buecher.de\\\/wp-content\\\/uploads\\\/2026\\\/02\\\/favicon-Tuecher-und-Buecher.jpg\",\"width\":600,\"height\":600,\"caption\":\"T\u00fccher und B\u00fccher\"},\"image\":{\"@id\":\"https:\\\/\\\/www.tuecher-buecher.de\\\/#\\\/schema\\\/logo\\\/image\\\/\"}},{\"@type\":\"Person\",\"@id\":\"https:\\\/\\\/www.tuecher-buecher.de\\\/#\\\/schema\\\/person\\\/9f0102919684cf0e9671aec8a68b883a\",\"name\":\"admin\",\"image\":{\"@type\":\"ImageObject\",\"inLanguage\":\"de\",\"@id\":\"https:\\\/\\\/secure.gravatar.com\\\/avatar\\\/875e90aaa320b724ef55902dcb50b509c0dc0c544690207354b9f79c323ec36e?s=96&d=mm&r=g\",\"url\":\"https:\\\/\\\/secure.gravatar.com\\\/avatar\\\/875e90aaa320b724ef55902dcb50b509c0dc0c544690207354b9f79c323ec36e?s=96&d=mm&r=g\",\"contentUrl\":\"https:\\\/\\\/secure.gravatar.com\\\/avatar\\\/875e90aaa320b724ef55902dcb50b509c0dc0c544690207354b9f79c323ec36e?s=96&d=mm&r=g\",\"caption\":\"admin\"},\"url\":\"https:\\\/\\\/www.tuecher-buecher.de\\\/index.php\\\/author\\\/creativejam\\\/\"}]}<\/script>\n<!-- \/ Yoast SEO plugin. -->","yoast_head_json":{"title":"So., 12. April, 11 Uhr Auf den Spuren von Brechts \u201eSolidarit\u00e4tslied\u201c \u2013 1933\/1934: Hein Kohn und Ernst Busch MATINEE ZUR SONDERAUSSTELLUNG - T\u00fccher und B\u00fccher","description":"Die Matinee widmet sich der\u00a0 Kraft von Brechts \u201eSolidarit\u00e4tslied\u201c. Der Eintritt ist frei!","robots":{"index":"index","follow":"follow","max-snippet":"max-snippet:-1","max-image-preview":"max-image-preview:large","max-video-preview":"max-video-preview:-1"},"canonical":"https:\/\/www.tuecher-buecher.de\/index.php\/2026\/02\/21\/so-12-april-11-uhr-auf-den-spuren-von-brechts-solidaritaetslied-1933-1934-hein-kohn-und-ernst-busch-matinee-zur-sonderausstellung\/","og_locale":"de_DE","og_type":"article","og_title":"So., 12. April, 11 Uhr Auf den Spuren von Brechts \u201eSolidarit\u00e4tslied\u201c \u2013 1933\/1934: Hein Kohn und Ernst Busch MATINEE ZUR SONDERAUSSTELLUNG - T\u00fccher und B\u00fccher","og_description":"Die Matinee widmet sich der\u00a0 Kraft von Brechts \u201eSolidarit\u00e4tslied\u201c. Der Eintritt ist frei!","og_url":"https:\/\/www.tuecher-buecher.de\/index.php\/2026\/02\/21\/so-12-april-11-uhr-auf-den-spuren-von-brechts-solidaritaetslied-1933-1934-hein-kohn-und-ernst-busch-matinee-zur-sonderausstellung\/","og_site_name":"T\u00fccher und B\u00fccher","article_published_time":"2026-02-21T11:56:54+00:00","article_modified_time":"2026-04-15T10:54:28+00:00","og_image":[{"width":374,"height":400,"url":"https:\/\/www.tuecher-buecher.de\/wp-content\/uploads\/2026\/02\/Bildschirmfoto-2026-02-21-um-12.41.15.png","type":"image\/png"}],"author":"admin","twitter_card":"summary_large_image","twitter_misc":{"Geschrieben von":"admin","Gesch\u00e4tzte Lesezeit":"2\u00a0Minuten"},"schema":{"@context":"https:\/\/schema.org","@graph":[{"@type":"Article","@id":"https:\/\/www.tuecher-buecher.de\/index.php\/2026\/02\/21\/so-12-april-11-uhr-auf-den-spuren-von-brechts-solidaritaetslied-1933-1934-hein-kohn-und-ernst-busch-matinee-zur-sonderausstellung\/#article","isPartOf":{"@id":"https:\/\/www.tuecher-buecher.de\/index.php\/2026\/02\/21\/so-12-april-11-uhr-auf-den-spuren-von-brechts-solidaritaetslied-1933-1934-hein-kohn-und-ernst-busch-matinee-zur-sonderausstellung\/"},"author":{"name":"admin","@id":"https:\/\/www.tuecher-buecher.de\/#\/schema\/person\/9f0102919684cf0e9671aec8a68b883a"},"headline":"So., 12. April, 11 Uhr Auf den Spuren von Brechts \u201eSolidarit\u00e4tslied\u201c \u2013 1933\/1934: Hein Kohn und Ernst Busch MATINEE ZUR SONDERAUSSTELLUNG","datePublished":"2026-02-21T11:56:54+00:00","dateModified":"2026-04-15T10:54:28+00:00","mainEntityOfPage":{"@id":"https:\/\/www.tuecher-buecher.de\/index.php\/2026\/02\/21\/so-12-april-11-uhr-auf-den-spuren-von-brechts-solidaritaetslied-1933-1934-hein-kohn-und-ernst-busch-matinee-zur-sonderausstellung\/"},"wordCount":18,"publisher":{"@id":"https:\/\/www.tuecher-buecher.de\/#organization"},"image":{"@id":"https:\/\/www.tuecher-buecher.de\/index.php\/2026\/02\/21\/so-12-april-11-uhr-auf-den-spuren-von-brechts-solidaritaetslied-1933-1934-hein-kohn-und-ernst-busch-matinee-zur-sonderausstellung\/#primaryimage"},"thumbnailUrl":"https:\/\/www.tuecher-buecher.de\/wp-content\/uploads\/2026\/02\/Bildschirmfoto-2026-02-21-um-12.41.15.png","articleSection":["Aktuelles","Veranstaltungen"],"inLanguage":"de"},{"@type":"WebPage","@id":"https:\/\/www.tuecher-buecher.de\/index.php\/2026\/02\/21\/so-12-april-11-uhr-auf-den-spuren-von-brechts-solidaritaetslied-1933-1934-hein-kohn-und-ernst-busch-matinee-zur-sonderausstellung\/","url":"https:\/\/www.tuecher-buecher.de\/index.php\/2026\/02\/21\/so-12-april-11-uhr-auf-den-spuren-von-brechts-solidaritaetslied-1933-1934-hein-kohn-und-ernst-busch-matinee-zur-sonderausstellung\/","name":"So., 12. April, 11 Uhr Auf den Spuren von Brechts \u201eSolidarit\u00e4tslied\u201c \u2013 1933\/1934: Hein Kohn und Ernst Busch MATINEE ZUR SONDERAUSSTELLUNG - T\u00fccher und B\u00fccher","isPartOf":{"@id":"https:\/\/www.tuecher-buecher.de\/#website"},"primaryImageOfPage":{"@id":"https:\/\/www.tuecher-buecher.de\/index.php\/2026\/02\/21\/so-12-april-11-uhr-auf-den-spuren-von-brechts-solidaritaetslied-1933-1934-hein-kohn-und-ernst-busch-matinee-zur-sonderausstellung\/#primaryimage"},"image":{"@id":"https:\/\/www.tuecher-buecher.de\/index.php\/2026\/02\/21\/so-12-april-11-uhr-auf-den-spuren-von-brechts-solidaritaetslied-1933-1934-hein-kohn-und-ernst-busch-matinee-zur-sonderausstellung\/#primaryimage"},"thumbnailUrl":"https:\/\/www.tuecher-buecher.de\/wp-content\/uploads\/2026\/02\/Bildschirmfoto-2026-02-21-um-12.41.15.png","datePublished":"2026-02-21T11:56:54+00:00","dateModified":"2026-04-15T10:54:28+00:00","description":"Die Matinee widmet sich der\u00a0 Kraft von Brechts \u201eSolidarit\u00e4tslied\u201c. Der Eintritt ist frei!","breadcrumb":{"@id":"https:\/\/www.tuecher-buecher.de\/index.php\/2026\/02\/21\/so-12-april-11-uhr-auf-den-spuren-von-brechts-solidaritaetslied-1933-1934-hein-kohn-und-ernst-busch-matinee-zur-sonderausstellung\/#breadcrumb"},"inLanguage":"de","potentialAction":[{"@type":"ReadAction","target":["https:\/\/www.tuecher-buecher.de\/index.php\/2026\/02\/21\/so-12-april-11-uhr-auf-den-spuren-von-brechts-solidaritaetslied-1933-1934-hein-kohn-und-ernst-busch-matinee-zur-sonderausstellung\/"]}]},{"@type":"ImageObject","inLanguage":"de","@id":"https:\/\/www.tuecher-buecher.de\/index.php\/2026\/02\/21\/so-12-april-11-uhr-auf-den-spuren-von-brechts-solidaritaetslied-1933-1934-hein-kohn-und-ernst-busch-matinee-zur-sonderausstellung\/#primaryimage","url":"https:\/\/www.tuecher-buecher.de\/wp-content\/uploads\/2026\/02\/Bildschirmfoto-2026-02-21-um-12.41.15.png","contentUrl":"https:\/\/www.tuecher-buecher.de\/wp-content\/uploads\/2026\/02\/Bildschirmfoto-2026-02-21-um-12.41.15.png","width":374,"height":400},{"@type":"BreadcrumbList","@id":"https:\/\/www.tuecher-buecher.de\/index.php\/2026\/02\/21\/so-12-april-11-uhr-auf-den-spuren-von-brechts-solidaritaetslied-1933-1934-hein-kohn-und-ernst-busch-matinee-zur-sonderausstellung\/#breadcrumb","itemListElement":[{"@type":"ListItem","position":1,"name":"Home","item":"https:\/\/www.tuecher-buecher.de\/"},{"@type":"ListItem","position":2,"name":"So., 12. April, 11 Uhr Auf den Spuren von Brechts \u201eSolidarit\u00e4tslied\u201c \u2013 1933\/1934: Hein Kohn und Ernst Busch MATINEE ZUR SONDERAUSSTELLUNG"}]},{"@type":"WebSite","@id":"https:\/\/www.tuecher-buecher.de\/#website","url":"https:\/\/www.tuecher-buecher.de\/","name":"T\u00fccher und B\u00fccher","description":"Die Sonderausstellung im Brechthaus","publisher":{"@id":"https:\/\/www.tuecher-buecher.de\/#organization"},"potentialAction":[{"@type":"SearchAction","target":{"@type":"EntryPoint","urlTemplate":"https:\/\/www.tuecher-buecher.de\/?s={search_term_string}"},"query-input":{"@type":"PropertyValueSpecification","valueRequired":true,"valueName":"search_term_string"}}],"inLanguage":"de"},{"@type":"Organization","@id":"https:\/\/www.tuecher-buecher.de\/#organization","name":"T\u00fccher und B\u00fccher","url":"https:\/\/www.tuecher-buecher.de\/","logo":{"@type":"ImageObject","inLanguage":"de","@id":"https:\/\/www.tuecher-buecher.de\/#\/schema\/logo\/image\/","url":"https:\/\/www.tuecher-buecher.de\/wp-content\/uploads\/2026\/02\/favicon-Tuecher-und-Buecher.jpg","contentUrl":"https:\/\/www.tuecher-buecher.de\/wp-content\/uploads\/2026\/02\/favicon-Tuecher-und-Buecher.jpg","width":600,"height":600,"caption":"T\u00fccher und B\u00fccher"},"image":{"@id":"https:\/\/www.tuecher-buecher.de\/#\/schema\/logo\/image\/"}},{"@type":"Person","@id":"https:\/\/www.tuecher-buecher.de\/#\/schema\/person\/9f0102919684cf0e9671aec8a68b883a","name":"admin","image":{"@type":"ImageObject","inLanguage":"de","@id":"https:\/\/secure.gravatar.com\/avatar\/875e90aaa320b724ef55902dcb50b509c0dc0c544690207354b9f79c323ec36e?s=96&d=mm&r=g","url":"https:\/\/secure.gravatar.com\/avatar\/875e90aaa320b724ef55902dcb50b509c0dc0c544690207354b9f79c323ec36e?s=96&d=mm&r=g","contentUrl":"https:\/\/secure.gravatar.com\/avatar\/875e90aaa320b724ef55902dcb50b509c0dc0c544690207354b9f79c323ec36e?s=96&d=mm&r=g","caption":"admin"},"url":"https:\/\/www.tuecher-buecher.de\/index.php\/author\/creativejam\/"}]}},"_links":{"self":[{"href":"https:\/\/www.tuecher-buecher.de\/index.php\/wp-json\/wp\/v2\/posts\/2791","targetHints":{"allow":["GET"]}}],"collection":[{"href":"https:\/\/www.tuecher-buecher.de\/index.php\/wp-json\/wp\/v2\/posts"}],"about":[{"href":"https:\/\/www.tuecher-buecher.de\/index.php\/wp-json\/wp\/v2\/types\/post"}],"author":[{"embeddable":true,"href":"https:\/\/www.tuecher-buecher.de\/index.php\/wp-json\/wp\/v2\/users\/1"}],"replies":[{"embeddable":true,"href":"https:\/\/www.tuecher-buecher.de\/index.php\/wp-json\/wp\/v2\/comments?post=2791"}],"version-history":[{"count":8,"href":"https:\/\/www.tuecher-buecher.de\/index.php\/wp-json\/wp\/v2\/posts\/2791\/revisions"}],"predecessor-version":[{"id":2982,"href":"https:\/\/www.tuecher-buecher.de\/index.php\/wp-json\/wp\/v2\/posts\/2791\/revisions\/2982"}],"wp:featuredmedia":[{"embeddable":true,"href":"https:\/\/www.tuecher-buecher.de\/index.php\/wp-json\/wp\/v2\/media\/2792"}],"wp:attachment":[{"href":"https:\/\/www.tuecher-buecher.de\/index.php\/wp-json\/wp\/v2\/media?parent=2791"}],"wp:term":[{"taxonomy":"category","embeddable":true,"href":"https:\/\/www.tuecher-buecher.de\/index.php\/wp-json\/wp\/v2\/categories?post=2791"},{"taxonomy":"post_tag","embeddable":true,"href":"https:\/\/www.tuecher-buecher.de\/index.php\/wp-json\/wp\/v2\/tags?post=2791"}],"curies":[{"name":"wp","href":"https:\/\/api.w.org\/{rel}","templated":true}]}}