{"id":3032,"date":"2026-04-21T13:32:14","date_gmt":"2026-04-21T13:32:14","guid":{"rendered":"https:\/\/www.tuecher-buecher.de\/?p=3032"},"modified":"2026-04-21T13:33:59","modified_gmt":"2026-04-21T13:33:59","slug":"bilder-der-matinee-am-12-april-auf-den-spuren-von-brechts-solidaritaetslied-1933-1934-hein-kohn-und-ernst-busch","status":"publish","type":"post","link":"https:\/\/www.tuecher-buecher.de\/index.php\/2026\/04\/21\/bilder-der-matinee-am-12-april-auf-den-spuren-von-brechts-solidaritaetslied-1933-1934-hein-kohn-und-ernst-busch\/","title":{"rendered":"Bilder der Matin\u00e8e am 12. April &#8211; Auf den Spuren von Brechts \u201eSolidarit\u00e4tslied\u201c \u2013 1933\/1934: Hein Kohn und Ernst Busch"},"content":{"rendered":"<div class=\"et_pb_section_0 et_pb_section et_section_regular et_block_section\">\n<div class=\"et_pb_row_0 et_pb_row et_block_row\">\n<div class=\"et_pb_column_0 et_pb_column et_pb_column_4_4 et-last-child et_block_column et_pb_css_mix_blend_mode_passthrough\">\n<div class=\"et_pb_text_0 et_pb_text et_pb_bg_layout_light et_pb_module et_flex_module\"><div class=\"et_pb_text_inner\"><p style=\"text-align: center;\">Hier sehen Sie Fotos von der Matin\u00e8e zum Solidarit\u00e4tslied mit Karla Andr\u00e4 (S\u00e4ngerin, Schauspielerin). Moderation: Dr. Ingvild Richardsen (Kuratorin) und Uta L\u00f6hrer (BLZ).<\/p>\n<\/div><\/div>\n\n<div class=\"et_pb_text_1 et_pb_text et_pb_bg_layout_light et_pb_module et_flex_module\"><div class=\"et_pb_text_inner\"><p style=\"text-align: center;\"><span>Alle Fotos d\u00fcrfen ausdr\u00fccklich zu Zwecken der PR und Dokumentation unter Angabe der jeweiligen Copyrights heruntergeladen und verwendet werden.<\/span><\/p>\n<\/div><\/div>\n\n<div class=\"et_pb_text_2 et_pb_text et_pb_bg_layout_light et_pb_module et_flex_module\"><div class=\"et_pb_text_inner\"><p style=\"text-align: center;\"><span>Fotos von Markus Komposch (creativeJAM GbR):<\/span><\/p>\n<\/div><\/div>\n\n<div class=\"et_pb_gallery_0 et_pb_gallery et_pb_bg_layout_light et_pb_gallery_grid et_pb_module\" data-auto-rotate=\"off\" data-auto-rotate-speed=\"\"><div class=\"et_pb_gallery_items et_post_gallery clearfix et_grid_module\" data-per_page=\"50\"><div class=\"et_pb_gallery_item et_pb_grid_item et_pb_gallery_item_0_0\"><div class=\"et_pb_gallery_image landscape\" data-per_page=\"50\"><a href=\"https:\/\/www.tuecher-buecher.de\/wp-content\/uploads\/2026\/04\/Matinee-12April2026-Solidaritaetslied-02341.jpg\" title=\"Matinee-12April2026-Solidarita\u0308tslied-02341\"><img loading=\"lazy\" decoding=\"async\" width=\"400\" height=\"284\" src=\"https:\/\/www.tuecher-buecher.de\/wp-content\/uploads\/2026\/04\/Matinee-12April2026-Solidaritaetslied-02341-400x284.jpg\" alt=\"\" class=\"wp-image-3035\" srcset=\"https:\/\/www.tuecher-buecher.de\/wp-content\/uploads\/2026\/04\/Matinee-12April2026-Solidaritaetslied-02341.jpg 479w, https:\/\/www.tuecher-buecher.de\/wp-content\/uploads\/2026\/04\/Matinee-12April2026-Solidaritaetslied-02341-400x284.jpg 480w\" sizes=\"(max-width:479px) 479px, 100vw\" \/><span class=\"et_overlay\" data-icon=\"\" data-icon-tablet=\"\" data-icon-phone=\"\"><\/span><\/a><\/div><\/div><div class=\"et_pb_gallery_item et_pb_grid_item et_pb_gallery_item_0_1\"><div class=\"et_pb_gallery_image landscape\" data-per_page=\"50\"><a href=\"https:\/\/www.tuecher-buecher.de\/wp-content\/uploads\/2026\/04\/Matinee-12April2026-Solidaritaetslied-02344.jpg\" title=\"Matinee-12April2026-Solidarita\u0308tslied-02344\"><img loading=\"lazy\" decoding=\"async\" width=\"400\" height=\"284\" src=\"https:\/\/www.tuecher-buecher.de\/wp-content\/uploads\/2026\/04\/Matinee-12April2026-Solidaritaetslied-02344-400x284.jpg\" alt=\"\" class=\"wp-image-3036\" srcset=\"https:\/\/www.tuecher-buecher.de\/wp-content\/uploads\/2026\/04\/Matinee-12April2026-Solidaritaetslied-02344.jpg 479w, https:\/\/www.tuecher-buecher.de\/wp-content\/uploads\/2026\/04\/Matinee-12April2026-Solidaritaetslied-02344-400x284.jpg 480w\" sizes=\"(max-width:479px) 479px, 100vw\" \/><span class=\"et_overlay\" data-icon=\"\" data-icon-tablet=\"\" data-icon-phone=\"\"><\/span><\/a><\/div><\/div><div class=\"et_pb_gallery_item et_pb_grid_item et_pb_gallery_item_0_2\"><div class=\"et_pb_gallery_image landscape\" data-per_page=\"50\"><a href=\"https:\/\/www.tuecher-buecher.de\/wp-content\/uploads\/2026\/04\/Matinee-12April2026-Solidaritaetslied-02347.jpg\" title=\"Matinee-12April2026-Solidarita\u0308tslied-02347\"><img loading=\"lazy\" decoding=\"async\" width=\"400\" height=\"284\" src=\"https:\/\/www.tuecher-buecher.de\/wp-content\/uploads\/2026\/04\/Matinee-12April2026-Solidaritaetslied-02347-400x284.jpg\" alt=\"\" class=\"wp-image-3037\" srcset=\"https:\/\/www.tuecher-buecher.de\/wp-content\/uploads\/2026\/04\/Matinee-12April2026-Solidaritaetslied-02347.jpg 479w, https:\/\/www.tuecher-buecher.de\/wp-content\/uploads\/2026\/04\/Matinee-12April2026-Solidaritaetslied-02347-400x284.jpg 480w\" sizes=\"(max-width:479px) 479px, 100vw\" \/><span class=\"et_overlay\" data-icon=\"\" data-icon-tablet=\"\" data-icon-phone=\"\"><\/span><\/a><\/div><\/div><div class=\"et_pb_gallery_item et_pb_grid_item et_pb_gallery_item_0_3\"><div class=\"et_pb_gallery_image landscape\" data-per_page=\"50\"><a href=\"https:\/\/www.tuecher-buecher.de\/wp-content\/uploads\/2026\/04\/Matinee-12April2026-Solidaritaetslied-02349.jpg\" title=\"Matinee-12April2026-Solidarita\u0308tslied-02349\"><img loading=\"lazy\" decoding=\"async\" width=\"400\" height=\"284\" src=\"https:\/\/www.tuecher-buecher.de\/wp-content\/uploads\/2026\/04\/Matinee-12April2026-Solidaritaetslied-02349-400x284.jpg\" alt=\"\" class=\"wp-image-3038\" srcset=\"https:\/\/www.tuecher-buecher.de\/wp-content\/uploads\/2026\/04\/Matinee-12April2026-Solidaritaetslied-02349.jpg 479w, https:\/\/www.tuecher-buecher.de\/wp-content\/uploads\/2026\/04\/Matinee-12April2026-Solidaritaetslied-02349-400x284.jpg 480w\" sizes=\"(max-width:479px) 479px, 100vw\" \/><span class=\"et_overlay\" data-icon=\"\" data-icon-tablet=\"\" data-icon-phone=\"\"><\/span><\/a><\/div><\/div><div class=\"et_pb_gallery_item et_pb_grid_item et_pb_gallery_item_0_4\"><div class=\"et_pb_gallery_image landscape\" data-per_page=\"50\"><a href=\"https:\/\/www.tuecher-buecher.de\/wp-content\/uploads\/2026\/04\/Matinee-12April2026-Solidaritaetslied-02350.jpg\" title=\"Matinee-12April2026-Solidarita\u0308tslied-02350\"><img loading=\"lazy\" decoding=\"async\" width=\"400\" height=\"284\" src=\"https:\/\/www.tuecher-buecher.de\/wp-content\/uploads\/2026\/04\/Matinee-12April2026-Solidaritaetslied-02350-400x284.jpg\" alt=\"\" class=\"wp-image-3039\" srcset=\"https:\/\/www.tuecher-buecher.de\/wp-content\/uploads\/2026\/04\/Matinee-12April2026-Solidaritaetslied-02350.jpg 479w, https:\/\/www.tuecher-buecher.de\/wp-content\/uploads\/2026\/04\/Matinee-12April2026-Solidaritaetslied-02350-400x284.jpg 480w\" sizes=\"(max-width:479px) 479px, 100vw\" \/><span class=\"et_overlay\" data-icon=\"\" data-icon-tablet=\"\" data-icon-phone=\"\"><\/span><\/a><\/div><\/div><div class=\"et_pb_gallery_item et_pb_grid_item et_pb_gallery_item_0_5\"><div class=\"et_pb_gallery_image landscape\" data-per_page=\"50\"><a href=\"https:\/\/www.tuecher-buecher.de\/wp-content\/uploads\/2026\/04\/Matinee-12April2026-Solidaritaetslied-02353.jpg\" title=\"Matinee-12April2026-Solidarita\u0308tslied-02353\"><img loading=\"lazy\" decoding=\"async\" width=\"400\" height=\"284\" src=\"https:\/\/www.tuecher-buecher.de\/wp-content\/uploads\/2026\/04\/Matinee-12April2026-Solidaritaetslied-02353-400x284.jpg\" alt=\"\" class=\"wp-image-3040\" srcset=\"https:\/\/www.tuecher-buecher.de\/wp-content\/uploads\/2026\/04\/Matinee-12April2026-Solidaritaetslied-02353.jpg 479w, https:\/\/www.tuecher-buecher.de\/wp-content\/uploads\/2026\/04\/Matinee-12April2026-Solidaritaetslied-02353-400x284.jpg 480w\" sizes=\"(max-width:479px) 479px, 100vw\" \/><span class=\"et_overlay\" data-icon=\"\" data-icon-tablet=\"\" data-icon-phone=\"\"><\/span><\/a><\/div><\/div><div class=\"et_pb_gallery_item et_pb_grid_item et_pb_gallery_item_0_6\"><div class=\"et_pb_gallery_image landscape\" data-per_page=\"50\"><a href=\"https:\/\/www.tuecher-buecher.de\/wp-content\/uploads\/2026\/04\/Matinee-12April2026-Solidaritaetslied-02363.jpg\" title=\"Matinee-12April2026-Solidarita\u0308tslied-02363\"><img loading=\"lazy\" decoding=\"async\" width=\"400\" height=\"284\" src=\"https:\/\/www.tuecher-buecher.de\/wp-content\/uploads\/2026\/04\/Matinee-12April2026-Solidaritaetslied-02363-400x284.jpg\" alt=\"\" class=\"wp-image-3041\" srcset=\"https:\/\/www.tuecher-buecher.de\/wp-content\/uploads\/2026\/04\/Matinee-12April2026-Solidaritaetslied-02363.jpg 479w, https:\/\/www.tuecher-buecher.de\/wp-content\/uploads\/2026\/04\/Matinee-12April2026-Solidaritaetslied-02363-400x284.jpg 480w\" sizes=\"(max-width:479px) 479px, 100vw\" \/><span class=\"et_overlay\" data-icon=\"\" data-icon-tablet=\"\" data-icon-phone=\"\"><\/span><\/a><\/div><\/div><div class=\"et_pb_gallery_item et_pb_grid_item et_pb_gallery_item_0_7\"><div class=\"et_pb_gallery_image landscape\" data-per_page=\"50\"><a href=\"https:\/\/www.tuecher-buecher.de\/wp-content\/uploads\/2026\/04\/Matinee-12April2026-Solidaritaetslied-02368.jpg\" title=\"Matinee-12April2026-Solidarita\u0308tslied-02368\"><img loading=\"lazy\" decoding=\"async\" width=\"400\" height=\"284\" src=\"https:\/\/www.tuecher-buecher.de\/wp-content\/uploads\/2026\/04\/Matinee-12April2026-Solidaritaetslied-02368-400x284.jpg\" alt=\"\" class=\"wp-image-3042\" srcset=\"https:\/\/www.tuecher-buecher.de\/wp-content\/uploads\/2026\/04\/Matinee-12April2026-Solidaritaetslied-02368.jpg 479w, https:\/\/www.tuecher-buecher.de\/wp-content\/uploads\/2026\/04\/Matinee-12April2026-Solidaritaetslied-02368-400x284.jpg 480w\" sizes=\"(max-width:479px) 479px, 100vw\" \/><span class=\"et_overlay\" data-icon=\"\" data-icon-tablet=\"\" data-icon-phone=\"\"><\/span><\/a><\/div><\/div><div class=\"et_pb_gallery_item et_pb_grid_item et_pb_gallery_item_0_8\"><div class=\"et_pb_gallery_image landscape\" data-per_page=\"50\"><a href=\"https:\/\/www.tuecher-buecher.de\/wp-content\/uploads\/2026\/04\/Matinee-12April2026-Solidaritaetslied-02369.jpg\" title=\"Matinee-12April2026-Solidarita\u0308tslied-02369\"><img loading=\"lazy\" decoding=\"async\" width=\"400\" height=\"284\" src=\"https:\/\/www.tuecher-buecher.de\/wp-content\/uploads\/2026\/04\/Matinee-12April2026-Solidaritaetslied-02369-400x284.jpg\" alt=\"\" class=\"wp-image-3043\" srcset=\"https:\/\/www.tuecher-buecher.de\/wp-content\/uploads\/2026\/04\/Matinee-12April2026-Solidaritaetslied-02369.jpg 479w, https:\/\/www.tuecher-buecher.de\/wp-content\/uploads\/2026\/04\/Matinee-12April2026-Solidaritaetslied-02369-400x284.jpg 480w\" sizes=\"(max-width:479px) 479px, 100vw\" \/><span class=\"et_overlay\" data-icon=\"\" data-icon-tablet=\"\" data-icon-phone=\"\"><\/span><\/a><\/div><\/div><div class=\"et_pb_gallery_item et_pb_grid_item et_pb_gallery_item_0_9\"><div class=\"et_pb_gallery_image landscape\" data-per_page=\"50\"><a href=\"https:\/\/www.tuecher-buecher.de\/wp-content\/uploads\/2026\/04\/Matinee-12April2026-Solidaritaetslied-02393.jpg\" title=\"Matinee-12April2026-Solidarita\u0308tslied-02393\"><img loading=\"lazy\" decoding=\"async\" width=\"400\" height=\"284\" src=\"https:\/\/www.tuecher-buecher.de\/wp-content\/uploads\/2026\/04\/Matinee-12April2026-Solidaritaetslied-02393-400x284.jpg\" alt=\"\" class=\"wp-image-3044\" srcset=\"https:\/\/www.tuecher-buecher.de\/wp-content\/uploads\/2026\/04\/Matinee-12April2026-Solidaritaetslied-02393.jpg 479w, https:\/\/www.tuecher-buecher.de\/wp-content\/uploads\/2026\/04\/Matinee-12April2026-Solidaritaetslied-02393-400x284.jpg 480w\" sizes=\"(max-width:479px) 479px, 100vw\" \/><span class=\"et_overlay\" data-icon=\"\" data-icon-tablet=\"\" data-icon-phone=\"\"><\/span><\/a><\/div><\/div><div class=\"et_pb_gallery_item et_pb_grid_item et_pb_gallery_item_0_10\"><div class=\"et_pb_gallery_image landscape\" data-per_page=\"50\"><a href=\"https:\/\/www.tuecher-buecher.de\/wp-content\/uploads\/2026\/04\/Matinee-12April2026-Solidaritaetslied-02397.jpg\" title=\"Matinee-12April2026-Solidarita\u0308tslied-02397\"><img loading=\"lazy\" decoding=\"async\" width=\"400\" height=\"284\" src=\"https:\/\/www.tuecher-buecher.de\/wp-content\/uploads\/2026\/04\/Matinee-12April2026-Solidaritaetslied-02397-400x284.jpg\" alt=\"\" class=\"wp-image-3045\" srcset=\"https:\/\/www.tuecher-buecher.de\/wp-content\/uploads\/2026\/04\/Matinee-12April2026-Solidaritaetslied-02397.jpg 479w, https:\/\/www.tuecher-buecher.de\/wp-content\/uploads\/2026\/04\/Matinee-12April2026-Solidaritaetslied-02397-400x284.jpg 480w\" sizes=\"(max-width:479px) 479px, 100vw\" \/><span class=\"et_overlay\" data-icon=\"\" data-icon-tablet=\"\" data-icon-phone=\"\"><\/span><\/a><\/div><\/div><div class=\"et_pb_gallery_item et_pb_grid_item et_pb_gallery_item_0_11\"><div class=\"et_pb_gallery_image landscape\" data-per_page=\"50\"><a href=\"https:\/\/www.tuecher-buecher.de\/wp-content\/uploads\/2026\/04\/Matinee-12April2026-Solidaritaetslied-02404.jpg\" title=\"Matinee-12April2026-Solidarita\u0308tslied-02404\"><img loading=\"lazy\" decoding=\"async\" width=\"400\" height=\"284\" src=\"https:\/\/www.tuecher-buecher.de\/wp-content\/uploads\/2026\/04\/Matinee-12April2026-Solidaritaetslied-02404-400x284.jpg\" alt=\"\" class=\"wp-image-3046\" srcset=\"https:\/\/www.tuecher-buecher.de\/wp-content\/uploads\/2026\/04\/Matinee-12April2026-Solidaritaetslied-02404.jpg 479w, https:\/\/www.tuecher-buecher.de\/wp-content\/uploads\/2026\/04\/Matinee-12April2026-Solidaritaetslied-02404-400x284.jpg 480w\" sizes=\"(max-width:479px) 479px, 100vw\" \/><span class=\"et_overlay\" data-icon=\"\" data-icon-tablet=\"\" data-icon-phone=\"\"><\/span><\/a><\/div><\/div><div class=\"et_pb_gallery_item et_pb_grid_item et_pb_gallery_item_0_12\"><div class=\"et_pb_gallery_image landscape\" data-per_page=\"50\"><a href=\"https:\/\/www.tuecher-buecher.de\/wp-content\/uploads\/2026\/04\/Matinee-12April2026-Solidaritaetslied-02412.jpg\" title=\"Matinee-12April2026-Solidarita\u0308tslied-02412\"><img loading=\"lazy\" decoding=\"async\" width=\"400\" height=\"284\" src=\"https:\/\/www.tuecher-buecher.de\/wp-content\/uploads\/2026\/04\/Matinee-12April2026-Solidaritaetslied-02412-400x284.jpg\" alt=\"\" class=\"wp-image-3047\" srcset=\"https:\/\/www.tuecher-buecher.de\/wp-content\/uploads\/2026\/04\/Matinee-12April2026-Solidaritaetslied-02412.jpg 479w, https:\/\/www.tuecher-buecher.de\/wp-content\/uploads\/2026\/04\/Matinee-12April2026-Solidaritaetslied-02412-400x284.jpg 480w\" sizes=\"(max-width:479px) 479px, 100vw\" \/><span class=\"et_overlay\" data-icon=\"\" data-icon-tablet=\"\" data-icon-phone=\"\"><\/span><\/a><\/div><\/div><div class=\"et_pb_gallery_item et_pb_grid_item et_pb_gallery_item_0_13\"><div class=\"et_pb_gallery_image landscape\" data-per_page=\"50\"><a href=\"https:\/\/www.tuecher-buecher.de\/wp-content\/uploads\/2026\/04\/Matinee-12April2026-Solidaritaetslied-02416.jpg\" title=\"Matinee-12April2026-Solidarita\u0308tslied-02416\"><img loading=\"lazy\" decoding=\"async\" width=\"400\" height=\"284\" src=\"https:\/\/www.tuecher-buecher.de\/wp-content\/uploads\/2026\/04\/Matinee-12April2026-Solidaritaetslied-02416-400x284.jpg\" alt=\"\" class=\"wp-image-3048\" srcset=\"https:\/\/www.tuecher-buecher.de\/wp-content\/uploads\/2026\/04\/Matinee-12April2026-Solidaritaetslied-02416.jpg 479w, https:\/\/www.tuecher-buecher.de\/wp-content\/uploads\/2026\/04\/Matinee-12April2026-Solidaritaetslied-02416-400x284.jpg 480w\" sizes=\"(max-width:479px) 479px, 100vw\" \/><span class=\"et_overlay\" data-icon=\"\" data-icon-tablet=\"\" data-icon-phone=\"\"><\/span><\/a><\/div><\/div><div class=\"et_pb_gallery_item et_pb_grid_item et_pb_gallery_item_0_14\"><div class=\"et_pb_gallery_image landscape\" data-per_page=\"50\"><a href=\"https:\/\/www.tuecher-buecher.de\/wp-content\/uploads\/2026\/04\/Matinee-12April2026-Solidaritaetslied-02420.jpg\" title=\"Matinee-12April2026-Solidarita\u0308tslied-02420\"><img loading=\"lazy\" decoding=\"async\" width=\"400\" height=\"284\" src=\"https:\/\/www.tuecher-buecher.de\/wp-content\/uploads\/2026\/04\/Matinee-12April2026-Solidaritaetslied-02420-400x284.jpg\" alt=\"\" class=\"wp-image-3049\" srcset=\"https:\/\/www.tuecher-buecher.de\/wp-content\/uploads\/2026\/04\/Matinee-12April2026-Solidaritaetslied-02420.jpg 479w, https:\/\/www.tuecher-buecher.de\/wp-content\/uploads\/2026\/04\/Matinee-12April2026-Solidaritaetslied-02420-400x284.jpg 480w\" sizes=\"(max-width:479px) 479px, 100vw\" \/><span class=\"et_overlay\" data-icon=\"\" data-icon-tablet=\"\" data-icon-phone=\"\"><\/span><\/a><\/div><\/div><div class=\"et_pb_gallery_item et_pb_grid_item et_pb_gallery_item_0_15\"><div class=\"et_pb_gallery_image landscape\" data-per_page=\"50\"><a href=\"https:\/\/www.tuecher-buecher.de\/wp-content\/uploads\/2026\/04\/Matinee-12April2026-Solidaritaetslied-02426.jpg\" title=\"Matinee-12April2026-Solidarita\u0308tslied-02426\"><img loading=\"lazy\" decoding=\"async\" width=\"400\" height=\"284\" src=\"https:\/\/www.tuecher-buecher.de\/wp-content\/uploads\/2026\/04\/Matinee-12April2026-Solidaritaetslied-02426-400x284.jpg\" alt=\"\" class=\"wp-image-3050\" srcset=\"https:\/\/www.tuecher-buecher.de\/wp-content\/uploads\/2026\/04\/Matinee-12April2026-Solidaritaetslied-02426.jpg 479w, https:\/\/www.tuecher-buecher.de\/wp-content\/uploads\/2026\/04\/Matinee-12April2026-Solidaritaetslied-02426-400x284.jpg 480w\" sizes=\"(max-width:479px) 479px, 100vw\" \/><span class=\"et_overlay\" data-icon=\"\" data-icon-tablet=\"\" data-icon-phone=\"\"><\/span><\/a><\/div><\/div><div class=\"et_pb_gallery_item et_pb_grid_item et_pb_gallery_item_0_16\"><div class=\"et_pb_gallery_image landscape\" data-per_page=\"50\"><a href=\"https:\/\/www.tuecher-buecher.de\/wp-content\/uploads\/2026\/04\/Matinee-12April2026-Solidaritaetslied-02434.jpg\" title=\"Matinee-12April2026-Solidarita\u0308tslied-02434\"><img loading=\"lazy\" decoding=\"async\" width=\"400\" height=\"284\" src=\"https:\/\/www.tuecher-buecher.de\/wp-content\/uploads\/2026\/04\/Matinee-12April2026-Solidaritaetslied-02434-400x284.jpg\" alt=\"\" class=\"wp-image-3051\" srcset=\"https:\/\/www.tuecher-buecher.de\/wp-content\/uploads\/2026\/04\/Matinee-12April2026-Solidaritaetslied-02434.jpg 479w, https:\/\/www.tuecher-buecher.de\/wp-content\/uploads\/2026\/04\/Matinee-12April2026-Solidaritaetslied-02434-400x284.jpg 480w\" sizes=\"(max-width:479px) 479px, 100vw\" \/><span class=\"et_overlay\" data-icon=\"\" data-icon-tablet=\"\" data-icon-phone=\"\"><\/span><\/a><\/div><\/div><div class=\"et_pb_gallery_item et_pb_grid_item et_pb_gallery_item_0_17\"><div class=\"et_pb_gallery_image landscape\" data-per_page=\"50\"><a href=\"https:\/\/www.tuecher-buecher.de\/wp-content\/uploads\/2026\/04\/Matinee-12April2026-Solidaritaetslied-02438.jpg\" title=\"Matinee-12April2026-Solidarita\u0308tslied-02438\"><img loading=\"lazy\" decoding=\"async\" width=\"400\" height=\"284\" src=\"https:\/\/www.tuecher-buecher.de\/wp-content\/uploads\/2026\/04\/Matinee-12April2026-Solidaritaetslied-02438-400x284.jpg\" alt=\"\" class=\"wp-image-3052\" srcset=\"https:\/\/www.tuecher-buecher.de\/wp-content\/uploads\/2026\/04\/Matinee-12April2026-Solidaritaetslied-02438.jpg 479w, https:\/\/www.tuecher-buecher.de\/wp-content\/uploads\/2026\/04\/Matinee-12April2026-Solidaritaetslied-02438-400x284.jpg 480w\" sizes=\"(max-width:479px) 479px, 100vw\" \/><span class=\"et_overlay\" data-icon=\"\" data-icon-tablet=\"\" data-icon-phone=\"\"><\/span><\/a><\/div><\/div><div class=\"et_pb_gallery_item et_pb_grid_item et_pb_gallery_item_0_18\"><div class=\"et_pb_gallery_image landscape\" data-per_page=\"50\"><a href=\"https:\/\/www.tuecher-buecher.de\/wp-content\/uploads\/2026\/04\/Matinee-12April2026-Solidaritaetslied-02440.jpg\" title=\"Matinee-12April2026-Solidarita\u0308tslied-02440\"><img loading=\"lazy\" decoding=\"async\" width=\"400\" height=\"284\" src=\"https:\/\/www.tuecher-buecher.de\/wp-content\/uploads\/2026\/04\/Matinee-12April2026-Solidaritaetslied-02440-400x284.jpg\" alt=\"\" class=\"wp-image-3053\" srcset=\"https:\/\/www.tuecher-buecher.de\/wp-content\/uploads\/2026\/04\/Matinee-12April2026-Solidaritaetslied-02440.jpg 479w, https:\/\/www.tuecher-buecher.de\/wp-content\/uploads\/2026\/04\/Matinee-12April2026-Solidaritaetslied-02440-400x284.jpg 480w\" sizes=\"(max-width:479px) 479px, 100vw\" \/><span class=\"et_overlay\" data-icon=\"\" data-icon-tablet=\"\" data-icon-phone=\"\"><\/span><\/a><\/div><\/div><div class=\"et_pb_gallery_item et_pb_grid_item et_pb_gallery_item_0_19\"><div class=\"et_pb_gallery_image landscape\" data-per_page=\"50\"><a href=\"https:\/\/www.tuecher-buecher.de\/wp-content\/uploads\/2026\/04\/Matinee-12April2026-Solidaritaetslied-02455.jpg\" title=\"Matinee-12April2026-Solidarita\u0308tslied-02455\"><img loading=\"lazy\" decoding=\"async\" width=\"400\" height=\"284\" src=\"https:\/\/www.tuecher-buecher.de\/wp-content\/uploads\/2026\/04\/Matinee-12April2026-Solidaritaetslied-02455-400x284.jpg\" alt=\"\" class=\"wp-image-3054\" srcset=\"https:\/\/www.tuecher-buecher.de\/wp-content\/uploads\/2026\/04\/Matinee-12April2026-Solidaritaetslied-02455.jpg 479w, https:\/\/www.tuecher-buecher.de\/wp-content\/uploads\/2026\/04\/Matinee-12April2026-Solidaritaetslied-02455-400x284.jpg 480w\" sizes=\"(max-width:479px) 479px, 100vw\" \/><span class=\"et_overlay\" data-icon=\"\" data-icon-tablet=\"\" data-icon-phone=\"\"><\/span><\/a><\/div><\/div><div class=\"et_pb_gallery_item et_pb_grid_item et_pb_gallery_item_0_20\"><div class=\"et_pb_gallery_image landscape\" data-per_page=\"50\"><a href=\"https:\/\/www.tuecher-buecher.de\/wp-content\/uploads\/2026\/04\/Matinee-12April2026-Solidaritaetslied-02461.jpg\" title=\"Matinee-12April2026-Solidarita\u0308tslied-02461\"><img loading=\"lazy\" decoding=\"async\" width=\"400\" height=\"284\" src=\"https:\/\/www.tuecher-buecher.de\/wp-content\/uploads\/2026\/04\/Matinee-12April2026-Solidaritaetslied-02461-400x284.jpg\" alt=\"\" class=\"wp-image-3055\" srcset=\"https:\/\/www.tuecher-buecher.de\/wp-content\/uploads\/2026\/04\/Matinee-12April2026-Solidaritaetslied-02461.jpg 479w, https:\/\/www.tuecher-buecher.de\/wp-content\/uploads\/2026\/04\/Matinee-12April2026-Solidaritaetslied-02461-400x284.jpg 480w\" sizes=\"(max-width:479px) 479px, 100vw\" \/><span class=\"et_overlay\" data-icon=\"\" data-icon-tablet=\"\" data-icon-phone=\"\"><\/span><\/a><\/div><\/div><div class=\"et_pb_gallery_item et_pb_grid_item et_pb_gallery_item_0_21\"><div class=\"et_pb_gallery_image landscape\" data-per_page=\"50\"><a href=\"https:\/\/www.tuecher-buecher.de\/wp-content\/uploads\/2026\/04\/Matinee-12April2026-Solidaritaetslied-02463.jpg\" title=\"Matinee-12April2026-Solidarita\u0308tslied-02463\"><img loading=\"lazy\" decoding=\"async\" width=\"400\" height=\"284\" src=\"https:\/\/www.tuecher-buecher.de\/wp-content\/uploads\/2026\/04\/Matinee-12April2026-Solidaritaetslied-02463-400x284.jpg\" alt=\"\" class=\"wp-image-3056\" srcset=\"https:\/\/www.tuecher-buecher.de\/wp-content\/uploads\/2026\/04\/Matinee-12April2026-Solidaritaetslied-02463.jpg 479w, https:\/\/www.tuecher-buecher.de\/wp-content\/uploads\/2026\/04\/Matinee-12April2026-Solidaritaetslied-02463-400x284.jpg 480w\" sizes=\"(max-width:479px) 479px, 100vw\" \/><span class=\"et_overlay\" data-icon=\"\" data-icon-tablet=\"\" data-icon-phone=\"\"><\/span><\/a><\/div><\/div><div class=\"et_pb_gallery_item et_pb_grid_item et_pb_gallery_item_0_22\"><div class=\"et_pb_gallery_image landscape\" data-per_page=\"50\"><a href=\"https:\/\/www.tuecher-buecher.de\/wp-content\/uploads\/2026\/04\/Matinee-12April2026-Solidaritaetslied-02467.jpg\" title=\"Matinee-12April2026-Solidarita\u0308tslied-02467\"><img loading=\"lazy\" decoding=\"async\" width=\"400\" height=\"284\" src=\"https:\/\/www.tuecher-buecher.de\/wp-content\/uploads\/2026\/04\/Matinee-12April2026-Solidaritaetslied-02467-400x284.jpg\" alt=\"\" class=\"wp-image-3057\" srcset=\"https:\/\/www.tuecher-buecher.de\/wp-content\/uploads\/2026\/04\/Matinee-12April2026-Solidaritaetslied-02467.jpg 479w, https:\/\/www.tuecher-buecher.de\/wp-content\/uploads\/2026\/04\/Matinee-12April2026-Solidaritaetslied-02467-400x284.jpg 480w\" sizes=\"(max-width:479px) 479px, 100vw\" \/><span class=\"et_overlay\" data-icon=\"\" data-icon-tablet=\"\" data-icon-phone=\"\"><\/span><\/a><\/div><\/div><div class=\"et_pb_gallery_item et_pb_grid_item et_pb_gallery_item_0_23\"><div class=\"et_pb_gallery_image landscape\" data-per_page=\"50\"><a href=\"https:\/\/www.tuecher-buecher.de\/wp-content\/uploads\/2026\/04\/Matinee-12April2026-Solidaritaetslied-02469.jpg\" title=\"Matinee-12April2026-Solidarita\u0308tslied-02469\"><img loading=\"lazy\" decoding=\"async\" width=\"400\" height=\"284\" src=\"https:\/\/www.tuecher-buecher.de\/wp-content\/uploads\/2026\/04\/Matinee-12April2026-Solidaritaetslied-02469-400x284.jpg\" alt=\"\" class=\"wp-image-3058\" srcset=\"https:\/\/www.tuecher-buecher.de\/wp-content\/uploads\/2026\/04\/Matinee-12April2026-Solidaritaetslied-02469.jpg 479w, https:\/\/www.tuecher-buecher.de\/wp-content\/uploads\/2026\/04\/Matinee-12April2026-Solidaritaetslied-02469-400x284.jpg 480w\" sizes=\"(max-width:479px) 479px, 100vw\" \/><span class=\"et_overlay\" data-icon=\"\" data-icon-tablet=\"\" data-icon-phone=\"\"><\/span><\/a><\/div><\/div><div class=\"et_pb_gallery_item et_pb_grid_item et_pb_gallery_item_0_24\"><div class=\"et_pb_gallery_image landscape\" data-per_page=\"50\"><a href=\"https:\/\/www.tuecher-buecher.de\/wp-content\/uploads\/2026\/04\/Matinee-12April2026-Solidaritaetslied-02471.jpg\" title=\"Matinee-12April2026-Solidarita\u0308tslied-02471\"><img loading=\"lazy\" decoding=\"async\" width=\"400\" height=\"284\" src=\"https:\/\/www.tuecher-buecher.de\/wp-content\/uploads\/2026\/04\/Matinee-12April2026-Solidaritaetslied-02471-400x284.jpg\" alt=\"\" class=\"wp-image-3059\" srcset=\"https:\/\/www.tuecher-buecher.de\/wp-content\/uploads\/2026\/04\/Matinee-12April2026-Solidaritaetslied-02471.jpg 479w, https:\/\/www.tuecher-buecher.de\/wp-content\/uploads\/2026\/04\/Matinee-12April2026-Solidaritaetslied-02471-400x284.jpg 480w\" sizes=\"(max-width:479px) 479px, 100vw\" \/><span class=\"et_overlay\" data-icon=\"\" data-icon-tablet=\"\" data-icon-phone=\"\"><\/span><\/a><\/div><\/div><div class=\"et_pb_gallery_item et_pb_grid_item et_pb_gallery_item_0_25\"><div class=\"et_pb_gallery_image landscape\" data-per_page=\"50\"><a href=\"https:\/\/www.tuecher-buecher.de\/wp-content\/uploads\/2026\/04\/Matinee-12April2026-Solidaritaetslied-02474.jpg\" title=\"Matinee-12April2026-Solidarita\u0308tslied-02474\"><img loading=\"lazy\" decoding=\"async\" width=\"400\" height=\"284\" src=\"https:\/\/www.tuecher-buecher.de\/wp-content\/uploads\/2026\/04\/Matinee-12April2026-Solidaritaetslied-02474-400x284.jpg\" alt=\"\" class=\"wp-image-3060\" srcset=\"https:\/\/www.tuecher-buecher.de\/wp-content\/uploads\/2026\/04\/Matinee-12April2026-Solidaritaetslied-02474.jpg 479w, https:\/\/www.tuecher-buecher.de\/wp-content\/uploads\/2026\/04\/Matinee-12April2026-Solidaritaetslied-02474-400x284.jpg 480w\" sizes=\"(max-width:479px) 479px, 100vw\" \/><span class=\"et_overlay\" data-icon=\"\" data-icon-tablet=\"\" data-icon-phone=\"\"><\/span><\/a><\/div><\/div><div class=\"et_pb_gallery_item et_pb_grid_item et_pb_gallery_item_0_26\"><div class=\"et_pb_gallery_image landscape\" data-per_page=\"50\"><a href=\"https:\/\/www.tuecher-buecher.de\/wp-content\/uploads\/2026\/04\/Matinee-12April2026-Solidaritaetslied-02477.jpg\" title=\"Matinee-12April2026-Solidarita\u0308tslied-02477\"><img loading=\"lazy\" decoding=\"async\" width=\"400\" height=\"284\" src=\"https:\/\/www.tuecher-buecher.de\/wp-content\/uploads\/2026\/04\/Matinee-12April2026-Solidaritaetslied-02477-400x284.jpg\" alt=\"\" class=\"wp-image-3061\" srcset=\"https:\/\/www.tuecher-buecher.de\/wp-content\/uploads\/2026\/04\/Matinee-12April2026-Solidaritaetslied-02477.jpg 479w, https:\/\/www.tuecher-buecher.de\/wp-content\/uploads\/2026\/04\/Matinee-12April2026-Solidaritaetslied-02477-400x284.jpg 480w\" sizes=\"(max-width:479px) 479px, 100vw\" \/><span class=\"et_overlay\" data-icon=\"\" data-icon-tablet=\"\" data-icon-phone=\"\"><\/span><\/a><\/div><\/div><div class=\"et_pb_gallery_item et_pb_grid_item et_pb_gallery_item_0_27\"><div class=\"et_pb_gallery_image landscape\" data-per_page=\"50\"><a href=\"https:\/\/www.tuecher-buecher.de\/wp-content\/uploads\/2026\/04\/Matinee-12April2026-Solidaritaetslied-02482.jpg\" title=\"Matinee-12April2026-Solidarita\u0308tslied-02482\"><img loading=\"lazy\" decoding=\"async\" width=\"400\" height=\"284\" src=\"https:\/\/www.tuecher-buecher.de\/wp-content\/uploads\/2026\/04\/Matinee-12April2026-Solidaritaetslied-02482-400x284.jpg\" alt=\"\" class=\"wp-image-3062\" srcset=\"https:\/\/www.tuecher-buecher.de\/wp-content\/uploads\/2026\/04\/Matinee-12April2026-Solidaritaetslied-02482.jpg 479w, https:\/\/www.tuecher-buecher.de\/wp-content\/uploads\/2026\/04\/Matinee-12April2026-Solidaritaetslied-02482-400x284.jpg 480w\" sizes=\"(max-width:479px) 479px, 100vw\" \/><span class=\"et_overlay\" data-icon=\"\" data-icon-tablet=\"\" data-icon-phone=\"\"><\/span><\/a><\/div><\/div><div class=\"et_pb_gallery_item et_pb_grid_item et_pb_gallery_item_0_28\"><div class=\"et_pb_gallery_image landscape\" data-per_page=\"50\"><a href=\"https:\/\/www.tuecher-buecher.de\/wp-content\/uploads\/2026\/04\/Matinee-12April2026-Solidaritaetslied-02487.jpg\" title=\"Matinee-12April2026-Solidarita\u0308tslied-02487\"><img loading=\"lazy\" decoding=\"async\" width=\"400\" height=\"284\" src=\"https:\/\/www.tuecher-buecher.de\/wp-content\/uploads\/2026\/04\/Matinee-12April2026-Solidaritaetslied-02487-400x284.jpg\" alt=\"\" class=\"wp-image-3063\" srcset=\"https:\/\/www.tuecher-buecher.de\/wp-content\/uploads\/2026\/04\/Matinee-12April2026-Solidaritaetslied-02487.jpg 479w, https:\/\/www.tuecher-buecher.de\/wp-content\/uploads\/2026\/04\/Matinee-12April2026-Solidaritaetslied-02487-400x284.jpg 480w\" sizes=\"(max-width:479px) 479px, 100vw\" \/><span class=\"et_overlay\" data-icon=\"\" data-icon-tablet=\"\" data-icon-phone=\"\"><\/span><\/a><\/div><\/div><div class=\"et_pb_gallery_item et_pb_grid_item et_pb_gallery_item_0_29\"><div class=\"et_pb_gallery_image landscape\" data-per_page=\"50\"><a href=\"https:\/\/www.tuecher-buecher.de\/wp-content\/uploads\/2026\/04\/Matinee-12April2026-Solidaritaetslied-02488.jpg\" title=\"Matinee-12April2026-Solidarita\u0308tslied-02488\"><img loading=\"lazy\" decoding=\"async\" width=\"400\" height=\"284\" src=\"https:\/\/www.tuecher-buecher.de\/wp-content\/uploads\/2026\/04\/Matinee-12April2026-Solidaritaetslied-02488-400x284.jpg\" alt=\"\" class=\"wp-image-3064\" srcset=\"https:\/\/www.tuecher-buecher.de\/wp-content\/uploads\/2026\/04\/Matinee-12April2026-Solidaritaetslied-02488.jpg 479w, https:\/\/www.tuecher-buecher.de\/wp-content\/uploads\/2026\/04\/Matinee-12April2026-Solidaritaetslied-02488-400x284.jpg 480w\" sizes=\"(max-width:479px) 479px, 100vw\" \/><span class=\"et_overlay\" data-icon=\"\" data-icon-tablet=\"\" data-icon-phone=\"\"><\/span><\/a><\/div><\/div><div class=\"et_pb_gallery_item et_pb_grid_item et_pb_gallery_item_0_30\"><div class=\"et_pb_gallery_image landscape\" data-per_page=\"50\"><a href=\"https:\/\/www.tuecher-buecher.de\/wp-content\/uploads\/2026\/04\/Matinee-12April2026-Solidaritaetslied-02504.jpg\" title=\"Matinee-12April2026-Solidarita\u0308tslied-02504\"><img loading=\"lazy\" decoding=\"async\" width=\"400\" height=\"284\" src=\"https:\/\/www.tuecher-buecher.de\/wp-content\/uploads\/2026\/04\/Matinee-12April2026-Solidaritaetslied-02504-400x284.jpg\" alt=\"\" class=\"wp-image-3065\" srcset=\"https:\/\/www.tuecher-buecher.de\/wp-content\/uploads\/2026\/04\/Matinee-12April2026-Solidaritaetslied-02504.jpg 479w, https:\/\/www.tuecher-buecher.de\/wp-content\/uploads\/2026\/04\/Matinee-12April2026-Solidaritaetslied-02504-400x284.jpg 480w\" sizes=\"(max-width:479px) 479px, 100vw\" \/><span class=\"et_overlay\" data-icon=\"\" data-icon-tablet=\"\" data-icon-phone=\"\"><\/span><\/a><\/div><\/div><div class=\"et_pb_gallery_item et_pb_grid_item et_pb_gallery_item_0_31\"><div class=\"et_pb_gallery_image landscape\" data-per_page=\"50\"><a href=\"https:\/\/www.tuecher-buecher.de\/wp-content\/uploads\/2026\/04\/Matinee-12April2026-Solidaritaetslied-02513.jpg\" title=\"Matinee-12April2026-Solidarita\u0308tslied-02513\"><img loading=\"lazy\" decoding=\"async\" width=\"400\" height=\"284\" src=\"https:\/\/www.tuecher-buecher.de\/wp-content\/uploads\/2026\/04\/Matinee-12April2026-Solidaritaetslied-02513-400x284.jpg\" alt=\"\" class=\"wp-image-3066\" srcset=\"https:\/\/www.tuecher-buecher.de\/wp-content\/uploads\/2026\/04\/Matinee-12April2026-Solidaritaetslied-02513.jpg 479w, https:\/\/www.tuecher-buecher.de\/wp-content\/uploads\/2026\/04\/Matinee-12April2026-Solidaritaetslied-02513-400x284.jpg 480w\" sizes=\"(max-width:479px) 479px, 100vw\" \/><span class=\"et_overlay\" data-icon=\"\" data-icon-tablet=\"\" data-icon-phone=\"\"><\/span><\/a><\/div><\/div><div class=\"et_pb_gallery_item et_pb_grid_item et_pb_gallery_item_0_32\"><div class=\"et_pb_gallery_image landscape\" data-per_page=\"50\"><a href=\"https:\/\/www.tuecher-buecher.de\/wp-content\/uploads\/2026\/04\/Matinee-12April2026-Solidaritaetslied-02517.jpg\" title=\"Matinee-12April2026-Solidarita\u0308tslied-02517\"><img loading=\"lazy\" decoding=\"async\" width=\"400\" height=\"284\" src=\"https:\/\/www.tuecher-buecher.de\/wp-content\/uploads\/2026\/04\/Matinee-12April2026-Solidaritaetslied-02517-400x284.jpg\" alt=\"\" class=\"wp-image-3067\" srcset=\"https:\/\/www.tuecher-buecher.de\/wp-content\/uploads\/2026\/04\/Matinee-12April2026-Solidaritaetslied-02517.jpg 479w, https:\/\/www.tuecher-buecher.de\/wp-content\/uploads\/2026\/04\/Matinee-12April2026-Solidaritaetslied-02517-400x284.jpg 480w\" sizes=\"(max-width:479px) 479px, 100vw\" \/><span class=\"et_overlay\" data-icon=\"\" data-icon-tablet=\"\" data-icon-phone=\"\"><\/span><\/a><\/div><\/div><div class=\"et_pb_gallery_item et_pb_grid_item et_pb_gallery_item_0_33\"><div class=\"et_pb_gallery_image landscape\" data-per_page=\"50\"><a href=\"https:\/\/www.tuecher-buecher.de\/wp-content\/uploads\/2026\/04\/Matinee-12April2026-Solidaritaetslied-02520.jpg\" title=\"Matinee-12April2026-Solidarita\u0308tslied-02520\"><img loading=\"lazy\" decoding=\"async\" width=\"400\" height=\"284\" src=\"https:\/\/www.tuecher-buecher.de\/wp-content\/uploads\/2026\/04\/Matinee-12April2026-Solidaritaetslied-02520-400x284.jpg\" alt=\"\" class=\"wp-image-3068\" srcset=\"https:\/\/www.tuecher-buecher.de\/wp-content\/uploads\/2026\/04\/Matinee-12April2026-Solidaritaetslied-02520.jpg 479w, https:\/\/www.tuecher-buecher.de\/wp-content\/uploads\/2026\/04\/Matinee-12April2026-Solidaritaetslied-02520-400x284.jpg 480w\" sizes=\"(max-width:479px) 479px, 100vw\" \/><span class=\"et_overlay\" data-icon=\"\" data-icon-tablet=\"\" data-icon-phone=\"\"><\/span><\/a><\/div><\/div><div class=\"et_pb_gallery_item et_pb_grid_item et_pb_gallery_item_0_34\"><div class=\"et_pb_gallery_image landscape\" data-per_page=\"50\"><a href=\"https:\/\/www.tuecher-buecher.de\/wp-content\/uploads\/2026\/04\/Matinee-12April2026-Solidaritaetslied-02523.jpg\" title=\"Matinee-12April2026-Solidarita\u0308tslied-02523\"><img loading=\"lazy\" decoding=\"async\" width=\"400\" height=\"284\" src=\"https:\/\/www.tuecher-buecher.de\/wp-content\/uploads\/2026\/04\/Matinee-12April2026-Solidaritaetslied-02523-400x284.jpg\" alt=\"\" class=\"wp-image-3069\" srcset=\"https:\/\/www.tuecher-buecher.de\/wp-content\/uploads\/2026\/04\/Matinee-12April2026-Solidaritaetslied-02523.jpg 479w, https:\/\/www.tuecher-buecher.de\/wp-content\/uploads\/2026\/04\/Matinee-12April2026-Solidaritaetslied-02523-400x284.jpg 480w\" sizes=\"(max-width:479px) 479px, 100vw\" \/><span class=\"et_overlay\" data-icon=\"\" data-icon-tablet=\"\" data-icon-phone=\"\"><\/span><\/a><\/div><\/div><div class=\"et_pb_gallery_item et_pb_grid_item et_pb_gallery_item_0_35\"><div class=\"et_pb_gallery_image landscape\" data-per_page=\"50\"><a href=\"https:\/\/www.tuecher-buecher.de\/wp-content\/uploads\/2026\/04\/Matinee-12April2026-Solidaritaetslied-02524.jpg\" title=\"Matinee-12April2026-Solidarita\u0308tslied-02524\"><img loading=\"lazy\" decoding=\"async\" width=\"400\" height=\"284\" src=\"https:\/\/www.tuecher-buecher.de\/wp-content\/uploads\/2026\/04\/Matinee-12April2026-Solidaritaetslied-02524-400x284.jpg\" alt=\"\" class=\"wp-image-3070\" srcset=\"https:\/\/www.tuecher-buecher.de\/wp-content\/uploads\/2026\/04\/Matinee-12April2026-Solidaritaetslied-02524.jpg 479w, https:\/\/www.tuecher-buecher.de\/wp-content\/uploads\/2026\/04\/Matinee-12April2026-Solidaritaetslied-02524-400x284.jpg 480w\" sizes=\"(max-width:479px) 479px, 100vw\" \/><span class=\"et_overlay\" data-icon=\"\" data-icon-tablet=\"\" data-icon-phone=\"\"><\/span><\/a><\/div><\/div><div class=\"et_pb_gallery_item et_pb_grid_item et_pb_gallery_item_0_36\"><div class=\"et_pb_gallery_image landscape\" data-per_page=\"50\"><a href=\"https:\/\/www.tuecher-buecher.de\/wp-content\/uploads\/2026\/04\/Matinee-12April2026-Solidaritaetslied-02530.jpg\" title=\"Matinee-12April2026-Solidarita\u0308tslied-02530\"><img loading=\"lazy\" decoding=\"async\" width=\"400\" height=\"284\" src=\"https:\/\/www.tuecher-buecher.de\/wp-content\/uploads\/2026\/04\/Matinee-12April2026-Solidaritaetslied-02530-400x284.jpg\" alt=\"\" class=\"wp-image-3071\" srcset=\"https:\/\/www.tuecher-buecher.de\/wp-content\/uploads\/2026\/04\/Matinee-12April2026-Solidaritaetslied-02530.jpg 479w, https:\/\/www.tuecher-buecher.de\/wp-content\/uploads\/2026\/04\/Matinee-12April2026-Solidaritaetslied-02530-400x284.jpg 480w\" sizes=\"(max-width:479px) 479px, 100vw\" \/><span class=\"et_overlay\" data-icon=\"\" data-icon-tablet=\"\" data-icon-phone=\"\"><\/span><\/a><\/div><\/div><div class=\"et_pb_gallery_item et_pb_grid_item et_pb_gallery_item_0_37\"><div class=\"et_pb_gallery_image landscape\" data-per_page=\"50\"><a href=\"https:\/\/www.tuecher-buecher.de\/wp-content\/uploads\/2026\/04\/Matinee-12April2026-Solidaritaetslied-02533.jpg\" title=\"Matinee-12April2026-Solidarita\u0308tslied-02533\"><img loading=\"lazy\" decoding=\"async\" width=\"400\" height=\"284\" src=\"https:\/\/www.tuecher-buecher.de\/wp-content\/uploads\/2026\/04\/Matinee-12April2026-Solidaritaetslied-02533-400x284.jpg\" alt=\"\" class=\"wp-image-3072\" srcset=\"https:\/\/www.tuecher-buecher.de\/wp-content\/uploads\/2026\/04\/Matinee-12April2026-Solidaritaetslied-02533.jpg 479w, https:\/\/www.tuecher-buecher.de\/wp-content\/uploads\/2026\/04\/Matinee-12April2026-Solidaritaetslied-02533-400x284.jpg 480w\" sizes=\"(max-width:479px) 479px, 100vw\" \/><span class=\"et_overlay\" data-icon=\"\" data-icon-tablet=\"\" data-icon-phone=\"\"><\/span><\/a><\/div><\/div><\/div><div class=\"et_pb_gallery_pagination\"><\/div><\/div>\n<\/div>\n<\/div>\n<\/div>\n\n<div class=\"et_pb_section_1 et_pb_section et_section_regular et_flex_section\"><\/div>","protected":false},"excerpt":{"rendered":"<p>Hier sehen Sie Fotos von der Matin\u00e8e zum Solidarit\u00e4tslied mit Karla Andr\u00e4 (S\u00e4ngerin, Schauspielerin). Moderation: Dr. Ingvild Richardsen (Kuratorin) und Uta L\u00f6hrer (BLZ).<\/p>\n","protected":false},"author":1,"featured_media":3065,"comment_status":"closed","ping_status":"closed","sticky":false,"template":"","format":"standard","meta":{"footnotes":""},"categories":[52,132],"tags":[],"class_list":["post-3032","post","type-post","status-publish","format-standard","has-post-thumbnail","hentry","category-aktuelles","category-galerie"],"yoast_head":"<!-- This site is optimized with the Yoast SEO plugin v27.4 - https:\/\/yoast.com\/product\/yoast-seo-wordpress\/ -->\n<title>Bilder der Matin\u00e8e am 12. April - Auf den Spuren von Brechts \u201eSolidarit\u00e4tslied\u201c \u2013 1933\/1934: Hein Kohn und Ernst Busch - T\u00fccher und B\u00fccher<\/title>\n<meta name=\"robots\" content=\"index, follow, max-snippet:-1, max-image-preview:large, max-video-preview:-1\" \/>\n<link rel=\"canonical\" href=\"https:\/\/www.tuecher-buecher.de\/index.php\/2026\/04\/21\/bilder-der-matinee-am-12-april-auf-den-spuren-von-brechts-solidaritaetslied-1933-1934-hein-kohn-und-ernst-busch\/\" \/>\n<meta property=\"og:locale\" content=\"de_DE\" \/>\n<meta property=\"og:type\" content=\"article\" \/>\n<meta property=\"og:title\" content=\"Bilder der Matin\u00e8e am 12. April - Auf den Spuren von Brechts \u201eSolidarit\u00e4tslied\u201c \u2013 1933\/1934: Hein Kohn und Ernst Busch - T\u00fccher und B\u00fccher\" \/>\n<meta property=\"og:description\" content=\"Hier sehen Sie Fotos von der Matin\u00e8e zum Solidarit\u00e4tslied mit Karla Andr\u00e4 (S\u00e4ngerin, Schauspielerin). Moderation: Dr. Ingvild Richardsen (Kuratorin) und Uta L\u00f6hrer (BLZ).\" \/>\n<meta property=\"og:url\" content=\"https:\/\/www.tuecher-buecher.de\/index.php\/2026\/04\/21\/bilder-der-matinee-am-12-april-auf-den-spuren-von-brechts-solidaritaetslied-1933-1934-hein-kohn-und-ernst-busch\/\" \/>\n<meta property=\"og:site_name\" content=\"T\u00fccher und B\u00fccher\" \/>\n<meta property=\"article:published_time\" content=\"2026-04-21T13:32:14+00:00\" \/>\n<meta property=\"article:modified_time\" content=\"2026-04-21T13:33:59+00:00\" \/>\n<meta property=\"og:image\" content=\"https:\/\/www.tuecher-buecher.de\/wp-content\/uploads\/2026\/04\/Matinee-12April2026-Solidaritaetslied-02504.jpg\" \/>\n\t<meta property=\"og:image:width\" content=\"2000\" \/>\n\t<meta property=\"og:image:height\" content=\"1333\" \/>\n\t<meta property=\"og:image:type\" content=\"image\/jpeg\" \/>\n<meta name=\"author\" content=\"admin\" \/>\n<meta name=\"twitter:card\" content=\"summary_large_image\" \/>\n<meta name=\"twitter:label1\" content=\"Geschrieben von\" \/>\n\t<meta name=\"twitter:data1\" content=\"admin\" \/>\n\t<meta name=\"twitter:label2\" content=\"Gesch\u00e4tzte Lesezeit\" \/>\n\t<meta name=\"twitter:data2\" content=\"1\u00a0Minute\" \/>\n<script type=\"application\/ld+json\" class=\"yoast-schema-graph\">{\"@context\":\"https:\\\/\\\/schema.org\",\"@graph\":[{\"@type\":\"Article\",\"@id\":\"https:\\\/\\\/www.tuecher-buecher.de\\\/index.php\\\/2026\\\/04\\\/21\\\/bilder-der-matinee-am-12-april-auf-den-spuren-von-brechts-solidaritaetslied-1933-1934-hein-kohn-und-ernst-busch\\\/#article\",\"isPartOf\":{\"@id\":\"https:\\\/\\\/www.tuecher-buecher.de\\\/index.php\\\/2026\\\/04\\\/21\\\/bilder-der-matinee-am-12-april-auf-den-spuren-von-brechts-solidaritaetslied-1933-1934-hein-kohn-und-ernst-busch\\\/\"},\"author\":{\"name\":\"admin\",\"@id\":\"https:\\\/\\\/www.tuecher-buecher.de\\\/#\\\/schema\\\/person\\\/9f0102919684cf0e9671aec8a68b883a\"},\"headline\":\"Bilder der Matin\u00e8e am 12. April &#8211; Auf den Spuren von Brechts \u201eSolidarit\u00e4tslied\u201c \u2013 1933\\\/1934: Hein Kohn und Ernst Busch\",\"datePublished\":\"2026-04-21T13:32:14+00:00\",\"dateModified\":\"2026-04-21T13:33:59+00:00\",\"mainEntityOfPage\":{\"@id\":\"https:\\\/\\\/www.tuecher-buecher.de\\\/index.php\\\/2026\\\/04\\\/21\\\/bilder-der-matinee-am-12-april-auf-den-spuren-von-brechts-solidaritaetslied-1933-1934-hein-kohn-und-ernst-busch\\\/\"},\"wordCount\":19,\"publisher\":{\"@id\":\"https:\\\/\\\/www.tuecher-buecher.de\\\/#organization\"},\"image\":{\"@id\":\"https:\\\/\\\/www.tuecher-buecher.de\\\/index.php\\\/2026\\\/04\\\/21\\\/bilder-der-matinee-am-12-april-auf-den-spuren-von-brechts-solidaritaetslied-1933-1934-hein-kohn-und-ernst-busch\\\/#primaryimage\"},\"thumbnailUrl\":\"https:\\\/\\\/www.tuecher-buecher.de\\\/wp-content\\\/uploads\\\/2026\\\/04\\\/Matinee-12April2026-Solidaritaetslied-02504.jpg\",\"articleSection\":[\"Aktuelles\",\"Galerie\"],\"inLanguage\":\"de\"},{\"@type\":\"WebPage\",\"@id\":\"https:\\\/\\\/www.tuecher-buecher.de\\\/index.php\\\/2026\\\/04\\\/21\\\/bilder-der-matinee-am-12-april-auf-den-spuren-von-brechts-solidaritaetslied-1933-1934-hein-kohn-und-ernst-busch\\\/\",\"url\":\"https:\\\/\\\/www.tuecher-buecher.de\\\/index.php\\\/2026\\\/04\\\/21\\\/bilder-der-matinee-am-12-april-auf-den-spuren-von-brechts-solidaritaetslied-1933-1934-hein-kohn-und-ernst-busch\\\/\",\"name\":\"Bilder der Matin\u00e8e am 12. April - Auf den Spuren von Brechts \u201eSolidarit\u00e4tslied\u201c \u2013 1933\\\/1934: Hein Kohn und Ernst Busch - T\u00fccher und B\u00fccher\",\"isPartOf\":{\"@id\":\"https:\\\/\\\/www.tuecher-buecher.de\\\/#website\"},\"primaryImageOfPage\":{\"@id\":\"https:\\\/\\\/www.tuecher-buecher.de\\\/index.php\\\/2026\\\/04\\\/21\\\/bilder-der-matinee-am-12-april-auf-den-spuren-von-brechts-solidaritaetslied-1933-1934-hein-kohn-und-ernst-busch\\\/#primaryimage\"},\"image\":{\"@id\":\"https:\\\/\\\/www.tuecher-buecher.de\\\/index.php\\\/2026\\\/04\\\/21\\\/bilder-der-matinee-am-12-april-auf-den-spuren-von-brechts-solidaritaetslied-1933-1934-hein-kohn-und-ernst-busch\\\/#primaryimage\"},\"thumbnailUrl\":\"https:\\\/\\\/www.tuecher-buecher.de\\\/wp-content\\\/uploads\\\/2026\\\/04\\\/Matinee-12April2026-Solidaritaetslied-02504.jpg\",\"datePublished\":\"2026-04-21T13:32:14+00:00\",\"dateModified\":\"2026-04-21T13:33:59+00:00\",\"breadcrumb\":{\"@id\":\"https:\\\/\\\/www.tuecher-buecher.de\\\/index.php\\\/2026\\\/04\\\/21\\\/bilder-der-matinee-am-12-april-auf-den-spuren-von-brechts-solidaritaetslied-1933-1934-hein-kohn-und-ernst-busch\\\/#breadcrumb\"},\"inLanguage\":\"de\",\"potentialAction\":[{\"@type\":\"ReadAction\",\"target\":[\"https:\\\/\\\/www.tuecher-buecher.de\\\/index.php\\\/2026\\\/04\\\/21\\\/bilder-der-matinee-am-12-april-auf-den-spuren-von-brechts-solidaritaetslied-1933-1934-hein-kohn-und-ernst-busch\\\/\"]}]},{\"@type\":\"ImageObject\",\"inLanguage\":\"de\",\"@id\":\"https:\\\/\\\/www.tuecher-buecher.de\\\/index.php\\\/2026\\\/04\\\/21\\\/bilder-der-matinee-am-12-april-auf-den-spuren-von-brechts-solidaritaetslied-1933-1934-hein-kohn-und-ernst-busch\\\/#primaryimage\",\"url\":\"https:\\\/\\\/www.tuecher-buecher.de\\\/wp-content\\\/uploads\\\/2026\\\/04\\\/Matinee-12April2026-Solidaritaetslied-02504.jpg\",\"contentUrl\":\"https:\\\/\\\/www.tuecher-buecher.de\\\/wp-content\\\/uploads\\\/2026\\\/04\\\/Matinee-12April2026-Solidaritaetslied-02504.jpg\",\"width\":2000,\"height\":1333},{\"@type\":\"BreadcrumbList\",\"@id\":\"https:\\\/\\\/www.tuecher-buecher.de\\\/index.php\\\/2026\\\/04\\\/21\\\/bilder-der-matinee-am-12-april-auf-den-spuren-von-brechts-solidaritaetslied-1933-1934-hein-kohn-und-ernst-busch\\\/#breadcrumb\",\"itemListElement\":[{\"@type\":\"ListItem\",\"position\":1,\"name\":\"Home\",\"item\":\"https:\\\/\\\/www.tuecher-buecher.de\\\/\"},{\"@type\":\"ListItem\",\"position\":2,\"name\":\"Bilder der Matin\u00e8e am 12. April &#8211; Auf den Spuren von Brechts \u201eSolidarit\u00e4tslied\u201c \u2013 1933\\\/1934: Hein Kohn und Ernst Busch\"}]},{\"@type\":\"WebSite\",\"@id\":\"https:\\\/\\\/www.tuecher-buecher.de\\\/#website\",\"url\":\"https:\\\/\\\/www.tuecher-buecher.de\\\/\",\"name\":\"T\u00fccher und B\u00fccher\",\"description\":\"Die Sonderausstellung im Brechthaus\",\"publisher\":{\"@id\":\"https:\\\/\\\/www.tuecher-buecher.de\\\/#organization\"},\"potentialAction\":[{\"@type\":\"SearchAction\",\"target\":{\"@type\":\"EntryPoint\",\"urlTemplate\":\"https:\\\/\\\/www.tuecher-buecher.de\\\/?s={search_term_string}\"},\"query-input\":{\"@type\":\"PropertyValueSpecification\",\"valueRequired\":true,\"valueName\":\"search_term_string\"}}],\"inLanguage\":\"de\"},{\"@type\":\"Organization\",\"@id\":\"https:\\\/\\\/www.tuecher-buecher.de\\\/#organization\",\"name\":\"T\u00fccher und B\u00fccher\",\"url\":\"https:\\\/\\\/www.tuecher-buecher.de\\\/\",\"logo\":{\"@type\":\"ImageObject\",\"inLanguage\":\"de\",\"@id\":\"https:\\\/\\\/www.tuecher-buecher.de\\\/#\\\/schema\\\/logo\\\/image\\\/\",\"url\":\"https:\\\/\\\/www.tuecher-buecher.de\\\/wp-content\\\/uploads\\\/2026\\\/02\\\/favicon-Tuecher-und-Buecher.jpg\",\"contentUrl\":\"https:\\\/\\\/www.tuecher-buecher.de\\\/wp-content\\\/uploads\\\/2026\\\/02\\\/favicon-Tuecher-und-Buecher.jpg\",\"width\":600,\"height\":600,\"caption\":\"T\u00fccher und B\u00fccher\"},\"image\":{\"@id\":\"https:\\\/\\\/www.tuecher-buecher.de\\\/#\\\/schema\\\/logo\\\/image\\\/\"}},{\"@type\":\"Person\",\"@id\":\"https:\\\/\\\/www.tuecher-buecher.de\\\/#\\\/schema\\\/person\\\/9f0102919684cf0e9671aec8a68b883a\",\"name\":\"admin\",\"image\":{\"@type\":\"ImageObject\",\"inLanguage\":\"de\",\"@id\":\"https:\\\/\\\/secure.gravatar.com\\\/avatar\\\/875e90aaa320b724ef55902dcb50b509c0dc0c544690207354b9f79c323ec36e?s=96&d=mm&r=g\",\"url\":\"https:\\\/\\\/secure.gravatar.com\\\/avatar\\\/875e90aaa320b724ef55902dcb50b509c0dc0c544690207354b9f79c323ec36e?s=96&d=mm&r=g\",\"contentUrl\":\"https:\\\/\\\/secure.gravatar.com\\\/avatar\\\/875e90aaa320b724ef55902dcb50b509c0dc0c544690207354b9f79c323ec36e?s=96&d=mm&r=g\",\"caption\":\"admin\"},\"url\":\"https:\\\/\\\/www.tuecher-buecher.de\\\/index.php\\\/author\\\/creativejam\\\/\"}]}<\/script>\n<!-- \/ Yoast SEO plugin. -->","yoast_head_json":{"title":"Bilder der Matin\u00e8e am 12. April - Auf den Spuren von Brechts \u201eSolidarit\u00e4tslied\u201c \u2013 1933\/1934: Hein Kohn und Ernst Busch - T\u00fccher und B\u00fccher","robots":{"index":"index","follow":"follow","max-snippet":"max-snippet:-1","max-image-preview":"max-image-preview:large","max-video-preview":"max-video-preview:-1"},"canonical":"https:\/\/www.tuecher-buecher.de\/index.php\/2026\/04\/21\/bilder-der-matinee-am-12-april-auf-den-spuren-von-brechts-solidaritaetslied-1933-1934-hein-kohn-und-ernst-busch\/","og_locale":"de_DE","og_type":"article","og_title":"Bilder der Matin\u00e8e am 12. April - Auf den Spuren von Brechts \u201eSolidarit\u00e4tslied\u201c \u2013 1933\/1934: Hein Kohn und Ernst Busch - T\u00fccher und B\u00fccher","og_description":"Hier sehen Sie Fotos von der Matin\u00e8e zum Solidarit\u00e4tslied mit Karla Andr\u00e4 (S\u00e4ngerin, Schauspielerin). Moderation: Dr. Ingvild Richardsen (Kuratorin) und Uta L\u00f6hrer (BLZ).","og_url":"https:\/\/www.tuecher-buecher.de\/index.php\/2026\/04\/21\/bilder-der-matinee-am-12-april-auf-den-spuren-von-brechts-solidaritaetslied-1933-1934-hein-kohn-und-ernst-busch\/","og_site_name":"T\u00fccher und B\u00fccher","article_published_time":"2026-04-21T13:32:14+00:00","article_modified_time":"2026-04-21T13:33:59+00:00","og_image":[{"width":2000,"height":1333,"url":"https:\/\/www.tuecher-buecher.de\/wp-content\/uploads\/2026\/04\/Matinee-12April2026-Solidaritaetslied-02504.jpg","type":"image\/jpeg"}],"author":"admin","twitter_card":"summary_large_image","twitter_misc":{"Geschrieben von":"admin","Gesch\u00e4tzte Lesezeit":"1\u00a0Minute"},"schema":{"@context":"https:\/\/schema.org","@graph":[{"@type":"Article","@id":"https:\/\/www.tuecher-buecher.de\/index.php\/2026\/04\/21\/bilder-der-matinee-am-12-april-auf-den-spuren-von-brechts-solidaritaetslied-1933-1934-hein-kohn-und-ernst-busch\/#article","isPartOf":{"@id":"https:\/\/www.tuecher-buecher.de\/index.php\/2026\/04\/21\/bilder-der-matinee-am-12-april-auf-den-spuren-von-brechts-solidaritaetslied-1933-1934-hein-kohn-und-ernst-busch\/"},"author":{"name":"admin","@id":"https:\/\/www.tuecher-buecher.de\/#\/schema\/person\/9f0102919684cf0e9671aec8a68b883a"},"headline":"Bilder der Matin\u00e8e am 12. April &#8211; Auf den Spuren von Brechts \u201eSolidarit\u00e4tslied\u201c \u2013 1933\/1934: Hein Kohn und Ernst Busch","datePublished":"2026-04-21T13:32:14+00:00","dateModified":"2026-04-21T13:33:59+00:00","mainEntityOfPage":{"@id":"https:\/\/www.tuecher-buecher.de\/index.php\/2026\/04\/21\/bilder-der-matinee-am-12-april-auf-den-spuren-von-brechts-solidaritaetslied-1933-1934-hein-kohn-und-ernst-busch\/"},"wordCount":19,"publisher":{"@id":"https:\/\/www.tuecher-buecher.de\/#organization"},"image":{"@id":"https:\/\/www.tuecher-buecher.de\/index.php\/2026\/04\/21\/bilder-der-matinee-am-12-april-auf-den-spuren-von-brechts-solidaritaetslied-1933-1934-hein-kohn-und-ernst-busch\/#primaryimage"},"thumbnailUrl":"https:\/\/www.tuecher-buecher.de\/wp-content\/uploads\/2026\/04\/Matinee-12April2026-Solidaritaetslied-02504.jpg","articleSection":["Aktuelles","Galerie"],"inLanguage":"de"},{"@type":"WebPage","@id":"https:\/\/www.tuecher-buecher.de\/index.php\/2026\/04\/21\/bilder-der-matinee-am-12-april-auf-den-spuren-von-brechts-solidaritaetslied-1933-1934-hein-kohn-und-ernst-busch\/","url":"https:\/\/www.tuecher-buecher.de\/index.php\/2026\/04\/21\/bilder-der-matinee-am-12-april-auf-den-spuren-von-brechts-solidaritaetslied-1933-1934-hein-kohn-und-ernst-busch\/","name":"Bilder der Matin\u00e8e am 12. April - Auf den Spuren von Brechts \u201eSolidarit\u00e4tslied\u201c \u2013 1933\/1934: Hein Kohn und Ernst Busch - T\u00fccher und B\u00fccher","isPartOf":{"@id":"https:\/\/www.tuecher-buecher.de\/#website"},"primaryImageOfPage":{"@id":"https:\/\/www.tuecher-buecher.de\/index.php\/2026\/04\/21\/bilder-der-matinee-am-12-april-auf-den-spuren-von-brechts-solidaritaetslied-1933-1934-hein-kohn-und-ernst-busch\/#primaryimage"},"image":{"@id":"https:\/\/www.tuecher-buecher.de\/index.php\/2026\/04\/21\/bilder-der-matinee-am-12-april-auf-den-spuren-von-brechts-solidaritaetslied-1933-1934-hein-kohn-und-ernst-busch\/#primaryimage"},"thumbnailUrl":"https:\/\/www.tuecher-buecher.de\/wp-content\/uploads\/2026\/04\/Matinee-12April2026-Solidaritaetslied-02504.jpg","datePublished":"2026-04-21T13:32:14+00:00","dateModified":"2026-04-21T13:33:59+00:00","breadcrumb":{"@id":"https:\/\/www.tuecher-buecher.de\/index.php\/2026\/04\/21\/bilder-der-matinee-am-12-april-auf-den-spuren-von-brechts-solidaritaetslied-1933-1934-hein-kohn-und-ernst-busch\/#breadcrumb"},"inLanguage":"de","potentialAction":[{"@type":"ReadAction","target":["https:\/\/www.tuecher-buecher.de\/index.php\/2026\/04\/21\/bilder-der-matinee-am-12-april-auf-den-spuren-von-brechts-solidaritaetslied-1933-1934-hein-kohn-und-ernst-busch\/"]}]},{"@type":"ImageObject","inLanguage":"de","@id":"https:\/\/www.tuecher-buecher.de\/index.php\/2026\/04\/21\/bilder-der-matinee-am-12-april-auf-den-spuren-von-brechts-solidaritaetslied-1933-1934-hein-kohn-und-ernst-busch\/#primaryimage","url":"https:\/\/www.tuecher-buecher.de\/wp-content\/uploads\/2026\/04\/Matinee-12April2026-Solidaritaetslied-02504.jpg","contentUrl":"https:\/\/www.tuecher-buecher.de\/wp-content\/uploads\/2026\/04\/Matinee-12April2026-Solidaritaetslied-02504.jpg","width":2000,"height":1333},{"@type":"BreadcrumbList","@id":"https:\/\/www.tuecher-buecher.de\/index.php\/2026\/04\/21\/bilder-der-matinee-am-12-april-auf-den-spuren-von-brechts-solidaritaetslied-1933-1934-hein-kohn-und-ernst-busch\/#breadcrumb","itemListElement":[{"@type":"ListItem","position":1,"name":"Home","item":"https:\/\/www.tuecher-buecher.de\/"},{"@type":"ListItem","position":2,"name":"Bilder der Matin\u00e8e am 12. April &#8211; Auf den Spuren von Brechts \u201eSolidarit\u00e4tslied\u201c \u2013 1933\/1934: Hein Kohn und Ernst Busch"}]},{"@type":"WebSite","@id":"https:\/\/www.tuecher-buecher.de\/#website","url":"https:\/\/www.tuecher-buecher.de\/","name":"T\u00fccher und B\u00fccher","description":"Die Sonderausstellung im Brechthaus","publisher":{"@id":"https:\/\/www.tuecher-buecher.de\/#organization"},"potentialAction":[{"@type":"SearchAction","target":{"@type":"EntryPoint","urlTemplate":"https:\/\/www.tuecher-buecher.de\/?s={search_term_string}"},"query-input":{"@type":"PropertyValueSpecification","valueRequired":true,"valueName":"search_term_string"}}],"inLanguage":"de"},{"@type":"Organization","@id":"https:\/\/www.tuecher-buecher.de\/#organization","name":"T\u00fccher und B\u00fccher","url":"https:\/\/www.tuecher-buecher.de\/","logo":{"@type":"ImageObject","inLanguage":"de","@id":"https:\/\/www.tuecher-buecher.de\/#\/schema\/logo\/image\/","url":"https:\/\/www.tuecher-buecher.de\/wp-content\/uploads\/2026\/02\/favicon-Tuecher-und-Buecher.jpg","contentUrl":"https:\/\/www.tuecher-buecher.de\/wp-content\/uploads\/2026\/02\/favicon-Tuecher-und-Buecher.jpg","width":600,"height":600,"caption":"T\u00fccher und B\u00fccher"},"image":{"@id":"https:\/\/www.tuecher-buecher.de\/#\/schema\/logo\/image\/"}},{"@type":"Person","@id":"https:\/\/www.tuecher-buecher.de\/#\/schema\/person\/9f0102919684cf0e9671aec8a68b883a","name":"admin","image":{"@type":"ImageObject","inLanguage":"de","@id":"https:\/\/secure.gravatar.com\/avatar\/875e90aaa320b724ef55902dcb50b509c0dc0c544690207354b9f79c323ec36e?s=96&d=mm&r=g","url":"https:\/\/secure.gravatar.com\/avatar\/875e90aaa320b724ef55902dcb50b509c0dc0c544690207354b9f79c323ec36e?s=96&d=mm&r=g","contentUrl":"https:\/\/secure.gravatar.com\/avatar\/875e90aaa320b724ef55902dcb50b509c0dc0c544690207354b9f79c323ec36e?s=96&d=mm&r=g","caption":"admin"},"url":"https:\/\/www.tuecher-buecher.de\/index.php\/author\/creativejam\/"}]}},"_links":{"self":[{"href":"https:\/\/www.tuecher-buecher.de\/index.php\/wp-json\/wp\/v2\/posts\/3032","targetHints":{"allow":["GET"]}}],"collection":[{"href":"https:\/\/www.tuecher-buecher.de\/index.php\/wp-json\/wp\/v2\/posts"}],"about":[{"href":"https:\/\/www.tuecher-buecher.de\/index.php\/wp-json\/wp\/v2\/types\/post"}],"author":[{"embeddable":true,"href":"https:\/\/www.tuecher-buecher.de\/index.php\/wp-json\/wp\/v2\/users\/1"}],"replies":[{"embeddable":true,"href":"https:\/\/www.tuecher-buecher.de\/index.php\/wp-json\/wp\/v2\/comments?post=3032"}],"version-history":[{"count":5,"href":"https:\/\/www.tuecher-buecher.de\/index.php\/wp-json\/wp\/v2\/posts\/3032\/revisions"}],"predecessor-version":[{"id":3075,"href":"https:\/\/www.tuecher-buecher.de\/index.php\/wp-json\/wp\/v2\/posts\/3032\/revisions\/3075"}],"wp:featuredmedia":[{"embeddable":true,"href":"https:\/\/www.tuecher-buecher.de\/index.php\/wp-json\/wp\/v2\/media\/3065"}],"wp:attachment":[{"href":"https:\/\/www.tuecher-buecher.de\/index.php\/wp-json\/wp\/v2\/media?parent=3032"}],"wp:term":[{"taxonomy":"category","embeddable":true,"href":"https:\/\/www.tuecher-buecher.de\/index.php\/wp-json\/wp\/v2\/categories?post=3032"},{"taxonomy":"post_tag","embeddable":true,"href":"https:\/\/www.tuecher-buecher.de\/index.php\/wp-json\/wp\/v2\/tags?post=3032"}],"curies":[{"name":"wp","href":"https:\/\/api.w.org\/{rel}","templated":true}]}}